{"id":3922,"date":"2023-03-22T09:43:09","date_gmt":"2023-03-22T08:43:09","guid":{"rendered":"http:\/\/www.comiteactionpalestine.org\/word\/?p=3922"},"modified":"2023-04-02T14:00:57","modified_gmt":"2023-04-02T13:00:57","slug":"la-liberte-ou-le-martyr","status":"publish","type":"post","link":"http:\/\/www.comiteactionpalestine.org\/word\/la-liberte-ou-le-martyr\/","title":{"rendered":"\u00ab\u00a0LA LIBERT\u00c9 OU LE MARTYR\u00a0\u00bb"},"content":{"rendered":"<div class=\"pdfprnt-buttons pdfprnt-buttons-post pdfprnt-top-right\"><a href=\"http:\/\/www.comiteactionpalestine.org\/word\/wp-json\/wp\/v2\/posts\/3922?print=pdf\" class=\"pdfprnt-button pdfprnt-button-pdf\" target=\"_blank\"><img decoding=\"async\" src=\"http:\/\/www.comiteactionpalestine.org\/word\/wp-content\/plugins\/pdf-print\/images\/pdf.png\" alt=\"image_pdf\" title=\"Afficher le PDF\" \/><\/a><a href=\"http:\/\/www.comiteactionpalestine.org\/word\/wp-json\/wp\/v2\/posts\/3922?print=print\" class=\"pdfprnt-button pdfprnt-button-print\" target=\"_blank\"><img decoding=\"async\" src=\"http:\/\/www.comiteactionpalestine.org\/word\/wp-content\/plugins\/pdf-print\/images\/print.png\" alt=\"image_print\" title=\"Contenu imprim\u00e9\" \/><\/a><\/div>\n<p><\/p>\n\n\n\n<p><strong>D\u00e9claration des leaders du mouvement national des prisonniers qui d\u00e9buteront leur gr\u00e8ve illimit\u00e9e :<\/strong><\/p>\n\n\n\n<p>&#x2705;\u00ab Nous ferons la gr\u00e8ve illimit\u00e9e de la faim avec une volont\u00e9 ferme et inflexible, portant nos \u00e2mes sur nos mains\u2026 si n\u00e9cessaire, nous accueillerons la mort qui nous lib\u00e8rera de notre captivit\u00e9\u2026 La libert\u00e9 est notre seule demande. \u00bb<\/p>\n\n\n\n<p>&#x2705;\u00ab Un peu de temps et quelques pas, et notre bataille pour la libert\u00e9 et la dignit\u00e9 commencera et notre arm\u00e9e se d\u00e9placera, arm\u00e9e de la seule foi en Dieu, celle d&rsquo;une volont\u00e9 ferme et inflexible. \u00bb<\/p>\n\n\n\n<p>&#x2705;\u00ab Notre confiance en notre peuple, en notre r\u00e9sistance, en notre nation arabe et islamique, aux peuples libres du monde, nous permettront de d\u00e9passer les affres d\u2019un estomac vide. \u00bb<\/p>\n\n\n\n<p>&#x2705;\u00ab Notre message s\u2019adresse aussi \u00e0 vous, si nous ne revenons pas de cette \u00e9preuve, nous compterons uniquement sur Dieu, marchant sur le chemin de la r\u00e9sistance et du martyr. Tout cela pour votre bien et pour vous d\u00e9barrasser de l&rsquo;injustice. \u00bb<\/p>\n\n\n\n<p>&#x2705;\u00ab \u00d4, enfants de notre peuple, la victoire nous appartiendra, car nous sommes plus forts, plus engag\u00e9s et plus d\u00e9termin\u00e9s que ne le pense l&rsquo;ennemi, et il ne pourra pas, avec toute sa faible force, nous retirer cela. \u00bb<\/p>\n\n\n\n<p>&#x2705;\u00ab A toutes nos familles respectives, tout ce que vous avez \u00e0 faire est de patienter devant l\u2019\u00e9preuve qui nous arrive, la r\u00e9compense sera grande pour les patients. \u00bb<\/p>\n\n\n\n<p>&#x2705;\u00ab Oh mon Dieu, nous avons travers\u00e9 cette vie et nos \u00e9preuves ne comptant que sur Toi, levant la banni\u00e8re de la justice et de la dignit\u00e9 que ne nous d\u00e9laisserons jamais, accepte nos belles \u0153uvres et notre juste r\u00e9sistance, pardonne-nous et fais de nous des gens de sinc\u00e9rit\u00e9 et de droiture. \u00bb<\/p>\n\n\n\n<p>Mars 2023<\/p>\n\n\n\n<p>Source : Telegram &#8211; Nouvelles de Palestine  <\/p>\n","protected":false},"excerpt":{"rendered":"<p>D\u00e9claration des leaders du mouvement national des prisonniers qui d\u00e9buteront leur gr\u00e8ve illimit\u00e9e : &#x2705;\u00ab Nous ferons la gr\u00e8ve illimit\u00e9e de la faim avec une volont\u00e9 ferme et inflexible, portant nos \u00e2mes sur nos mains\u2026 si n\u00e9cessaire, nous accueillerons la mort qui nous lib\u00e8rera de notre captivit\u00e9\u2026 La libert\u00e9 est notre seule demande. \u00bb &#x2705;\u00ab [&hellip;]<\/p>\n","protected":false},"author":1,"featured_media":3923,"comment_status":"closed","ping_status":"closed","sticky":false,"template":"","format":"standard","meta":{"footnotes":""},"categories":[25,9],"tags":[],"class_list":["post-3922","post","type-post","status-publish","format-standard","has-post-thumbnail","hentry","category-a-la-une","category-prisonniers"],"views":1487,"_links":{"self":[{"href":"http:\/\/www.comiteactionpalestine.org\/word\/wp-json\/wp\/v2\/posts\/3922","targetHints":{"allow":["GET"]}}],"collection":[{"href":"http:\/\/www.comiteactionpalestine.org\/word\/wp-json\/wp\/v2\/posts"}],"about":[{"href":"http:\/\/www.comiteactionpalestine.org\/word\/wp-json\/wp\/v2\/types\/post"}],"author":[{"embeddable":true,"href":"http:\/\/www.comiteactionpalestine.org\/word\/wp-json\/wp\/v2\/users\/1"}],"replies":[{"embeddable":true,"href":"http:\/\/www.comiteactionpalestine.org\/word\/wp-json\/wp\/v2\/comments?post=3922"}],"version-history":[{"count":2,"href":"http:\/\/www.comiteactionpalestine.org\/word\/wp-json\/wp\/v2\/posts\/3922\/revisions"}],"predecessor-version":[{"id":3926,"href":"http:\/\/www.comiteactionpalestine.org\/word\/wp-json\/wp\/v2\/posts\/3922\/revisions\/3926"}],"wp:featuredmedia":[{"embeddable":true,"href":"http:\/\/www.comiteactionpalestine.org\/word\/wp-json\/wp\/v2\/media\/3923"}],"wp:attachment":[{"href":"http:\/\/www.comiteactionpalestine.org\/word\/wp-json\/wp\/v2\/media?parent=3922"}],"wp:term":[{"taxonomy":"category","embeddable":true,"href":"http:\/\/www.comiteactionpalestine.org\/word\/wp-json\/wp\/v2\/categories?post=3922"},{"taxonomy":"post_tag","embeddable":true,"href":"http:\/\/www.comiteactionpalestine.org\/word\/wp-json\/wp\/v2\/tags?post=3922"}],"curies":[{"name":"wp","href":"https:\/\/api.w.org\/{rel}","templated":true}]}}