{"id":3888,"date":"2022-11-25T20:43:43","date_gmt":"2022-11-25T19:43:43","guid":{"rendered":"https:\/\/www.comiteactionpalestine.org\/word\/?p=3888"},"modified":"2022-11-25T20:43:45","modified_gmt":"2022-11-25T19:43:45","slug":"soutien-au-bloc-lorrain","status":"publish","type":"post","link":"http:\/\/www.comiteactionpalestine.org\/word\/soutien-au-bloc-lorrain\/","title":{"rendered":"Soutien au Bloc lorrain"},"content":{"rendered":"<div class=\"pdfprnt-buttons pdfprnt-buttons-post pdfprnt-top-right\"><a href=\"http:\/\/www.comiteactionpalestine.org\/word\/wp-json\/wp\/v2\/posts\/3888?print=pdf\" class=\"pdfprnt-button pdfprnt-button-pdf\" target=\"_blank\"><img decoding=\"async\" src=\"http:\/\/www.comiteactionpalestine.org\/word\/wp-content\/plugins\/pdf-print\/images\/pdf.png\" alt=\"image_pdf\" title=\"Afficher le PDF\" \/><\/a><a href=\"http:\/\/www.comiteactionpalestine.org\/word\/wp-json\/wp\/v2\/posts\/3888?print=print\" class=\"pdfprnt-button pdfprnt-button-print\" target=\"_blank\"><img decoding=\"async\" src=\"http:\/\/www.comiteactionpalestine.org\/word\/wp-content\/plugins\/pdf-print\/images\/print.png\" alt=\"image_print\" title=\"Contenu imprim\u00e9\" \/><\/a><\/div>\n<p>Comit\u00e9 Action Palestine, le 25 Novembre 2022<\/p>\n\n\n\n<p>Le gouvernement fran\u00e7ais a encore frapp\u00e9 en pronon\u00e7ant le 23 Novembre 2022 un nouveau d\u00e9cret de dissolution d\u2019une association. Il s\u2019agit cette fois-ci du Bloc Lorrain, tr\u00e8s actif dans le Mouvement des Gilets Jaunes, connu pour ses distributions de colis alimentaires et quelques actions d\u2019\u00e9clat \u00e0 vis\u00e9e \u00e9cologiste, qui est accus\u00e9 de \u00ab\u00a0l\u00e9gitimer la violence\u00a0\u00bb. Pour le pouvoir, il s\u2019agit avant tout de faire taire toute forme de contestation de l\u2019ordre \u00e9tabli, quelle que soit sa forme et ses r\u00e9f\u00e9rences politiques. A ce titre, le gouvernement fran\u00e7ais n\u2019a rien \u00e0 envier \u00e0 certains pays si facilement et hypocritement montr\u00e9s du doigt pour la r\u00e9pression des opposants. Dans ce contexte \u00e9conomique catastrophique, l\u2019intimidation et la r\u00e9pression ont pour objectif de casser toute vell\u00e9it\u00e9 de mobilisation populaire.<\/p>\n\n\n\n<p>Le Comit\u00e9 Action Palestine d\u00e9nonce fermement cette dissolution et tient \u00e0 exprimer tout son soutien aux militants du Bloc Lorrain. Victime il y a quelques mois de dissolution mise en \u0153uvre par l\u2019Etat fran\u00e7ais, notre association, qui a gagn\u00e9 devant le Conseil d\u2019Etat, encourage le Bloc lorrain \u00e0 continuer le combat et \u00e0 ne rien renier de ses convictions. Seule la lutte paye!<\/p>\n\n\n\n<p>Source de la photo : <a href=\"https:\/\/www.streetpress.com\/sujet\/1667568993-association-antifasciste-nancy-le-bloc-lorrain-menace-dissolution-darmanin-gauche-radicale-ministere-interieur-loi-separatisme\">https:\/\/www.streetpress.com\/sujet\/1667568993-association-antifasciste-nancy-le-bloc-lorrain-menace-dissolution-darmanin-gauche-radicale-ministere-interieur-loi-separatisme<\/a><\/p>\n","protected":false},"excerpt":{"rendered":"<p>Comit\u00e9 Action Palestine, le 25 Novembre 2022 Le gouvernement fran\u00e7ais a encore frapp\u00e9 en pronon\u00e7ant le 23 Novembre 2022 un nouveau d\u00e9cret de dissolution d\u2019une association. Il s\u2019agit cette fois-ci du Bloc Lorrain, tr\u00e8s actif dans le Mouvement des Gilets Jaunes, connu pour ses distributions de colis alimentaires et quelques actions d\u2019\u00e9clat \u00e0 vis\u00e9e \u00e9cologiste, [&hellip;]<\/p>\n","protected":false},"author":1,"featured_media":3889,"comment_status":"closed","ping_status":"closed","sticky":false,"template":"","format":"standard","meta":{"footnotes":""},"categories":[30,5],"tags":[],"class_list":["post-3888","post","type-post","status-publish","format-standard","has-post-thumbnail","hentry","category-actualites","category-communiques"],"views":982,"_links":{"self":[{"href":"http:\/\/www.comiteactionpalestine.org\/word\/wp-json\/wp\/v2\/posts\/3888","targetHints":{"allow":["GET"]}}],"collection":[{"href":"http:\/\/www.comiteactionpalestine.org\/word\/wp-json\/wp\/v2\/posts"}],"about":[{"href":"http:\/\/www.comiteactionpalestine.org\/word\/wp-json\/wp\/v2\/types\/post"}],"author":[{"embeddable":true,"href":"http:\/\/www.comiteactionpalestine.org\/word\/wp-json\/wp\/v2\/users\/1"}],"replies":[{"embeddable":true,"href":"http:\/\/www.comiteactionpalestine.org\/word\/wp-json\/wp\/v2\/comments?post=3888"}],"version-history":[{"count":1,"href":"http:\/\/www.comiteactionpalestine.org\/word\/wp-json\/wp\/v2\/posts\/3888\/revisions"}],"predecessor-version":[{"id":3890,"href":"http:\/\/www.comiteactionpalestine.org\/word\/wp-json\/wp\/v2\/posts\/3888\/revisions\/3890"}],"wp:featuredmedia":[{"embeddable":true,"href":"http:\/\/www.comiteactionpalestine.org\/word\/wp-json\/wp\/v2\/media\/3889"}],"wp:attachment":[{"href":"http:\/\/www.comiteactionpalestine.org\/word\/wp-json\/wp\/v2\/media?parent=3888"}],"wp:term":[{"taxonomy":"category","embeddable":true,"href":"http:\/\/www.comiteactionpalestine.org\/word\/wp-json\/wp\/v2\/categories?post=3888"},{"taxonomy":"post_tag","embeddable":true,"href":"http:\/\/www.comiteactionpalestine.org\/word\/wp-json\/wp\/v2\/tags?post=3888"}],"curies":[{"name":"wp","href":"https:\/\/api.w.org\/{rel}","templated":true}]}}