{"id":3881,"date":"2022-11-24T21:27:51","date_gmt":"2022-11-24T20:27:51","guid":{"rendered":"http:\/\/www.comiteactionpalestine.org\/word\/?p=3881"},"modified":"2023-01-10T18:27:12","modified_gmt":"2023-01-10T17:27:12","slug":"le-comite-action-palestine-a-besoin-de-vous","status":"publish","type":"post","link":"http:\/\/www.comiteactionpalestine.org\/word\/le-comite-action-palestine-a-besoin-de-vous\/","title":{"rendered":"Participez \u00e0 la cagnotte solidaire du Comit\u00e9 Action Palestine !"},"content":{"rendered":"<div class=\"pdfprnt-buttons pdfprnt-buttons-post pdfprnt-top-right\"><a href=\"http:\/\/www.comiteactionpalestine.org\/word\/wp-json\/wp\/v2\/posts\/3881?print=pdf\" class=\"pdfprnt-button pdfprnt-button-pdf\" target=\"_blank\"><img decoding=\"async\" src=\"http:\/\/www.comiteactionpalestine.org\/word\/wp-content\/plugins\/pdf-print\/images\/pdf.png\" alt=\"image_pdf\" title=\"Afficher le PDF\" \/><\/a><a href=\"http:\/\/www.comiteactionpalestine.org\/word\/wp-json\/wp\/v2\/posts\/3881?print=print\" class=\"pdfprnt-button pdfprnt-button-print\" target=\"_blank\"><img decoding=\"async\" src=\"http:\/\/www.comiteactionpalestine.org\/word\/wp-content\/plugins\/pdf-print\/images\/print.png\" alt=\"image_print\" title=\"Contenu imprim\u00e9\" \/><\/a><\/div>\n<p><\/p>\n\n\n\n<p>Il y a de nombreuses mani\u00e8res de soutenir le combat des Palestiniens. Nous appelons ici \u00e0 la solidarit\u00e9 afin que le Comit\u00e9 Action Palestine puisse poursuivre et amplifier ses actions.<\/p>\n\n\n\n<p>En d\u00e9pit de la tentative de dissolution du Comit\u00e9 Action Palestine, l\u2019association reste fid\u00e8le \u00e0 sa mission premi\u00e8re, porter haut et fort en France la voix du peuple palestinien et de sa r\u00e9sistance. Depuis 18 ans, nous avons organis\u00e9 de nombreux \u00e9v\u00e8nements visant \u00e0 donner la parole autant que possible aux int\u00e9ress\u00e9s eux-m\u00eames, \u00e0 savoir les Palestiniens.<\/p>\n\n\n\n<p>Originaire d\u2019Al Quds, Gaza, Ha\u00effa, des camps de r\u00e9fugi\u00e9s au Liban et en Cisjordanie, les Palestiniens ont pu ainsi t\u00e9moigner de la violence coloniale et de leur infatigable d\u00e9termination \u00e0 lib\u00e9rer leur terre.<\/p>\n\n\n\n<p>Manifestations, conf\u00e9rences, \u00e9changes, rencontres de jeunes, spectacle d\u2019enfants, entretiens dans les camps de r\u00e9fugi\u00e9s, exposition de dessins d\u2019enfants des camps, etc.<\/p>\n\n\n\n<p>Toutes ces actions ont un co\u00fbt (transports, h\u00e9bergement\u2026) et malgr\u00e9 le camouflet inflig\u00e9 par le Conseil d\u2019Etat au gouvernement Macron qui voulait nous voir disparaitre, les moyens financiers engag\u00e9s dans la d\u00e9fense de l\u2019association face \u00e0 la r\u00e9pression d\u2019Etat ont compl\u00e8tement \u00e9puis\u00e9 nos finances, rendant difficile la poursuite de nos actions.<\/p>\n\n\n\n<p>L\u2019association ne peut fonctionner sans la g\u00e9n\u00e9rosit\u00e9 des personnes solidaires de notre combat.<\/p>\n\n\n\n<p>Vous pouvez faire un\u00a0don :  <\/p>\n\n\n\n<p><a href=\"https:\/\/www.helloasso.com\/associations\/comite-action-palestine\/formulaires\/1\/widget\">https:\/\/www.helloasso.com\/associations\/comite-action-palestine\/formulaires\/1\/widget<\/a><\/p>\n\n\n\n<p>Vous pouvez \u00e9galement&nbsp;nous rejoindre&nbsp;pour prendre part \u00e0 la lutte au quotidien, o\u00f9 que vous soyez. Nous vous invitons dans ce cas \u00e0 prendre contact avec nous \u00e0 l&rsquo;adresse <a href=\"mailto:actionpalestine@hotmail.com\">actionpalestine@hotmail.com<\/a> ou via Instagram, tweeter ou facebook&nbsp;: Comit\u00e9 Action Palestine).<\/p>\n\n\n\n<p><\/p>\n\n\n\n<p>Le Comit\u00e9 Action Palestine est une association ind\u00e9pendante qui ne demande et ne re\u00e7oit aucune subvention.<\/p>\n","protected":false},"excerpt":{"rendered":"<p>Il y a de nombreuses mani\u00e8res de soutenir le combat des Palestiniens. Nous appelons ici \u00e0 la solidarit\u00e9 afin que le Comit\u00e9 Action Palestine puisse poursuivre et amplifier ses actions. En d\u00e9pit de la tentative de dissolution du Comit\u00e9 Action Palestine, l\u2019association reste fid\u00e8le \u00e0 sa mission premi\u00e8re, porter haut et fort en France la [&hellip;]<\/p>\n","protected":false},"author":1,"featured_media":3884,"comment_status":"closed","ping_status":"closed","sticky":true,"template":"","format":"standard","meta":{"footnotes":""},"categories":[25,5,26],"tags":[],"class_list":["post-3881","post","type-post","status-publish","format-standard","has-post-thumbnail","hentry","category-a-la-une","category-communiques","category-en-avant"],"views":3125,"_links":{"self":[{"href":"http:\/\/www.comiteactionpalestine.org\/word\/wp-json\/wp\/v2\/posts\/3881","targetHints":{"allow":["GET"]}}],"collection":[{"href":"http:\/\/www.comiteactionpalestine.org\/word\/wp-json\/wp\/v2\/posts"}],"about":[{"href":"http:\/\/www.comiteactionpalestine.org\/word\/wp-json\/wp\/v2\/types\/post"}],"author":[{"embeddable":true,"href":"http:\/\/www.comiteactionpalestine.org\/word\/wp-json\/wp\/v2\/users\/1"}],"replies":[{"embeddable":true,"href":"http:\/\/www.comiteactionpalestine.org\/word\/wp-json\/wp\/v2\/comments?post=3881"}],"version-history":[{"count":9,"href":"http:\/\/www.comiteactionpalestine.org\/word\/wp-json\/wp\/v2\/posts\/3881\/revisions"}],"predecessor-version":[{"id":3909,"href":"http:\/\/www.comiteactionpalestine.org\/word\/wp-json\/wp\/v2\/posts\/3881\/revisions\/3909"}],"wp:featuredmedia":[{"embeddable":true,"href":"http:\/\/www.comiteactionpalestine.org\/word\/wp-json\/wp\/v2\/media\/3884"}],"wp:attachment":[{"href":"http:\/\/www.comiteactionpalestine.org\/word\/wp-json\/wp\/v2\/media?parent=3881"}],"wp:term":[{"taxonomy":"category","embeddable":true,"href":"http:\/\/www.comiteactionpalestine.org\/word\/wp-json\/wp\/v2\/categories?post=3881"},{"taxonomy":"post_tag","embeddable":true,"href":"http:\/\/www.comiteactionpalestine.org\/word\/wp-json\/wp\/v2\/tags?post=3881"}],"curies":[{"name":"wp","href":"https:\/\/api.w.org\/{rel}","templated":true}]}}