{"id":3845,"date":"2022-10-26T09:51:20","date_gmt":"2022-10-26T08:51:20","guid":{"rendered":"http:\/\/www.comiteactionpalestine.org\/word\/?p=3845"},"modified":"2022-11-12T15:24:53","modified_gmt":"2022-11-12T14:24:53","slug":"il-ny-a-pas-dautre-voie-alternative-possible","status":"publish","type":"post","link":"http:\/\/www.comiteactionpalestine.org\/word\/il-ny-a-pas-dautre-voie-alternative-possible\/","title":{"rendered":"\u00ab\u00a0Il n&rsquo;y a pas d&rsquo;autre voie alternative possible&#8230;\u00a0\u00bb"},"content":{"rendered":"<div class=\"pdfprnt-buttons pdfprnt-buttons-post pdfprnt-top-right\"><a href=\"http:\/\/www.comiteactionpalestine.org\/word\/wp-json\/wp\/v2\/posts\/3845?print=pdf\" class=\"pdfprnt-button pdfprnt-button-pdf\" target=\"_blank\"><img decoding=\"async\" src=\"http:\/\/www.comiteactionpalestine.org\/word\/wp-content\/plugins\/pdf-print\/images\/pdf.png\" alt=\"image_pdf\" title=\"Afficher le PDF\" \/><\/a><a href=\"http:\/\/www.comiteactionpalestine.org\/word\/wp-json\/wp\/v2\/posts\/3845?print=print\" class=\"pdfprnt-button pdfprnt-button-print\" target=\"_blank\"><img decoding=\"async\" src=\"http:\/\/www.comiteactionpalestine.org\/word\/wp-content\/plugins\/pdf-print\/images\/print.png\" alt=\"image_print\" title=\"Contenu imprim\u00e9\" \/><\/a><\/div>\n<p><strong>Lannemezan 2022 : d\u00e9claration de la Campagne Unitaire pour la Lib\u00e9ration de Georges Abdallah lue \u00e0 la fin de la manifestation : \u00ab\u00a0Il n&rsquo;y a pas d&rsquo;autre voie alternative possible&#8230;\u00a0\u00bb<\/strong><\/p>\n\n\n\n<p>Chers amis, chers camarades,<\/p>\n\n\n\n<p>\u00ab D\u2019innombrables batailles ont \u00e9t\u00e9 livr\u00e9es, certaines ont \u00e9t\u00e9 perdues, d\u2019autres ont \u00e9t\u00e9 gagn\u00e9es mais dans l\u2019ensemble et en d\u00e9pit de toutes les pertes et en d\u00e9pit de toutes les erreurs, les masses populaires ont pu consolider certaines r\u00e9alisations dont personne ne peut <a><\/a>aujourd\u2019hui contester leurs port\u00e9es strat\u00e9giques. Le peuple palestinien est toujours l\u00e0 et la cause palestinienne est plus que jamais vivante \u00bb.<\/p>\n\n\n\n<p>Ces paroles, nous tous ici r\u00e9unis, nous les reconnaissons d\u2019embl\u00e9e comme \u00e9tant bien celles de Georges Abdallah. Nous les reconnaissons par cette affirmation ind\u00e9fectible qui ponctue chacune des d\u00e9clarations de notre camarade : ce fameux \u00ab Nous vaincrons ! \u00bb. Nous les reconnaissons \u00e0 cet optimisme historique qui sous-tend chacune de ses analyses : un optimisme qui n\u2019est pas celui d\u2019un doux r\u00eaveur ou d\u2019un id\u00e9aliste forcen\u00e9 d\u00e9connect\u00e9 de la r\u00e9alit\u00e9 qui \u00e0 70 ans pass\u00e9s continue de s\u2019illusionner sur ses r\u00eaves de jeunesse ; mais qui, au contraire, est celui anime tout combattant de la r\u00e9sistance, tout r\u00e9volutionnaire.<\/p>\n\n\n\n<p>Or nous le savons intrins\u00e8quement et intimement, Georges Abdallah a raison !<\/p>\n\n\n\n<p>Georges Abdallah a raison quand il souligne que le peuple palestinien est toujours l\u00e0 et que la cause palestinienne est plus que jamais vivante ! Le peuple palestinien est toujours l\u00e0 apr\u00e8s plus de 100 ans de colonisation ; les Palestiniens sont toujours l\u00e0 malgr\u00e9 cette volont\u00e9 acharn\u00e9e de r\u00e9duire \u00e0 n\u00e9ant ce peuple, cette terre. Le peuple palestinien est toujours l\u00e0 et fait face \u00e0 ses bourreaux que sont l\u2019entit\u00e9 sioniste et les imp\u00e9rialistes : il r\u00e9siste encore et toujours, pierre par pierre et mur par mur \u00e0 l\u2019occupant r\u00e9ussissant \u00e0 le frapper partout, \u00e0 chaque instant et en plein c\u0153ur jusqu\u2019\u00e0 J\u00e9rusalem-Est.Toute l\u2019Histoire de la Palestine n\u2019est que r\u00e9sistance et combat, et les actions h\u00e9ro\u00efques de ces derniers mois et de ces derniers jours ne sont que la face visible d\u2019une r\u00e9alit\u00e9 plus globale : la r\u00e9sistance n\u2019a jamais cess\u00e9 car elle est la loi m\u00eame de l\u2019existence du peuple palestinien mais elle est aujourd\u2019hui assum\u00e9e par une nouvelle g\u00e9n\u00e9ration de combattants \u00ab indomptables lions \u00bb qui par leur lutte arm\u00e9e reprennent le flambeau de la lutte de lib\u00e9ration nationale, frappent l\u2019ennemi partout o\u00f9 il se trouve et d\u00e9montrent jusque dans leur sang que \u00ab La Palestine vivra \u00bb et que certainement, assur\u00e9ment, ind\u00e9niablement, in\u00e9luctablement, \u00ab La Palestine vaincra ! \u00bb.<\/p>\n\n\n\n<p>Palestine vivra ! Palestine vaincra ! Lib\u00e9rez Georges Abdallah !<\/p>\n\n\n\n<p>Chers camarades, nous le savons ! Georges Abdallah a effectivement raison quand il affirme que la cause palestinienne est bien vivante ! Elle l\u2019a \u00e9t\u00e9, elle l\u2019est et elle le restera car le peuple palestinien et sa glorieuse r\u00e9sistance n\u2019ont pas d&rsquo;autre \u00e9chappatoire que de lutter, de combattre et de se lib\u00e9rer du colon pour pouvoir continuer \u00e0 \u00eatre. R\u00e9p\u00e9tons-le ici, une fois de plus : il n\u2019y a pas d\u2019autre voie alternative possible ! L&rsquo;entit\u00e9 sioniste n&rsquo;est pas r\u00e9formable ! Rien n\u2019est \u00e0 attendre du colon &#8211; ni la fin de son syst\u00e8me d\u2019apartheid, ni une soi-disant d\u00e9mocratisation progressiste de son gouvernement. Il faut \u00eatre pour le moins bien na\u00eff pour croire qu\u2019une n\u00e9gociation du pouvoir, de la terre et des int\u00e9r\u00eats pourrait un jour \u00eatre possible entre le colon et son colonis\u00e9, entre le dominant et l\u2019opprim\u00e9 dans ce rapport d\u2019an\u00e9antissement qu\u2019est le syst\u00e8me colonial.<\/p>\n\n\n\n<p>Tous les choix politiques et militaires de l&rsquo;occupant sioniste depuis son implantation en terre de Palestine jusqu&rsquo;\u00e0 aujourd&rsquo;hui ne laissent planer aucun doute quant \u00e0 l&rsquo;objectif vis\u00e9 : non seulement r\u00e9duire \u00e0 n\u00e9ant la lutte du peuple palestinien mais \u00ab\u00a0surtout en finir avec le peuple palestinien en tant que tel\u00a0\u00bb. Cette mise \u00e0 mort est consubstantielle au syst\u00e8me colonial et \u00e0 l\u2019existence m\u00eame de l\u2019entit\u00e9 sioniste. Et dans ce syst\u00e8me, l&rsquo;apartheid n\u2019est pas une simple variable d\u2019ajustement dont il faudrait juste revendiquer dans nos mots d\u2019ordre l\u2019arr\u00eat : l\u2019apartheid est inscrit dans le code g\u00e9n\u00e9tique de ce syst\u00e8me d\u2019oppression et c&rsquo;est un leurre de penser qu&rsquo;un seul \u00e9tat \u00ab\u00a0Isra\u00ebl-Palestine\u00a0\u00bb d\u00e9mocratique, d\u00e9barrass\u00e9 de l\u2019apartheid est possible ou alors il a un nom : la Palestine et toute la Palestine !<\/p>\n\n\n\n<p>De la mer au Jourdain, la Palestine aux Palestiniens !<\/p>\n\n\n\n<p>Alors oui chers camarades, nous le savons ! Georges Abdallah a aussi raison quand il affirme que \u00ab le peuple palestinien sait mieux que quiconque que les compromissions ainsi que toutes les versions capitulardes ne m\u00e8nent qu\u2019\u00e0 sa perte \u00bb. Dans cette guerre de longue haleine dans laquelle est engag\u00e9 le peuple palestinien pour sa survie, le soutien \u00e0 la Palestine, tout notre soutien et notre solidarit\u00e9 active doivent aller avant tout, principalement et sans tergiversation \u00e0 l\u2019h\u00e9ro\u00efque r\u00e9sistance du peuple palestinien, \u00e0 cette jeune et moins jeune avant-garde combattante palestinienne qui lutte en premi\u00e8re ligne par les armes contre l&rsquo;occupant pour regagner sa terre, celle de la Palestine historique. La victoire de ces flambeaux de la r\u00e9sistance et avec elle de tout le peuple palestinien peut seule garantir le retour d\u2019un \u00e9tat de droit en Palestine ; elle seule peut garantir le retour d\u2019un \u00e9tat de paix en Palestine \u2013 car l\u00e0 aussi ne nous leurrons et rappelons-nous \u00ab Pas de justice, pas de paix ! &#8211; tout comme elle est la seule garantie de l\u2019application du juste et l\u00e9gitime droit au retour de tous les Palestiniens. Il n\u2019y a pas d\u2019autre soi-disant processus alternatif possible \u00e0 construire en dehors de cette r\u00e9sistance de l\u2019int\u00e9rieur, en dehors de cette r\u00e9sistance de la Palestine occup\u00e9e et rien d\u2019autre \u00e0 attendre dans les centres imp\u00e9rialistes de ceux-l\u00e0 m\u00eame qui arment, normalisent, n\u00e9gocient ou reprennent des relations privil\u00e9gi\u00e9es avec l\u2019ennemi ! \u00ab\u00a0Face \u00e0 l\u2019occupation et \u00e0 la barbarie de l\u2019occupant, la premi\u00e8re r\u00e9ponse l\u00e9gitime que l\u2019on doit afficher avant tout autre chose est la solidarit\u00e9, toute la solidarit\u00e9, avec ceux et celles qui par leur sang font face \u00e0 la soldatesque de l\u2019occupation\u00a0\u00bb. La solidarit\u00e9, toute la solidarit\u00e9 donc avec la marche du retour, oui, mais avec celle de Gaza !<\/p>\n\n\n\n<p>Vive la lutte arm\u00e9e du peuple palestinien !<\/p>\n\n\n\n<p>Chers amis, chers camarades, nous le savons ! Georges Abdallah a raison ! Dans son combat de toute une vie pour la Palestine mais aussi pour tous les autres fronts o\u00f9 il est de nos luttes : anti-imp\u00e9rialistes, anticapitaliste, antisioniste et antifasciste. Sur tous ces fronts, Georges Abdallah est toujours l\u00e0 et sa cause est plus que jamais vivante ! Cette identit\u00e9 politique jamais reni\u00e9e \u2013 celle d\u2019un combattant arabe, communiste, r\u00e9volutionnaire que nous n\u2019avons pas peur d\u2019afficher par nos affiches partout o\u00f9 nous sommes car Georges Abdallah est notre camarade et que nous sommes de son identit\u00e9 politique &#8211; est bien ce qui lui vaut aujourd\u2019hui d\u2019entrer dans une 39e ann\u00e9e de d\u00e9tention derri\u00e8re ces murs et ces barbel\u00e9s.<\/p>\n\n\n\n<p>Pour sa lib\u00e9ration, depuis ce premier jour o\u00f9 certains de nos camarades ici pr\u00e9sents &#8211; honneur \u00e0 eux ! &#8211; ont initi\u00e9 ce combat, d\u2019innombrables batailles ont \u00e9t\u00e9 livr\u00e9es, certaines ont \u00e9t\u00e9 perdues, d\u2019autres ont \u00e9t\u00e9 gagn\u00e9es et dans l\u2019ensemble et en d\u00e9pit, depuis ces derni\u00e8res ann\u00e9es, force est de constater que les soutiens solidaires sur le plan local, national et international n\u2019ont fait que s\u2019\u00e9tendre et se consolider pour exiger sa lib\u00e9ration mais aussi porter haut et fort ses id\u00e9es et son combat r\u00e9volutionnaire car \u00ab c\u2019est justement sur le terrain de la lutte antiimp\u00e9rialiste et anticapitaliste que l\u2019on peut, que l\u2019on doit apporter le soutien le plus significatif \u00e0 nos camarades embastill\u00e9s \u00bb.<\/p>\n\n\n\n<p>Mais l\u00e0 encore, nous le savons intrins\u00e8quement et intimement, Georges Abdallah a aussi raison quand il \u00e9nonce lui-m\u00eame la cl\u00e9 de sa lib\u00e9ration en rappelant qu\u2019ind\u00e9niablement elle ne rel\u00e8ve pas des arguties judiciaires puisque \u00ab c\u2019est toujours au niveau des instances politiques que l\u2019on d\u00e9cide de la place et du rituel judiciaire quand il s\u2019agit des prisonniers politiques \u00bb ; mais qu\u2019elle est bien plut\u00f4t conditionn\u00e9e \u00e0 un rapport de force \u00e0 gagner pour faire comprendre aux repr\u00e9sentants de l\u2019imp\u00e9rialisme fran\u00e7ais que son incarc\u00e9ration commence \u00e0 peser plus lourd que sa lib\u00e9ration.<\/p>\n\n\n\n<p>Ce rapport de force, tels les lions indomptables, nous avons encore \u00e0 l\u2019intensifier pour frapper d\u2019une seule main unie et unitaire plus, plus vite et plus fort pour faire en sorte que chaque mois, chaque semaine, mille initiatives fleurissent pour Georges Abdallah face \u00e0 toutes les instances du pouvoir de l\u2019Etat fran\u00e7ais, sur toutes les places publiques et jusque dans les stades ! Car il y a urgence et que cela aussi, nous le savons bien : tout comme en Palestine la victoire est au bout du fusil, temps est venu en France de faire de notre solidarit\u00e9 une arme pour la lib\u00e9ration de notre camarade, pour la victoire ou la victoire !<\/p>\n\n\n\n<p>Georges Abdallah, tes camarades sont l\u00e0 !<\/p>\n\n\n\n<p>La r\u00e9sistance est un droit ! Libert\u00e9 pour Georges Abdallah !<\/p>\n\n\n\n<p>\u00ab Que mille initiatives solidaires fleurissent en faveur de la Palestine et de sa prometteuse R\u00e9sistance !<\/p>\n\n\n\n<p>La solidarit\u00e9, toute la solidarit\u00e9 avec les r\u00e9sistants dans les ge\u00f4les sionistes et ailleurs de par le monde !<\/p>\n\n\n\n<p>Honneur aux masses populaires en lutte !<\/p>\n\n\n\n<p>\u00c0 bas l\u2019imp\u00e9rialisme et ses chiens de garde sionistes et autres r\u00e9actionnaires arabes !<\/p>\n\n\n\n<p>\u00ab Le capitalisme n\u2019est plus que barbarie, honneur \u00e0 tous ceux et celles qui s\u2019y opposent dans la diversit\u00e9 de leurs expressions !\u00bb (Georges Abdallah)<\/p>\n\n\n\n<p>Paris, le 22 octobre 2022<\/p>\n\n\n\n<p>Campagne Unitaire pour la Lib\u00e9ration de Georges Abdallah<\/p>\n","protected":false},"excerpt":{"rendered":"<p>Lannemezan 2022 : d\u00e9claration de la Campagne Unitaire pour la Lib\u00e9ration de Georges Abdallah lue \u00e0 la fin de la manifestation : \u00ab\u00a0Il n&rsquo;y a pas d&rsquo;autre voie alternative possible&#8230;\u00a0\u00bb Chers amis, chers camarades, \u00ab D\u2019innombrables batailles ont \u00e9t\u00e9 livr\u00e9es, certaines ont \u00e9t\u00e9 perdues, d\u2019autres ont \u00e9t\u00e9 gagn\u00e9es mais dans l\u2019ensemble et en d\u00e9pit de [&hellip;]<\/p>\n","protected":false},"author":1,"featured_media":3849,"comment_status":"closed","ping_status":"closed","sticky":false,"template":"","format":"standard","meta":{"footnotes":""},"categories":[25,9],"tags":[],"class_list":["post-3845","post","type-post","status-publish","format-standard","has-post-thumbnail","hentry","category-a-la-une","category-prisonniers"],"views":1095,"_links":{"self":[{"href":"http:\/\/www.comiteactionpalestine.org\/word\/wp-json\/wp\/v2\/posts\/3845","targetHints":{"allow":["GET"]}}],"collection":[{"href":"http:\/\/www.comiteactionpalestine.org\/word\/wp-json\/wp\/v2\/posts"}],"about":[{"href":"http:\/\/www.comiteactionpalestine.org\/word\/wp-json\/wp\/v2\/types\/post"}],"author":[{"embeddable":true,"href":"http:\/\/www.comiteactionpalestine.org\/word\/wp-json\/wp\/v2\/users\/1"}],"replies":[{"embeddable":true,"href":"http:\/\/www.comiteactionpalestine.org\/word\/wp-json\/wp\/v2\/comments?post=3845"}],"version-history":[{"count":2,"href":"http:\/\/www.comiteactionpalestine.org\/word\/wp-json\/wp\/v2\/posts\/3845\/revisions"}],"predecessor-version":[{"id":3850,"href":"http:\/\/www.comiteactionpalestine.org\/word\/wp-json\/wp\/v2\/posts\/3845\/revisions\/3850"}],"wp:featuredmedia":[{"embeddable":true,"href":"http:\/\/www.comiteactionpalestine.org\/word\/wp-json\/wp\/v2\/media\/3849"}],"wp:attachment":[{"href":"http:\/\/www.comiteactionpalestine.org\/word\/wp-json\/wp\/v2\/media?parent=3845"}],"wp:term":[{"taxonomy":"category","embeddable":true,"href":"http:\/\/www.comiteactionpalestine.org\/word\/wp-json\/wp\/v2\/categories?post=3845"},{"taxonomy":"post_tag","embeddable":true,"href":"http:\/\/www.comiteactionpalestine.org\/word\/wp-json\/wp\/v2\/tags?post=3845"}],"curies":[{"name":"wp","href":"https:\/\/api.w.org\/{rel}","templated":true}]}}