{"id":3497,"date":"2022-02-25T20:05:22","date_gmt":"2022-02-25T19:05:22","guid":{"rendered":"http:\/\/www.comiteactionpalestine.org\/word\/?p=3497"},"modified":"2022-03-09T21:58:14","modified_gmt":"2022-03-09T20:58:14","slug":"annonce-par-gerald-darmanin-de-la-dissolution-de-deux-associations-de-soutien-au-peuple-palestinien-appel-a-la-mobilisation-et-a-la-resistance","status":"publish","type":"post","link":"http:\/\/www.comiteactionpalestine.org\/word\/annonce-par-gerald-darmanin-de-la-dissolution-de-deux-associations-de-soutien-au-peuple-palestinien-appel-a-la-mobilisation-et-a-la-resistance\/","title":{"rendered":"Annonce par G\u00e9rald Darmanin de la dissolution de deux associations  de soutien au peuple palestinien : Appel \u00e0 la mobilisation et \u00e0 la r\u00e9sistance"},"content":{"rendered":"<div class=\"pdfprnt-buttons pdfprnt-buttons-post pdfprnt-top-right\"><a href=\"http:\/\/www.comiteactionpalestine.org\/word\/wp-json\/wp\/v2\/posts\/3497?print=pdf\" class=\"pdfprnt-button pdfprnt-button-pdf\" target=\"_blank\"><img decoding=\"async\" src=\"http:\/\/www.comiteactionpalestine.org\/word\/wp-content\/plugins\/pdf-print\/images\/pdf.png\" alt=\"image_pdf\" title=\"Afficher le PDF\" \/><\/a><a href=\"http:\/\/www.comiteactionpalestine.org\/word\/wp-json\/wp\/v2\/posts\/3497?print=print\" class=\"pdfprnt-button pdfprnt-button-print\" target=\"_blank\"><img decoding=\"async\" src=\"http:\/\/www.comiteactionpalestine.org\/word\/wp-content\/plugins\/pdf-print\/images\/print.png\" alt=\"image_print\" title=\"Contenu imprim\u00e9\" \/><\/a><\/div>\n<p>Le ministre\nde l\u2019int\u00e9rieur G\u00e9rald Darmanin annonce le jour m\u00eame du diner du CRIF, le jeudi\n24 f\u00e9vrier, son intention de dissoudre dans l\u2019acide du sionisme deux\nassociations de solidarit\u00e9 avec la Palestine, le Comit\u00e9 action Palestine\n(Bordeaux) et Palestine vaincra (Toulouse). <\/p>\n\n\n\n<p>Selon la\npresse, le ministre pr\u00e9tend que le CAP affirme \u00ab dans sa charte, son soutien \u00e0\ntoutes les organisations en lutte contre Isra\u00ebl, y compris quand elles font\nusage de la violence et de m\u00e9thodes terroristes \u00bb. Or c\u2019est factuellement faux.\nLa charte du Comit\u00e9 Action Palestine appelle \u00e0 un \u00ab soutien inconditionnel \u00e0 la\nr\u00e9sistance du peuple palestinien et \u00e0 son combat pour son autod\u00e9termination et\nson ind\u00e9pendance nationale \u00bb. Il n\u2019est question nulle part dans la charte de \u00ab\nviolence \u00bb ou de \u00ab m\u00e9thodes terroristes \u00bb. <\/p>\n\n\n\n<p>Contrairement aux mensonges grossiers du ministre, la charte engage \u00ab \u00e0 ne pas se prononcer en faveur de telle ou telle forme de lutte \u00bb conform\u00e9ment au principe de souverainet\u00e9 du peuple palestinien. Le principe de souverainet\u00e9 est valable en tout lieu et en tout temps, mais le gouvernement le manipule au gr\u00e9 des circonstances. En Afrique ou en Palestine, la France fait fi de ce principe mais en Ukraine il serait sacr\u00e9. En Afrique ou en Palestine, les peuples n\u2019ont pas le droit de r\u00e9sister comme ils le souhaitent mais en Ukraine le gouvernement fran\u00e7ais l\u00e9gitime le recours \u00e0 la violence arm\u00e9e. Position \u00e0 g\u00e9om\u00e9trie variable d\u00e9termin\u00e9e par les int\u00e9r\u00eats imm\u00e9diats et strat\u00e9giques fran\u00e7ais. <\/p>\n\n\n\n<p>Le CRIF\nsouhaite depuis longtemps une loi criminalisant la solidarit\u00e9 avec la lutte du\npeuple palestinien. Avec la dissolution du Comit\u00e9 Action Palestine, le\ngouvernement criminalise de fait la lutte antisioniste et offre sur un plateau \u00e0\ncette officine israelienne la t\u00eate des associations de soutien au peuple\npalestinien. <\/p>\n\n\n\n<p>Le Comit\u00e9\nAction Palestine consid\u00e8re que la lutte entre dans une nouvelle \u00e9tape et\nappelle toutes les organisations antisionistes \u00e0 r\u00e9agir \u00e0 l\u2019offensive\nr\u00e9actionnaire et liberticide du gouvernement fran\u00e7ais. <\/p>\n\n\n\n<p>On peut\ndissoudre une association, mais pas la v\u00e9rit\u00e9 et l\u2019aspiration \u00e0 la justice,\nencore moins la volont\u00e9 qui anime le militantisme en faveur de l\u2019ind\u00e9pendance\nde la Palestine, de toute la Palestine. <\/p>\n\n\n\n<p><strong>Palestine vivra ! Palestine vaincra ! <\/strong><\/p>\n\n\n\n<p>Comit\u00e9 Action Palestine, le 25\/02\/2022<\/p>\n","protected":false},"excerpt":{"rendered":"<p>Le ministre de l\u2019int\u00e9rieur G\u00e9rald Darmanin annonce le jour m\u00eame du diner du CRIF, le jeudi 24 f\u00e9vrier, son intention de dissoudre dans l\u2019acide du sionisme deux associations de solidarit\u00e9 avec la Palestine, le Comit\u00e9 action Palestine (Bordeaux) et Palestine vaincra (Toulouse). Selon la presse, le ministre pr\u00e9tend que le CAP affirme \u00ab dans sa [&hellip;]<\/p>\n","protected":false},"author":1,"featured_media":3499,"comment_status":"closed","ping_status":"closed","sticky":false,"template":"","format":"standard","meta":{"footnotes":""},"categories":[25,5],"tags":[],"class_list":["post-3497","post","type-post","status-publish","format-standard","has-post-thumbnail","hentry","category-a-la-une","category-communiques"],"views":2870,"_links":{"self":[{"href":"http:\/\/www.comiteactionpalestine.org\/word\/wp-json\/wp\/v2\/posts\/3497","targetHints":{"allow":["GET"]}}],"collection":[{"href":"http:\/\/www.comiteactionpalestine.org\/word\/wp-json\/wp\/v2\/posts"}],"about":[{"href":"http:\/\/www.comiteactionpalestine.org\/word\/wp-json\/wp\/v2\/types\/post"}],"author":[{"embeddable":true,"href":"http:\/\/www.comiteactionpalestine.org\/word\/wp-json\/wp\/v2\/users\/1"}],"replies":[{"embeddable":true,"href":"http:\/\/www.comiteactionpalestine.org\/word\/wp-json\/wp\/v2\/comments?post=3497"}],"version-history":[{"count":5,"href":"http:\/\/www.comiteactionpalestine.org\/word\/wp-json\/wp\/v2\/posts\/3497\/revisions"}],"predecessor-version":[{"id":3515,"href":"http:\/\/www.comiteactionpalestine.org\/word\/wp-json\/wp\/v2\/posts\/3497\/revisions\/3515"}],"wp:featuredmedia":[{"embeddable":true,"href":"http:\/\/www.comiteactionpalestine.org\/word\/wp-json\/wp\/v2\/media\/3499"}],"wp:attachment":[{"href":"http:\/\/www.comiteactionpalestine.org\/word\/wp-json\/wp\/v2\/media?parent=3497"}],"wp:term":[{"taxonomy":"category","embeddable":true,"href":"http:\/\/www.comiteactionpalestine.org\/word\/wp-json\/wp\/v2\/categories?post=3497"},{"taxonomy":"post_tag","embeddable":true,"href":"http:\/\/www.comiteactionpalestine.org\/word\/wp-json\/wp\/v2\/tags?post=3497"}],"curies":[{"name":"wp","href":"https:\/\/api.w.org\/{rel}","templated":true}]}}