{"id":346,"date":"2011-03-27T21:58:49","date_gmt":"2011-03-27T20:58:49","guid":{"rendered":"http:\/\/www.comiteactionpalestine.org\/word\/?p=346"},"modified":"2014-03-12T22:00:44","modified_gmt":"2014-03-12T21:00:44","slug":"coloniser-et-emprisonner","status":"publish","type":"post","link":"http:\/\/www.comiteactionpalestine.org\/word\/coloniser-et-emprisonner\/","title":{"rendered":"Coloniser et emprisonner"},"content":{"rendered":"<div class=\"pdfprnt-buttons pdfprnt-buttons-post pdfprnt-top-right\"><a href=\"http:\/\/www.comiteactionpalestine.org\/word\/wp-json\/wp\/v2\/posts\/346?print=pdf\" class=\"pdfprnt-button pdfprnt-button-pdf\" target=\"_blank\"><img decoding=\"async\" src=\"http:\/\/www.comiteactionpalestine.org\/word\/wp-content\/plugins\/pdf-print\/images\/pdf.png\" alt=\"image_pdf\" title=\"Afficher le PDF\" \/><\/a><a href=\"http:\/\/www.comiteactionpalestine.org\/word\/wp-json\/wp\/v2\/posts\/346?print=print\" class=\"pdfprnt-button pdfprnt-button-print\" target=\"_blank\"><img decoding=\"async\" src=\"http:\/\/www.comiteactionpalestine.org\/word\/wp-content\/plugins\/pdf-print\/images\/print.png\" alt=\"image_print\" title=\"Contenu imprim\u00e9\" \/><\/a><\/div><p>le 27\/3\/2011 21:00:00\u00a0(745 lectures)<\/p>\n<div>\n<p><a href=\"http:\/\/www.comiteactionpalestine.org\/word\/wp-content\/uploads\/2014\/01\/calendrier2011.jpg\"><img fetchpriority=\"high\" decoding=\"async\" class=\"alignright size-full wp-image-120\" alt=\"calendrier2011\" src=\"http:\/\/www.comiteactionpalestine.org\/word\/wp-content\/uploads\/2014\/01\/calendrier2011.jpg\" width=\"940\" height=\"663\" srcset=\"http:\/\/www.comiteactionpalestine.org\/word\/wp-content\/uploads\/2014\/01\/calendrier2011.jpg 940w, http:\/\/www.comiteactionpalestine.org\/word\/wp-content\/uploads\/2014\/01\/calendrier2011-300x212.jpg 300w, http:\/\/www.comiteactionpalestine.org\/word\/wp-content\/uploads\/2014\/01\/calendrier2011-768x542.jpg 768w\" sizes=\"(max-width: 940px) 100vw, 940px\" \/><\/a>Le Comit\u00e9 Action Palestine \u00e9dite chaque ann\u00e9e un\u00a0<a href=\"http:\/\/www.comiteactionpalestine.org\/modules\/edito\/content.php?id=9\" target=\"_blank\">calendrier<\/a>\u00a0rassemblant articles et photos sur un th\u00e8me particulier ; il a \u00e9t\u00e9 consacr\u00e9 en 2011 aux\u00a0<strong>prisonniers<\/strong>. Nous publierons\u00a0mois apr\u00e8s mois les articles de ce calendrier. \u00ab\u00a0Coloniser et emprisonner\u00a0\u00bb a \u00e9t\u00e9 publi\u00e9 pour le mois de janvier 2011.<\/p>\n<hr \/>\n<p align=\"justify\">Depuis le d\u00e9but de la colonisation juive de la Palestine, analyser l\u2019histoire de la r\u00e9sistance palestinienne, c\u2019est aussi \u00e9tudier l\u2019histoire de la question des prisonniers.<\/p>\n<p align=\"justify\">On peut distinguer deux grandes p\u00e9riodes. La premi\u00e8re phase d\u00e9bute dans les ann\u00e9es 1920, avec la mont\u00e9e du nationalisme palestinien, et se termine en 1948. Sous le mandat britannique, la R\u00e9volution palestinienne {1936\/1939} fut impitoyablement mat\u00e9e avec des milliers de martyrs, d\u2019arrestations et de d\u00e9portations de leaders politiques. Cette r\u00e9volution inscrira dans la conscience nationale palestinienne la centralit\u00e9 non seulement du martyre mais aussi celle des prisonniers politiques.<\/p>\n<p align=\"justify\">Affaibli par la r\u00e9pression britannique, le peuple palestinien doit \u00e0 nouveau affronter les sionistes en 1948 lors de la cr\u00e9ation de l\u2019Etat d\u2019Isra\u00ebl qui proc\u00e8de \u00e0 des transferts de population, des massacres et des arrestations par milliers. Vaincus et dispers\u00e9s, les Palestiniens mettront 20 ans avant de se r\u00e9organiser. A la fin des ann\u00e9es 1960, l\u2019\u00e9mergence d\u2019un mouvement national palestinien structur\u00e9 sous l\u2019\u00e9gide de l\u2019OLP, et l\u2019occupation de toute la Palestine ainsi que du Golan syrien par les Isra\u00e9liens, sont le point de d\u00e9part d\u2019un nouveau cycle de r\u00e9sistance\/r\u00e9pression.<\/p>\n<p align=\"justify\">Ainsi depuis 1967 pr\u00e8s de 700 000 Palestiniens sont pass\u00e9s par les ge\u00f4les sionistes, soit environ 20% de la population palestinienne. Avec la seconde Intifada {2000}, le ph\u00e9nom\u00e8ne s\u2019amplifie : les arrestations prennent un caract\u00e8re massif avec plus de 70 000 Palestiniens kidnapp\u00e9s.<\/p>\n<p align=\"justify\">Plus la r\u00e9sistance s\u2019\u00e9tend, plus la r\u00e9pression se g\u00e9n\u00e9ralise. L\u2019extension et l\u2019organisation de la r\u00e9sistance en Palestine de 48 \u00e0 partir des ann\u00e9es 2000 notamment conduit l\u2019Etat sioniste \u00e0 jeter en prison des \u00ab citoyens arabes \u00bb, des Palestiniens qui, \u00e0 l\u2019instar de leur fr\u00e8res de Gaza et de Cisjordanie, refusent obstin\u00e9ment la juda\u00efsation de leur terre.<\/p>\n<p align=\"justify\">Au sein m\u00eame des prisons le colonisateur doit faire face \u00e0 une mobilisation des prisonniers politiques palestiniens qui s\u2019organisent contre des conditions de d\u00e9tention inhumaines et maintiennent des liens avec la r\u00e9sistance. Cette mobilisation est en soi un d\u00e9fi gigantesque pour le colonisateur qui s\u2019aper\u00e7oit que la r\u00e9sistance ne s\u2019arr\u00eate jamais, que l\u2019enfermement est aussi le lieu o\u00f9 elle s\u2019exprime. Elle est pour lui un cauchemar, ce que comprennent ses soutiens occidentaux qui feignent d\u2019ignorer que plus de 8OOO palestiniens sont aujourd\u2019hui enferm\u00e9s dans les prisons coloniales. Cette absence d\u2019indignation de la part des Etats occidentaux est dans l\u2019ordre des choses puisque l\u2019Etat sioniste est le gardien de leurs int\u00e9r\u00eats dans la r\u00e9gion en affamant, en tuant et en enfermant de mani\u00e8re industrielle les Palestiniens.<\/p>\n<p align=\"justify\">Mais les prisonniers palestiniens \u00ab ne sont pas les enfants d\u2019un moindre Dieu \u00bb. Leur nation toute enti\u00e8re s\u2019est engag\u00e9e \u00e0 les lib\u00e9rer.<\/p>\n<p align=\"right\"><strong>Comit\u00e9 Action Palestine<\/strong><\/p>\n<p>&nbsp;<\/p>\n<\/div>\n","protected":false},"excerpt":{"rendered":"<p>le 27\/3\/2011 21:00:00\u00a0(745 lectures) Le Comit\u00e9 Action Palestine \u00e9dite chaque ann\u00e9e un\u00a0calendrier\u00a0rassemblant articles et photos sur un th\u00e8me particulier ; il a \u00e9t\u00e9 consacr\u00e9 en 2011 aux\u00a0prisonniers. Nous publierons\u00a0mois apr\u00e8s mois les articles de ce calendrier. \u00ab\u00a0Coloniser et emprisonner\u00a0\u00bb a \u00e9t\u00e9 publi\u00e9 pour le mois de janvier 2011. Depuis le d\u00e9but de la colonisation juive [&hellip;]<\/p>\n","protected":false},"author":2,"featured_media":120,"comment_status":"closed","ping_status":"closed","sticky":false,"template":"","format":"standard","meta":{"footnotes":""},"categories":[9],"tags":[],"class_list":["post-346","post","type-post","status-publish","format-standard","has-post-thumbnail","hentry","category-prisonniers"],"views":2353,"_links":{"self":[{"href":"http:\/\/www.comiteactionpalestine.org\/word\/wp-json\/wp\/v2\/posts\/346","targetHints":{"allow":["GET"]}}],"collection":[{"href":"http:\/\/www.comiteactionpalestine.org\/word\/wp-json\/wp\/v2\/posts"}],"about":[{"href":"http:\/\/www.comiteactionpalestine.org\/word\/wp-json\/wp\/v2\/types\/post"}],"author":[{"embeddable":true,"href":"http:\/\/www.comiteactionpalestine.org\/word\/wp-json\/wp\/v2\/users\/2"}],"replies":[{"embeddable":true,"href":"http:\/\/www.comiteactionpalestine.org\/word\/wp-json\/wp\/v2\/comments?post=346"}],"version-history":[{"count":3,"href":"http:\/\/www.comiteactionpalestine.org\/word\/wp-json\/wp\/v2\/posts\/346\/revisions"}],"predecessor-version":[{"id":349,"href":"http:\/\/www.comiteactionpalestine.org\/word\/wp-json\/wp\/v2\/posts\/346\/revisions\/349"}],"wp:featuredmedia":[{"embeddable":true,"href":"http:\/\/www.comiteactionpalestine.org\/word\/wp-json\/wp\/v2\/media\/120"}],"wp:attachment":[{"href":"http:\/\/www.comiteactionpalestine.org\/word\/wp-json\/wp\/v2\/media?parent=346"}],"wp:term":[{"taxonomy":"category","embeddable":true,"href":"http:\/\/www.comiteactionpalestine.org\/word\/wp-json\/wp\/v2\/categories?post=346"},{"taxonomy":"post_tag","embeddable":true,"href":"http:\/\/www.comiteactionpalestine.org\/word\/wp-json\/wp\/v2\/tags?post=346"}],"curies":[{"name":"wp","href":"https:\/\/api.w.org\/{rel}","templated":true}]}}