{"id":3409,"date":"2021-05-14T21:37:43","date_gmt":"2021-05-14T20:37:43","guid":{"rendered":"http:\/\/www.comiteactionpalestine.org\/word\/?p=3409"},"modified":"2021-05-14T21:37:45","modified_gmt":"2021-05-14T20:37:45","slug":"cette-terre-yacov-est-la-terre-de-nos-peres","status":"publish","type":"post","link":"http:\/\/www.comiteactionpalestine.org\/word\/cette-terre-yacov-est-la-terre-de-nos-peres\/","title":{"rendered":"\u00ab\u00a0Cette terre, Yacov, est la terre de nos p\u00e8res\u00a0\u00bb"},"content":{"rendered":"<div class=\"pdfprnt-buttons pdfprnt-buttons-post pdfprnt-top-right\"><a href=\"http:\/\/www.comiteactionpalestine.org\/word\/wp-json\/wp\/v2\/posts\/3409?print=pdf\" class=\"pdfprnt-button pdfprnt-button-pdf\" target=\"_blank\"><img decoding=\"async\" src=\"http:\/\/www.comiteactionpalestine.org\/word\/wp-content\/plugins\/pdf-print\/images\/pdf.png\" alt=\"image_pdf\" title=\"Afficher le PDF\" \/><\/a><a href=\"http:\/\/www.comiteactionpalestine.org\/word\/wp-json\/wp\/v2\/posts\/3409?print=print\" class=\"pdfprnt-button pdfprnt-button-print\" target=\"_blank\"><img decoding=\"async\" src=\"http:\/\/www.comiteactionpalestine.org\/word\/wp-content\/plugins\/pdf-print\/images\/print.png\" alt=\"image_print\" title=\"Contenu imprim\u00e9\" \/><\/a><\/div>\n<p>\n\nNawaf Radwan<\/p>\n\n\n\n<p>13\/5\/2021<\/p>\n\n\n\n<p>Que pensez-vous de la situation&nbsp;? Ce qui se passe \u00e0 pr\u00e9sent est exactement ce que personne n\u2019avait os\u00e9 imaginer un ou deux mois auparavant&#8230; M\u00eame \u00ab&nbsp;Isra\u00ebl&nbsp;\u00bb n\u2019arrive pas \u00e0 le croire. Vous pouvez constater l\u2019\u00e9tonnement dans leurs yeux, tout autant que dans les n\u00f4tres. Qui aurait pu s\u2019attendre \u00e0 tout ce qui arrive&nbsp;?<\/p>\n\n\n\n<p>Cela se passe depuis 70 ans, tous les jours, \u00e0 chaque heure et chaque minute, depuis les premiers jours de la Nakba, lorsqu\u2019ils sont arriv\u00e9s vers nous, en envahisseurs arm\u00e9s. Ils ont tu\u00e9 nos familles, les ont expuls\u00e9es, ont d\u00e9moli leurs maisons et ex\u00e9cut\u00e9 les pires massacres, avec la connivence du monde entier&#8230; Voil\u00e0 qu\u2019ils veulent recommencer, dans Sheikh Jarrah et al-Quds.<\/p>\n\n\n\n<p>Nous non plus, nous n\u2019y croyons pas, mais cela arrive. Cela arrive tous les jours sur les barrages et les cages d\u2019acier par lesquelles passent les travailleurs, tous les matins, cela se passe avec les exactions de la police, de l\u2019arm\u00e9e et des colons, \u00e0 l\u2019encontre de la population. Cela se passe tous les jours, o\u00f9 les Palestiniens sont tu\u00e9s dans les rues et les trottoirs, avec les arrestations, les d\u00e9molitions des maisons, l\u2019enl\u00e8vement des enfants.. Isra\u00ebl aime tuer les enfants. Depuis le d\u00e9but des \u00e9v\u00e9nements, il en a tu\u00e9 17 (31 \u00e0 l\u2019aube du 14\/5) \u00e0 Gaza. Cela se passe avec le mur de l\u2019apartheid qui a d\u00e9chir\u00e9 les familles en morceaux.. Cela se passe dans le monde des ghettos quadrill\u00e9s, avec la pauvret\u00e9, l\u2019ignorance programm\u00e9e, et les taux effarants de criminalit\u00e9&#8230; Tout cela arrive, et m\u00eame plus, depuis longtemps dans l\u2019Etat bleu de l\u2019apartheid.<\/p>\n\n\n\n<p>\u00ab&nbsp;Isra\u00ebl&nbsp;\u00bb veut que ce soit une nouvelle Nakba. Il veut ajouter des massacres \u00e0 son registre criminel. Il veut nous expulser de nos maisons. Nous, nous ne voulons que la libert\u00e9 et la dignit\u00e9.. et une autre chose minuscule, si vous le permettez&nbsp;: nous voulons vivre comme nous le voulons. Nous voulons notre droit simple et clair&nbsp;: lutter contre cet \u00ab&nbsp;Etat juif nazi&nbsp;\u00bb.<\/p>\n\n\n\n<p>Ils veulent une autre Nakba, mais le temps du \u00ab&nbsp;ne prends pas toutes les affaires, Umm Mohammad,&#8230; nous reviendrons dans une semaine&nbsp;\u00bb est fini.. Cette fois-ci, nous ne reviendrons pas, car nous ne partirons nulle part, en toute simplicit\u00e9&nbsp;! Nous restons ici&nbsp;!<\/p>\n\n\n\n<p>Les gens se sont rassembl\u00e9s dans Sheikh Jarrah et al-Quds face aux attaques des colons et de la police. Des hommes, femmes, enfants, vieillards, ensemble, dans une seule sc\u00e8ne. Leur aspect vari\u00e9 et leurs diff\u00e9rences font ressortir le clonage des colons, des clones racistes, distordus, malades, remplis de haine et d\u2019animosit\u00e9.. Vous pouvez vous rappeler le colon Yacov, ce gros imb\u00e9cile qui disait, dans le langage de Brooklyn&nbsp;: \u00ab\u00a0If I don&rsquo;t steal your home, somebody else gonna steal it\u00a0\u00bb (si je ne vole pas votre maison, quelqu\u2019un d\u2019autre le fera). Ils suivent tous le m\u00eame chemin.<\/p>\n\n\n\n<p>Les choses ont pris une autre tournure face aux attaques des colons, remplies de meurtres et de crimes, supervis\u00e9es directement par la police \u00ab&nbsp;isra\u00e9lienne&nbsp;\u00bb et les forces des garde-fronti\u00e8res. Tu les vois \u00e0 la poursuite des citoyens arabes dans les rues. Nous avons tous visionn\u00e9 les vid\u00e9os sur Tel Aviv, Ha\u00effa, Yafa, Akka et al-Quds, o\u00f9 la police r\u00e9primait les gens dans toutes les villes arabes de l\u2019int\u00e9rieur. Les colons se sont transform\u00e9s en b\u00eates enrag\u00e9es, lib\u00e9r\u00e9es de la grande cage. Ils re\u00e7oivent le soutien de l\u2019Etat et de ses diff\u00e9rentes institutions, pour affronter des gens isol\u00e9s, qui ont d\u00e9cid\u00e9 de se d\u00e9fendre, de d\u00e9fendre leurs maisons et leurs terres, tout simplement, comme ferait tout \u00eatre vivant lorsque sa vie est menac\u00e9e.<\/p>\n\n\n\n<p>Nous ne sommes pas expos\u00e9s \u00e0 ce qu\u2019on appelle \u00ab&nbsp;les attaques des bandes de droite&nbsp;\u00bb ou \u00e0 \u00ab&nbsp;une guerre civile&nbsp;\u00bb.. Nous nous d\u00e9fendons face \u00e0 la plus violente campane d\u2019\u00e9puration ethnique de l\u2019\u00e9poque moderne. De l\u00e0, sur cette terre, les Palestiniens, dans l\u2019ensemble de leurs villes, leurs bourgs et leurs villages, se sont lev\u00e9s pour d\u00e9fendre, tout simplement, leurs vies face \u00e0 ce mal sioniste vorace et malade, qui a atteint un stade avanc\u00e9, et qui ressemble beaucoup aux d\u00e9buts du nazisme dans les ann\u00e9es 30 contre les Juifs en Allemagne et en Europe, lorsque des signes \u00e9taient inscrits sur leurs maisons pour \u00eatre attaqu\u00e9es, et lorsqu\u2019ils \u00e9taient poursuivis pour les tuer et malmen\u00e9s.. C\u2019est ce qui se passe \u00e0 pr\u00e9sent.<\/p>\n\n\n\n<p>Les colons, prot\u00e9g\u00e9s et supervis\u00e9s par la police, chantent \u00ab&nbsp;mort aux Arabes&nbsp;\u00bb dans les rues, ils posent des signes sur les maisons des Palestiniens dans al-Lid et Akka, ils brisent les vitrines des magasins des Palestiniens \u00e0 l\u2019int\u00e9rieur \u00ab&nbsp;d\u2019Isra\u00ebl&nbsp;\u00bb. Nous avons vu hier une pr\u00e9- \u00ab&nbsp;nuit du cristal&nbsp;\u00bb o\u00f9 les juifs ont \u00e9t\u00e9 expos\u00e9s aux nazis, lorsque les colons ont attaqu\u00e9 les gens vivant tranquillement chez eux, et o\u00f9 ils ont \u00e9cras\u00e9s les gens dans les rues&nbsp;! Nous affrontons une situation impossible d\u2019un Etat raciste et malade, qui reproduit l\u2019Etat nazi contre nous \u00e0 pr\u00e9sent. La question qui se pose est&nbsp;: Shlomo, quand est-ce que tu nous emm\u00e8nes aux fours \u00e0 gaz?<\/p>\n\n\n\n<p>Chacun de nous s\u2019est \u00e0 nouveau d\u00e9couvert, constatant ce qui se passe sur le terrain. Les rues s\u2019illuminent par les jeunes dans la plupart des villes, des bourgs et des villages arabes. Ces jeunes affrontent directement ces colons enrag\u00e9s qui entrent dans les villages et les villes, en masse, sous la protection de la police, \u00e0 l\u2019appel officiel des institutions \u00ab&nbsp;isra\u00e9liennes&nbsp;\u00bb et des m\u00e9dias \u00ab&nbsp;isra\u00e9liens&nbsp;\u00bb et de tout ce qui est \u00ab&nbsp;isra\u00e9lien&nbsp;\u00bb. \u00ab&nbsp;Isra\u00ebl&nbsp;\u00bb affiche ses crocs nazis&#8230; Il ne peut oublier ce qui s\u2019est pass\u00e9. Nous, non plus, nous ne pouvons pas oublier ce qui s\u2019est pass\u00e9 ni ce qui se passe actuellement. Cette g\u00e9n\u00e9ration n\u2019a pas seulement \u00e9lev\u00e9 son toit, mais elle l\u2019a enti\u00e8rement d\u00e9truit, et il ne nous reste plus de toit, sinon le beau ciel bleu. Jusqu\u2019o\u00f9 nous irons apr\u00e8s cela&nbsp;? Qui le sait&nbsp;?<\/p>\n\n\n\n<p>L\u2019ensemble s\u2019est r\u00e9volt\u00e9 tout d\u2019un coup, contre toutes les formes de l\u2019oppression et de la tyrannie coloniales.. Nous sommes les opprim\u00e9s et les domin\u00e9s, et nous n\u2019avons plus rien \u00e0 perdre. Notre dos est au mur et nous d\u00e9fendons notre droit, notre dignit\u00e9, notre libert\u00e9, avec honneur et fiert\u00e9, nos t\u00eates ne sont courb\u00e9es pour personne. Nous savons que nous avons un droit dans ce monde, et nous le prendrons malgr\u00e9 tous. C\u2019est un droit que personne ne peut discuter.<\/p>\n\n\n\n<p>Les formes de la tyrannie \u00e0 l\u2019int\u00e9rieur de ce petit Etat qui ressemble \u00e0 un abc\u00e8s sont nombreuses, cette oppression nous m\u00e2che et nous crache \u00e0 chaque fois, et le monde regarde. Il est temps que nous nous lib\u00e9rons, que nous renversons la table \u00e0 la face de tous. Il y a de nombreux murs qui doivent \u00eatre abattus, le premier et non le dernier, le mur de l\u2019apartheid.<\/p>\n\n\n\n<p>\u00ab&nbsp;Isra\u00ebl&nbsp;\u00bb est ce qui reste du colonialisme, et nous faisons comme a fait tout peuple ordinaire affrontant un r\u00e9gime colonial criminel&#8230; Nous luttons contre le colonialisme, nous luttons contre cette excroissance maligne qu\u2019il faut arracher du monde, et qui s\u2019appelle \u00ab&nbsp;Isra\u00ebl&nbsp;\u00bb&nbsp;!<\/p>\n\n\n\n<p>(source\u00a0: site arab 48)<\/p>\n\n\n\n<p>Photo : dessin de Sarah Houweilli, r\u00e9fugi\u00e9e palestinienne au Liban<\/p>\n\n\n\n<p><a href=\"https:\/\/cirepal.blogspot.com\/2021\/05\/cette-terre-yacov-est-la-terre-de-nos.html?m=1&amp;fbclid=IwAR0tikAyjsP2zXDGgta0ZYjUkaG8Z051zWJod8qNZ3TW5NVRJvYlaDd0e5A\">https:\/\/cirepal.blogspot.com\/2021\/05\/cette-terre-yacov-est-la-terre-de-nos.html?m=1&amp;fbclid=IwAR0tikAyjsP2zXDGgta0ZYjUkaG8Z051zWJod8qNZ3TW5NVRJvYlaDd0e5A<\/a><\/p>\n","protected":false},"excerpt":{"rendered":"<p>Nawaf Radwan 13\/5\/2021 Que pensez-vous de la situation&nbsp;? Ce qui se passe \u00e0 pr\u00e9sent est exactement ce que personne n\u2019avait os\u00e9 imaginer un ou deux mois auparavant&#8230; M\u00eame \u00ab&nbsp;Isra\u00ebl&nbsp;\u00bb n\u2019arrive pas \u00e0 le croire. Vous pouvez constater l\u2019\u00e9tonnement dans leurs yeux, tout autant que dans les n\u00f4tres. Qui aurait pu s\u2019attendre \u00e0 tout ce qui [&hellip;]<\/p>\n","protected":false},"author":1,"featured_media":3411,"comment_status":"closed","ping_status":"closed","sticky":false,"template":"","format":"standard","meta":{"footnotes":""},"categories":[25,7],"tags":[],"class_list":["post-3409","post","type-post","status-publish","format-standard","has-post-thumbnail","hentry","category-a-la-une","category-revolution-palestinienne"],"views":1390,"_links":{"self":[{"href":"http:\/\/www.comiteactionpalestine.org\/word\/wp-json\/wp\/v2\/posts\/3409","targetHints":{"allow":["GET"]}}],"collection":[{"href":"http:\/\/www.comiteactionpalestine.org\/word\/wp-json\/wp\/v2\/posts"}],"about":[{"href":"http:\/\/www.comiteactionpalestine.org\/word\/wp-json\/wp\/v2\/types\/post"}],"author":[{"embeddable":true,"href":"http:\/\/www.comiteactionpalestine.org\/word\/wp-json\/wp\/v2\/users\/1"}],"replies":[{"embeddable":true,"href":"http:\/\/www.comiteactionpalestine.org\/word\/wp-json\/wp\/v2\/comments?post=3409"}],"version-history":[{"count":1,"href":"http:\/\/www.comiteactionpalestine.org\/word\/wp-json\/wp\/v2\/posts\/3409\/revisions"}],"predecessor-version":[{"id":3412,"href":"http:\/\/www.comiteactionpalestine.org\/word\/wp-json\/wp\/v2\/posts\/3409\/revisions\/3412"}],"wp:featuredmedia":[{"embeddable":true,"href":"http:\/\/www.comiteactionpalestine.org\/word\/wp-json\/wp\/v2\/media\/3411"}],"wp:attachment":[{"href":"http:\/\/www.comiteactionpalestine.org\/word\/wp-json\/wp\/v2\/media?parent=3409"}],"wp:term":[{"taxonomy":"category","embeddable":true,"href":"http:\/\/www.comiteactionpalestine.org\/word\/wp-json\/wp\/v2\/categories?post=3409"},{"taxonomy":"post_tag","embeddable":true,"href":"http:\/\/www.comiteactionpalestine.org\/word\/wp-json\/wp\/v2\/tags?post=3409"}],"curies":[{"name":"wp","href":"https:\/\/api.w.org\/{rel}","templated":true}]}}