{"id":3060,"date":"2019-02-09T22:28:03","date_gmt":"2019-02-09T21:28:03","guid":{"rendered":"http:\/\/www.comiteactionpalestine.org\/word\/?p=3060"},"modified":"2019-02-09T22:28:35","modified_gmt":"2019-02-09T21:28:35","slug":"al-wihdat-sanctuaire-du-droit-au-retour","status":"publish","type":"post","link":"http:\/\/www.comiteactionpalestine.org\/word\/al-wihdat-sanctuaire-du-droit-au-retour\/","title":{"rendered":"Al Wihdat, sanctuaire du Droit au Retour"},"content":{"rendered":"<div class=\"pdfprnt-buttons pdfprnt-buttons-post pdfprnt-top-right\"><a href=\"http:\/\/www.comiteactionpalestine.org\/word\/wp-json\/wp\/v2\/posts\/3060?print=pdf\" class=\"pdfprnt-button pdfprnt-button-pdf\" target=\"_blank\"><img decoding=\"async\" src=\"http:\/\/www.comiteactionpalestine.org\/word\/wp-content\/plugins\/pdf-print\/images\/pdf.png\" alt=\"image_pdf\" title=\"Afficher le PDF\" \/><\/a><a href=\"http:\/\/www.comiteactionpalestine.org\/word\/wp-json\/wp\/v2\/posts\/3060?print=print\" class=\"pdfprnt-button pdfprnt-button-print\" target=\"_blank\"><img decoding=\"async\" src=\"http:\/\/www.comiteactionpalestine.org\/word\/wp-content\/plugins\/pdf-print\/images\/print.png\" alt=\"image_print\" title=\"Contenu imprim\u00e9\" \/><\/a><\/div><p><em>Calendrier Palestine Libre 2018 \u00ab\u00a0Dans le camp des r\u00e9fugi\u00e9s\u00a0\u00bb<\/em><\/p>\n<p style=\"text-align: justify;\">Al Wihdat est un camp l\u00e9gendaire dans l\u2019histoire de la lutte nationale palestinienne. Etabli en 1955 \u00e0 trois kilom\u00e8tres au Sud d\u2019Amman, il abritait initialement 5000 r\u00e9fugi\u00e9s palestiniens issus des villages situ\u00e9s entre Jaffa et al-Quds. Il f\u00fbt l\u2019un des principaux centres actifs du mouvement de lib\u00e9ration de la Palestine en Jordanie. Le camp, rebaptis\u00e9 la \u00ab R\u00e9publique \u00bb par les organisations palestiniennes, abritait de nombreux r\u00e9sistants et \u00e9tait le lieu d\u2019une intense activit\u00e9 politique et militaire. Cette mobilisation fut fortement r\u00e9prim\u00e9e par l\u2019Etat jordanien qui y perp\u00e9tra de nombreux massacres. En 1970, sa prise par l\u2019arm\u00e9e jordanienne marqua la fin des \u00e9v\u00e8nements de \u00ab septembre noir \u00bb et l\u2019expulsion des organisations de la r\u00e9sistance hors des fronti\u00e8res du pays.<\/p>\n<p style=\"text-align: justify;\">Aujourd\u2019hui al Wihdat illustre \u00e0 lui seul les contradictions port\u00e9es par la question des r\u00e9fugi\u00e9s palestiniens, entre attente du retour et int\u00e9gration dans leur lieu d\u2019exil. Pr\u00e8s de 70 ans apr\u00e8s sa cr\u00e9ation, il compte pr\u00e8s de 60000 habitants et est compl\u00e8tement inclus dans le tissu urbain d\u2019Amman. Toujours soumis \u00e0 une administration particuli\u00e8re, le camp garde toutes les caract\u00e9ristiques d\u2019un espace de vie temporaire. Comme tous les autres camps de r\u00e9fugi\u00e9s palestiniens, il reste le symbole vivant de l\u2019identit\u00e9 palestinienne et un sanctuaire du Droit au Retour. Pourtant depuis les ann\u00e9es 70, afin d\u2019annihiler le potentiel r\u00e9volutionnaire de ses habitants, le gouvernement jordanien est intervenu plus directement. Une partie du camp fut d\u00e9truite pour am\u00e9nager de grandes art\u00e8res permettant la surveillance et le maintien de l\u2019ordre. Par ailleurs en esp\u00e9rant r\u00e9duire les aspirations nationalistes des Palestiniens par l\u2019am\u00e9lioration de leurs conditions de vie, les r\u00e8gles d\u2019urbanisation furent assouplies pour favoriser le d\u00e9veloppement \u00e9conomique. Ainsi au fil des ann\u00e9es le camp est devenu un espace urbain dot\u00e9 d\u2019une intense activit\u00e9 commerciale, parfaitement int\u00e9gr\u00e9 au reste de la capitale jordanienne.<\/p>\n<p style=\"text-align: justify;\">Pourtant, contrairement aux attentes des autorit\u00e9s jordaniennes et bien que la citoyennet\u00e9 jordanienne leur f\u00fbt octroy\u00e9e d\u00e8s 1951, les r\u00e9fugi\u00e9s palestiniens en Jordanie ne sont pas pr\u00eats \u00e0 abandonner leurs revendications nationales. <b>Bien au contraire, cette am\u00e9lioration de leur situation \u00e9conomique renforce leur pouvoir de r\u00e9sistance et leur volont\u00e9 de mettre en application de leur droit au retour.<\/b><\/p>\n<p style=\"text-align: justify;\">\n","protected":false},"excerpt":{"rendered":"<p>Calendrier Palestine Libre 2018 \u00ab\u00a0Dans le camp des r\u00e9fugi\u00e9s\u00a0\u00bb Al Wihdat est un camp l\u00e9gendaire dans l\u2019histoire de la lutte nationale palestinienne. Etabli en 1955 \u00e0 trois kilom\u00e8tres au Sud d\u2019Amman, il abritait initialement 5000 r\u00e9fugi\u00e9s palestiniens issus des villages situ\u00e9s entre Jaffa et al-Quds. Il f\u00fbt l\u2019un des principaux centres actifs du mouvement de [&hellip;]<\/p>\n","protected":false},"author":1,"featured_media":0,"comment_status":"closed","ping_status":"closed","sticky":false,"template":"","format":"standard","meta":{"footnotes":""},"categories":[5,17],"tags":[],"class_list":["post-3060","post","type-post","status-publish","format-standard","hentry","category-communiques","category-les-calendriers"],"views":2582,"_links":{"self":[{"href":"http:\/\/www.comiteactionpalestine.org\/word\/wp-json\/wp\/v2\/posts\/3060","targetHints":{"allow":["GET"]}}],"collection":[{"href":"http:\/\/www.comiteactionpalestine.org\/word\/wp-json\/wp\/v2\/posts"}],"about":[{"href":"http:\/\/www.comiteactionpalestine.org\/word\/wp-json\/wp\/v2\/types\/post"}],"author":[{"embeddable":true,"href":"http:\/\/www.comiteactionpalestine.org\/word\/wp-json\/wp\/v2\/users\/1"}],"replies":[{"embeddable":true,"href":"http:\/\/www.comiteactionpalestine.org\/word\/wp-json\/wp\/v2\/comments?post=3060"}],"version-history":[{"count":1,"href":"http:\/\/www.comiteactionpalestine.org\/word\/wp-json\/wp\/v2\/posts\/3060\/revisions"}],"predecessor-version":[{"id":3061,"href":"http:\/\/www.comiteactionpalestine.org\/word\/wp-json\/wp\/v2\/posts\/3060\/revisions\/3061"}],"wp:attachment":[{"href":"http:\/\/www.comiteactionpalestine.org\/word\/wp-json\/wp\/v2\/media?parent=3060"}],"wp:term":[{"taxonomy":"category","embeddable":true,"href":"http:\/\/www.comiteactionpalestine.org\/word\/wp-json\/wp\/v2\/categories?post=3060"},{"taxonomy":"post_tag","embeddable":true,"href":"http:\/\/www.comiteactionpalestine.org\/word\/wp-json\/wp\/v2\/tags?post=3060"}],"curies":[{"name":"wp","href":"https:\/\/api.w.org\/{rel}","templated":true}]}}