{"id":2970,"date":"2018-05-14T20:07:00","date_gmt":"2018-05-14T19:07:00","guid":{"rendered":"http:\/\/www.comiteactionpalestine.org\/word\/?p=2970"},"modified":"2018-05-26T21:47:12","modified_gmt":"2018-05-26T20:47:12","slug":"70-ans-ca-suffit","status":"publish","type":"post","link":"http:\/\/www.comiteactionpalestine.org\/word\/70-ans-ca-suffit\/","title":{"rendered":"\u00ab\u00a070 ans, \u00e7a suffit ! \u00ab\u00a0"},"content":{"rendered":"<div class=\"pdfprnt-buttons pdfprnt-buttons-post pdfprnt-top-right\"><a href=\"http:\/\/www.comiteactionpalestine.org\/word\/wp-json\/wp\/v2\/posts\/2970?print=pdf\" class=\"pdfprnt-button pdfprnt-button-pdf\" target=\"_blank\"><img decoding=\"async\" src=\"http:\/\/www.comiteactionpalestine.org\/word\/wp-content\/plugins\/pdf-print\/images\/pdf.png\" alt=\"image_pdf\" title=\"Afficher le PDF\" \/><\/a><a href=\"http:\/\/www.comiteactionpalestine.org\/word\/wp-json\/wp\/v2\/posts\/2970?print=print\" class=\"pdfprnt-button pdfprnt-button-print\" target=\"_blank\"><img decoding=\"async\" src=\"http:\/\/www.comiteactionpalestine.org\/word\/wp-content\/plugins\/pdf-print\/images\/print.png\" alt=\"image_print\" title=\"Contenu imprim\u00e9\" \/><\/a><\/div><p><em>Soutien \u00e0 la R\u00e9sistance du peuple palestinien &#8211; 70 \u00e8me anniversaire de la Nakba\u00a0<\/em><\/p>\n<p>Comit\u00e9 Action Palestine<\/p>\n<p>&nbsp;<\/p>\n<p style=\"text-align: justify;\">Le 14 mai 1948, jour de la \u00ab cr\u00e9ation de l\u2019Etat isra\u00e9lien \u00bb, est comm\u00e9mor\u00e9e par les Palestiniens comme la Nakba, la Catastrophe. Cinq cents villages d\u00e9truits, 800\u00a0000 Palestiniens expuls\u00e9s de leurs terres, de tr\u00e8s nombreux massacres, les sionistes franchissaient alors une \u00e9tape majeure dans leur projet colonial entrepris d\u00e8s la fin du XIX\u00e8me si\u00e8cle. Cautionn\u00e9 par les puissances occidentales, le mythe sioniste selon laquelle la Palestine \u00e9tait \u00abune terre sans peuple pour un peuple sans terre\u00bb a constitu\u00e9 l\u2019un des plus grands mensonges de l\u2019histoire et a servi de justification \u00e0 la politique sioniste de colonisation et d\u2019\u00e9puration ethnique. Les r\u00e9fugi\u00e9s et d\u00e9plac\u00e9s palestiniens sont aujourd\u2019hui pr\u00e8s de 8 millions. Un tiers d\u2019entre eux vivent encore dans les 58 camps \u00e9tablis apr\u00e8s la Nakba \u00e0 Gaza, en Cisjordanie et dans plusieurs pays voisins comme la Jordanie, le Liban, la Syrie.<\/p>\n<p style=\"text-align: justify;\"><strong>L\u2019entit\u00e9 sioniste\u00a0: 70 ans de crimes et de massacres<\/strong><\/p>\n<p style=\"text-align: justify;\">En recommandant la partition de la Palestine, la R\u00e9solution 181, adopt\u00e9e par l\u2019ONU le 29 novembre 1947, est l\u2019acte fondateur de la Nakba. Elle attribue aux Juifs 56 % du territoire palestinien, alors que d\u00e9mographiquement, ils repr\u00e9sentent moins du tiers de la population et poss\u00e8dent jusqu\u2019alors \u00e0 peine 7 % des terres. L\u00e9gitimement refus\u00e9e par les Palestiniens, elle permet aux sionistes de rendre effective leur strat\u00e9gie de spoliation et de domination du pays. Sup\u00e9rieurs militairement, les sionistes craignent malgr\u00e9 tout l\u2019union entre la population palestinienne et les arm\u00e9es arabes. Selon des plans pr\u00e9\u00e9tablis, ils conduisent d\u00e8s fin 1947 une politique de terreur afin d\u2019acc\u00e9l\u00e9rer le nettoyage ethnique et le vol des terres, pratiquant ainsi la politique du fait accompli. Le 31 d\u00e9cembre, la Haganah et le Palmah investissent Balad al Sheik et Hawassa, \u00e0 la p\u00e9riph\u00e9rie de Ha\u00effa\u00a0: 76 victimes dont des femmes et des enfants. Parmi les massacres, Deir Yassine reste le plus symbolique et reste le pr\u00e9lude \u00e0 la d\u00e9portation en masse des Palestiniens. Le 9 avril, les sionistes de l\u2019IRGUN tuent 254 villageois, majoritairement des femmes, des enfants et des personnes \u00e2g\u00e9es. Dans les semaines et les mois qui suivront, 418 villes et villages sont d\u00e9truits, plus de 15000 palestiniens sont assassin\u00e9s et dans plus de 70 villages, la population est enti\u00e8rement massacr\u00e9e. Des dizaines d\u2019autres massacres ont lieu comme \u00e0 Balad Esh Sheikh, Sasa, Hul, El Dawayimeh, Tantura\u2026\u00a0A Lydda, le 11 juillet, des centaines de martyrs sont fusill\u00e9s dans la mosqu\u00e9e Dahmash. Le 15 octobre, l\u2019un des pires massacres a lieu \u00e0 Dawayma o\u00f9 300 civils arabes sont assassin\u00e9s. En Galil\u00e9e, l\u2019op\u00e9ration Hiram, lanc\u00e9e le 29 octobre, fera 70 martyrs assassin\u00e9s de sang-froid.<\/p>\n<p style=\"text-align: justify;\"><strong>La Nakba continue aujourd\u2019hui avec le soutien renouvel\u00e9 des puissances imp\u00e9rialistes<\/strong><\/p>\n<p style=\"text-align: justify;\">Mais la Nakba ne s\u2019est pas arr\u00eat\u00e9e en 1948. Aujourd\u2019hui la juda\u00efsation de la Palestine et l\u2019\u00e9puration ethnique des Palestiniens, notamment \u00e0 al-Quds et dans le Naqab, continuent \u00e0 marche forc\u00e9e, avec le soutien total des puissances imp\u00e9rialistes. Les accords d\u2019Oslo ont \u00e9t\u00e9 un pi\u00e8ge. Pendant que des dirigeants palestiniens et arabes n\u00e9gociaient, la colonisation et l\u2019expulsion des Palestiniens s\u2019aggravaient, les r\u00e9sistants \u00e9taient emprisonn\u00e9s ou assassin\u00e9s. Le transfert de l\u2019Ambassade am\u00e9ricaine de Tel Aviv \u00e0 al-Quds (Jerusalem), \u00e0 la date anniversaire du 70<sup>\u00e8me<\/sup> anniversaire de la Nakba, est lourde de cons\u00e9quences pour les Palestiniens, le monde arabo-musulman, mais aussi pour le monde entier. Niant de fait le droit international qui octroie un statut international \u00e0 cette ville palestinienne, les Etats-Unis font d\u2019al-Quds la capitale d\u2019Isra\u00ebl, conform\u00e9ment au souhait des sionistes. La d\u00e9cision de Donald Trump montre que les Am\u00e9ricains apportent un soutien inconditionnel \u00e0 Isra\u00ebl, sous forme politique, militaire et \u00e9conomique. Qui peut encore croire que les Isra\u00e9liens et les Am\u00e9ricains sont pour la paix ? De nombreux dirigeants arabes, y compris palestiniens ont fait le jeu des sionistes et des Occidentaux qui leur promettaient un Etat palestinien. Cette fois-ci, le message de Trump est sans appel : les Palestiniens, ainsi que tous les peuples arabes et musulmans ne doivent rien attendre des imp\u00e9rialistes. La solution des deux Etats, un Etat palestinien \u00e0 c\u00f4t\u00e9 d\u2019un Etat isra\u00e9lien est une promesse jamais tenue et qui ne sera jamais tenue. Les Palestiniens le savent tr\u00e8s bien. Ils ne peuvent compter que sur leur unit\u00e9 et leur r\u00e9sistance pour lib\u00e9rer la terre arabe de Palestine<strong>.\u00a0<\/strong><\/p>\n<p style=\"text-align: justify;\"><strong>Les Palestiniens ne renonceront jamais.<\/strong><\/p>\n<p style=\"text-align: justify;\">Depuis le d\u00e9but de la colonisation juive de la Palestine, le peuple palestinien a toujours r\u00e9sist\u00e9 sous diff\u00e9rentes formes \u00e0 cette terrible entreprise de destruction de sa soci\u00e9t\u00e9. Malgr\u00e9 toutes les tentatives pour l\u2019an\u00e9antir, la R\u00e9sistance populaire est aujourd\u2019hui plus forte que jamais et il est clair que les Palestiniens ne renonceront jamais \u00e0 leurs droits et \u00e0 leur libert\u00e9. Apr\u00e8s les trois guerres de Gaza (2008\u00a0; 2012 et 2014), les Gazaouis, malgr\u00e9 le blocus inf\u00e2me, continuent de r\u00e9sister. Ils r\u00e9sistent aux sionistes, ils r\u00e9sistent contre l\u2019Occident qui soutient Isra\u00ebl et contre la trahison de nombreux Etats arabes. A al-Quds, la r\u00e9sistance s\u2019est r\u00e9activ\u00e9e en octobre 2015 avec la mobilisation pour d\u00e9fendre la Mosqu\u00e9e al-Aqsa. La derni\u00e8re d\u00e9cision de Trump n\u2019a pas bris\u00e9 leur volont\u00e9, bien au contraire. En organisant depuis le 30 mars \u00e0 Gaza, la Marche du retour, ils montrent que rien ne les arr\u00eatera. Pour emp\u00eacher cette marche, l\u2019arm\u00e9e isra\u00e9lienne n\u2019a pas h\u00e9sit\u00e9 \u00e0 tuer. A tuer des Palestiniens qui veulent faire entendre au monde leurs revendications\u00a0: retourner chez eux, sur leurs terres, dans leurs maisons que les colons isra\u00e9liens ont vol\u00e9es en 1948. La violence de l\u2019occupant face \u00e0 des Palestiniens d\u00e9sarm\u00e9s est signe que la peur a d\u00e9finitivement chang\u00e9 de camp. Tr\u00e8s s\u00e9rieusement menac\u00e9 par la r\u00e9sistance \u00e0 l\u2019int\u00e9rieur et \u00e0 l\u2019ext\u00e9rieur, l\u2019avenir de l\u2019entit\u00e9 sioniste sur la terre arabe de Palestine parait, 70 ans apr\u00e8s sa cr\u00e9ation, plus compromis que jamais.<\/p>\n<p style=\"text-align: justify;\">Pour reprendre les mots d\u2019un leader palestinien, cette marche est une marche pour le retour en Palestine, pour montrer au monde entier que les Palestiniens refusent le deal am\u00e9ricain, la juda\u00efsation d\u2019Al-Quds et de la Palestine et la suppression du droit au retour des r\u00e9fugi\u00e9s.<\/p>\n<p style=\"text-align: justify;\"><strong>Vive la R\u00e9sistance du peuple palestinien \u2013 Vive la Palestine libre\u00a0!<\/strong><\/p>\n<p style=\"text-align: justify;\">Nous, Comit\u00e9 Action Palestine, sommes \u00e0 leurs c\u00f4t\u00e9s sur ce chemin. Nous r\u00e9affirmons que la Palestine est arabe, et soutenons la lutte du peuple palestinien jusqu\u2019\u00e0 la victoire de la r\u00e9sistance et la satisfaction des revendications l\u00e9gitimes. Nous appelons \u00e0<\/p>\n<ul>\n<li style=\"text-align: justify;\">la condamnation du sionisme comme mouvement politique colonialiste et raciste.<\/li>\n<li style=\"text-align: justify;\">au soutien inconditionnel \u00e0 la r\u00e9sistance du peuple palestinien et \u00e0 son combat pour son autod\u00e9termination et son ind\u00e9pendance nationale.<\/li>\n<li style=\"text-align: justify;\">la reconnaissance du droit inali\u00e9nable au retour de tous les r\u00e9fugi\u00e9s chez eux.<\/li>\n<li style=\"text-align: justify;\">la lib\u00e9ration de tous les r\u00e9sistants emprisonn\u00e9s, dont Georges Ibrahim Abdallah enferm\u00e9 dans les ge\u00f4les fran\u00e7aises depuis 35 ans.<\/li>\n<\/ul>\n","protected":false},"excerpt":{"rendered":"<p>Soutien \u00e0 la R\u00e9sistance du peuple palestinien &#8211; 70 \u00e8me anniversaire de la Nakba\u00a0 Comit\u00e9 Action Palestine &nbsp; Le 14 mai 1948, jour de la \u00ab cr\u00e9ation de l\u2019Etat isra\u00e9lien \u00bb, est comm\u00e9mor\u00e9e par les Palestiniens comme la Nakba, la Catastrophe. Cinq cents villages d\u00e9truits, 800\u00a0000 Palestiniens expuls\u00e9s de leurs terres, de tr\u00e8s nombreux massacres, [&hellip;]<\/p>\n","protected":false},"author":1,"featured_media":0,"comment_status":"closed","ping_status":"closed","sticky":false,"template":"","format":"standard","meta":{"footnotes":""},"categories":[25,31],"tags":[],"class_list":["post-2970","post","type-post","status-publish","format-standard","hentry","category-a-la-une","category-tracts"],"views":4931,"_links":{"self":[{"href":"http:\/\/www.comiteactionpalestine.org\/word\/wp-json\/wp\/v2\/posts\/2970","targetHints":{"allow":["GET"]}}],"collection":[{"href":"http:\/\/www.comiteactionpalestine.org\/word\/wp-json\/wp\/v2\/posts"}],"about":[{"href":"http:\/\/www.comiteactionpalestine.org\/word\/wp-json\/wp\/v2\/types\/post"}],"author":[{"embeddable":true,"href":"http:\/\/www.comiteactionpalestine.org\/word\/wp-json\/wp\/v2\/users\/1"}],"replies":[{"embeddable":true,"href":"http:\/\/www.comiteactionpalestine.org\/word\/wp-json\/wp\/v2\/comments?post=2970"}],"version-history":[{"count":2,"href":"http:\/\/www.comiteactionpalestine.org\/word\/wp-json\/wp\/v2\/posts\/2970\/revisions"}],"predecessor-version":[{"id":2993,"href":"http:\/\/www.comiteactionpalestine.org\/word\/wp-json\/wp\/v2\/posts\/2970\/revisions\/2993"}],"wp:attachment":[{"href":"http:\/\/www.comiteactionpalestine.org\/word\/wp-json\/wp\/v2\/media?parent=2970"}],"wp:term":[{"taxonomy":"category","embeddable":true,"href":"http:\/\/www.comiteactionpalestine.org\/word\/wp-json\/wp\/v2\/categories?post=2970"},{"taxonomy":"post_tag","embeddable":true,"href":"http:\/\/www.comiteactionpalestine.org\/word\/wp-json\/wp\/v2\/tags?post=2970"}],"curies":[{"name":"wp","href":"https:\/\/api.w.org\/{rel}","templated":true}]}}