{"id":2936,"date":"2018-01-09T21:04:13","date_gmt":"2018-01-09T20:04:13","guid":{"rendered":"http:\/\/www.comiteactionpalestine.org\/word\/?p=2936"},"modified":"2018-01-09T21:04:13","modified_gmt":"2018-01-09T20:04:13","slug":"le-peuple-offre-sa-vie-pour-la-liberte","status":"publish","type":"post","link":"http:\/\/www.comiteactionpalestine.org\/word\/le-peuple-offre-sa-vie-pour-la-liberte\/","title":{"rendered":"\u00ab\u00a0Le peuple offre sa vie pour la libert\u00e9\u00a0\u00bb"},"content":{"rendered":"<div class=\"pdfprnt-buttons pdfprnt-buttons-post pdfprnt-top-right\"><a href=\"http:\/\/www.comiteactionpalestine.org\/word\/wp-json\/wp\/v2\/posts\/2936?print=pdf\" class=\"pdfprnt-button pdfprnt-button-pdf\" target=\"_blank\"><img decoding=\"async\" src=\"http:\/\/www.comiteactionpalestine.org\/word\/wp-content\/plugins\/pdf-print\/images\/pdf.png\" alt=\"image_pdf\" title=\"Afficher le PDF\" \/><\/a><a href=\"http:\/\/www.comiteactionpalestine.org\/word\/wp-json\/wp\/v2\/posts\/2936?print=print\" class=\"pdfprnt-button pdfprnt-button-print\" target=\"_blank\"><img decoding=\"async\" src=\"http:\/\/www.comiteactionpalestine.org\/word\/wp-content\/plugins\/pdf-print\/images\/print.png\" alt=\"image_print\" title=\"Contenu imprim\u00e9\" \/><\/a><\/div><p>Calendrier Palestine Libre 2017 \u00ab\u00a0Palestine, terre des martyrs\u00a0\u00bb<\/p>\n<p><b>Taleb Mohammad Abdullah Abu Zeid, Isam Mohammad Hammoudeh, Sha\u2019baan Sa\u2019id\u00a0 Nabhan, Kamal Qadourah Hasan Hamoudeh<\/b>. Voici les noms des premiers martyrs de la premi\u00e8re intifada de 1987.<\/p>\n<p style=\"text-align: justify;\">\u00a0\u00a0\u00a0\u00a0\u00a0\u00a0\u00a0 Quel que soit le nom qu&rsquo;on leur donne, qu&rsquo;elles soient de pierres ou de couteaux, les intifadas sont l&rsquo;expression spontan\u00e9e de la r\u00e9volte populaire contre l&rsquo;occupation sioniste, contre l&rsquo;humiliation subie quotidiennement: occupation des lieux saints, confiscation des terres, des biens, de la libert\u00e9 de se d\u00e9placer, check point, pauvret\u00e9, r\u00e9pression, destructions des maisons, des h\u00f4pitaux,\u00a0 &#8230;<\/p>\n<p style=\"text-align: justify;\">Avec des simples pierres, enfants, adolescents, vieillards, hommes, femmes ont r\u00e9ussi \u00e0 mettre en \u00e9chec l&rsquo;arm\u00e9e et les diff\u00e9rents gouvernements sionistes et \u00e0 alerter l&rsquo;opinion publique internationale sur leurs conditions de vie\u00a0 d\u00e9plorables. Des pierre contre des chars, victoire politique, victoire m\u00e9diatique.<\/p>\n<p style=\"text-align: justify;\">De 1987 \u00e0 1991, de\u00a0 2000 \u00e0 2005, et depuis 2015,\u00a0 chaque intifada a eu des r\u00e9percussions : de la premi\u00e8re intifada a d\u00e9coul\u00e9 le d\u00e9clin du Fatah et l\u2019ascension du Hamas. La deuxi\u00e8me intifada ou Intifada al-Aqsa a d\u00e9bouch\u00e9 sur le leadership du Hamas et notamment \u00e0 sa prise du pouvoir \u00e0 Gaza en 2006.<\/p>\n<p style=\"text-align: justify;\">Enfin la troisi\u00e8me intifada et derni\u00e8re en date, t\u00e9moigne d\u2019une radicalisation croissante du peuple palestinien dans sa lutte pour la lib\u00e9ration de la totalit\u00e9 de la terre arabe de Palestine et r\u00e9affirme l\u2019unit\u00e9 du peuple palestinien, la solidarit\u00e9 des autres composantes de ce peuple avec Gaza et d\u00e9montre, \u00e0 terme, que toutes les tentatives sionistes de division sont vaines. Ainsi la peur change de camp car en s\u2019attaquant \u00e0 tous les membres de la soci\u00e9t\u00e9 coloniale, les Palestiniens d\u00e9montrent qu\u2019il n\u2019y pas de diff\u00e9rence entre la population des colons et les forces arm\u00e9es gouvernementales. Les intifadas viennent rappeler que le peuple n\u2019a jamais renonc\u00e9 \u00e0 la r\u00e9sistance.<\/p>\n<p style=\"text-align: justify;\">C&rsquo;est la r\u00e9sistance unique d&rsquo;un peuple unique \u00e0 l&rsquo;oppression.<\/p>\n<p style=\"text-align: justify;\">Ce peuple fier et r\u00e9sistant continue \u00e0 donner de son sang, ces martyrs ne sont pas morts en vain. Ils montrent le chemin pour la lutte pour la justice, la dignit\u00e9 et la libert\u00e9.<\/p>\n<p>Comit\u00e9 Action Palestine<\/p>\n","protected":false},"excerpt":{"rendered":"<p>Calendrier Palestine Libre 2017 \u00ab\u00a0Palestine, terre des martyrs\u00a0\u00bb Taleb Mohammad Abdullah Abu Zeid, Isam Mohammad Hammoudeh, Sha\u2019baan Sa\u2019id\u00a0 Nabhan, Kamal Qadourah Hasan Hamoudeh. Voici les noms des premiers martyrs de la premi\u00e8re intifada de 1987. \u00a0\u00a0\u00a0\u00a0\u00a0\u00a0\u00a0 Quel que soit le nom qu&rsquo;on leur donne, qu&rsquo;elles soient de pierres ou de couteaux, les intifadas sont l&rsquo;expression [&hellip;]<\/p>\n","protected":false},"author":1,"featured_media":0,"comment_status":"closed","ping_status":"closed","sticky":false,"template":"","format":"standard","meta":{"footnotes":""},"categories":[5,17],"tags":[],"class_list":["post-2936","post","type-post","status-publish","format-standard","hentry","category-communiques","category-les-calendriers"],"views":2273,"_links":{"self":[{"href":"http:\/\/www.comiteactionpalestine.org\/word\/wp-json\/wp\/v2\/posts\/2936","targetHints":{"allow":["GET"]}}],"collection":[{"href":"http:\/\/www.comiteactionpalestine.org\/word\/wp-json\/wp\/v2\/posts"}],"about":[{"href":"http:\/\/www.comiteactionpalestine.org\/word\/wp-json\/wp\/v2\/types\/post"}],"author":[{"embeddable":true,"href":"http:\/\/www.comiteactionpalestine.org\/word\/wp-json\/wp\/v2\/users\/1"}],"replies":[{"embeddable":true,"href":"http:\/\/www.comiteactionpalestine.org\/word\/wp-json\/wp\/v2\/comments?post=2936"}],"version-history":[{"count":1,"href":"http:\/\/www.comiteactionpalestine.org\/word\/wp-json\/wp\/v2\/posts\/2936\/revisions"}],"predecessor-version":[{"id":2937,"href":"http:\/\/www.comiteactionpalestine.org\/word\/wp-json\/wp\/v2\/posts\/2936\/revisions\/2937"}],"wp:attachment":[{"href":"http:\/\/www.comiteactionpalestine.org\/word\/wp-json\/wp\/v2\/media?parent=2936"}],"wp:term":[{"taxonomy":"category","embeddable":true,"href":"http:\/\/www.comiteactionpalestine.org\/word\/wp-json\/wp\/v2\/categories?post=2936"},{"taxonomy":"post_tag","embeddable":true,"href":"http:\/\/www.comiteactionpalestine.org\/word\/wp-json\/wp\/v2\/tags?post=2936"}],"curies":[{"name":"wp","href":"https:\/\/api.w.org\/{rel}","templated":true}]}}