{"id":2807,"date":"2017-07-15T22:21:34","date_gmt":"2017-07-15T21:21:34","guid":{"rendered":"http:\/\/www.comiteactionpalestine.org\/word\/?p=2807"},"modified":"2017-07-24T22:50:42","modified_gmt":"2017-07-24T21:50:42","slug":"netanyahu-a-paris-le-consensus-anti-palestinien","status":"publish","type":"post","link":"http:\/\/www.comiteactionpalestine.org\/word\/netanyahu-a-paris-le-consensus-anti-palestinien\/","title":{"rendered":"Netanyahu \u00e0 Paris : le consensus anti-palestinien"},"content":{"rendered":"<div class=\"pdfprnt-buttons pdfprnt-buttons-post pdfprnt-top-right\"><a href=\"http:\/\/www.comiteactionpalestine.org\/word\/wp-json\/wp\/v2\/posts\/2807?print=pdf\" class=\"pdfprnt-button pdfprnt-button-pdf\" target=\"_blank\"><img decoding=\"async\" src=\"http:\/\/www.comiteactionpalestine.org\/word\/wp-content\/plugins\/pdf-print\/images\/pdf.png\" alt=\"image_pdf\" title=\"Afficher le PDF\" \/><\/a><a href=\"http:\/\/www.comiteactionpalestine.org\/word\/wp-json\/wp\/v2\/posts\/2807?print=print\" class=\"pdfprnt-button pdfprnt-button-print\" target=\"_blank\"><img decoding=\"async\" src=\"http:\/\/www.comiteactionpalestine.org\/word\/wp-content\/plugins\/pdf-print\/images\/print.png\" alt=\"image_print\" title=\"Contenu imprim\u00e9\" \/><\/a><\/div><p style=\"text-align: justify;\">Comit\u00e9 Action Palestine (juillet 2017)<\/p>\n<p style=\"text-align: justify;\">Le dirigeant de l\u2019Etat colonial isra\u00e9lien, Benjamin Netanyahu, a \u00e9t\u00e9 officiellement invit\u00e9 par le gouvernement fran\u00e7ais ce dimanche 17 juillet 2017 pour comm\u00e9morer la rafle du Vel d\u2019Hiv de juillet 1942. Mais ce\u00a0\u00ab\u00a0devoir de m\u00e9moire\u00a0\u00bb, selon l\u2019expression officielle et consacr\u00e9e, est \u00e0 bien des \u00e9gards une entourloupe indigne et m\u00e9prisable de la part d\u2019un gouvernement qui se veut \u00ab\u00a0en marche\u00a0\u00bb mais qui d\u00e9j\u00e0 montre tous les signes d\u2019une continuit\u00e9 de la politique pro-isra\u00e9lienne de la France. Quand on invite un criminel de guerre notoire (plus de 2000 Palestiniens tu\u00e9s pendant la guerre de Gaza de 2014), le planificateur de la colonisation de la Cisjordanie et de J\u00e9rusalem-Est, celui qui affame l\u2019ensemble de la Bande de Gaza par l\u2019\u00e9tau de l\u2019embargo et qui <em>in fine<\/em> m\u00e8ne une r\u00e9pression coloniale contre l\u2019ensemble du peuple palestinien, il appara\u00eet que la comm\u00e9moration de la d\u00e9portation est un pur jeu diplomatique. Jeu diplomatique qui vise en r\u00e9alit\u00e9 des effets tout autres. Il s\u2019agit encore une fois de justifier l\u2019injustifiable et d\u2019associer la pr\u00e9sence coloniale sioniste en Palestine aux crimes qui ont \u00e9t\u00e9 commis pendant la Seconde Guerre Mondiale. C\u2019est l\u2019argument id\u00e9ologique massue que la tradition id\u00e9ologique sioniste mart\u00e8le depuis des d\u00e9cennies\u00a0! Du c\u00f4t\u00e9 de l\u2019Etat fran\u00e7ais, apr\u00e8s l\u2019invitation de Donald Trump pour les c\u00e9r\u00e9monies du 14 juillet, il est clair que l\u2019on veut r\u00e9affirmer le positionnement pro-occidental et pro-isra\u00e9lien de l\u2019Etat fran\u00e7ais. Comme Hollande qui avait promis le changement au d\u00e9but de son mandat, il semble bien que Macron et la R\u00e9publique en Marche ne proposent rien d\u2019autre que l\u2019illusion du changement. A analyser la politique internationale, les fondamentaux de la politique imp\u00e9rialiste de la France n\u2019ont pas boug\u00e9 d\u2019un iota. Enfin, l\u2019invitation du leader sioniste sera sans doute l\u2019occasion pour les dirigeants des deux Etats de discuter des enjeux du Moyen-Orient, de la Syrie et de l\u2019Iran en particulier, et d\u2019aligner leurs strat\u00e9gies.<\/p>\n<p style=\"text-align: justify;\">C\u2019est pourquoi, nous, Comit\u00e9 Action Palestine, d\u00e9non\u00e7ons la venue du leader sioniste Netanyahu comme une imposture politique, id\u00e9ologique et diplomatique, comme une promotion de la colonisation isra\u00e9lienne, comme un acte contre le peuple palestinien.<\/p>\n<p style=\"text-align: justify;\">Source photo :\u00a0https:\/\/www.almasdarnews.com<\/p>\n","protected":false},"excerpt":{"rendered":"<p>Comit\u00e9 Action Palestine (juillet 2017) Le dirigeant de l\u2019Etat colonial isra\u00e9lien, Benjamin Netanyahu, a \u00e9t\u00e9 officiellement invit\u00e9 par le gouvernement fran\u00e7ais ce dimanche 17 juillet 2017 pour comm\u00e9morer la rafle du Vel d\u2019Hiv de juillet 1942. Mais ce\u00a0\u00ab\u00a0devoir de m\u00e9moire\u00a0\u00bb, selon l\u2019expression officielle et consacr\u00e9e, est \u00e0 bien des \u00e9gards une entourloupe indigne et m\u00e9prisable [&hellip;]<\/p>\n","protected":false},"author":1,"featured_media":0,"comment_status":"closed","ping_status":"closed","sticky":false,"template":"","format":"standard","meta":{"footnotes":""},"categories":[30,5],"tags":[],"class_list":["post-2807","post","type-post","status-publish","format-standard","hentry","category-actualites","category-communiques"],"views":2371,"_links":{"self":[{"href":"http:\/\/www.comiteactionpalestine.org\/word\/wp-json\/wp\/v2\/posts\/2807","targetHints":{"allow":["GET"]}}],"collection":[{"href":"http:\/\/www.comiteactionpalestine.org\/word\/wp-json\/wp\/v2\/posts"}],"about":[{"href":"http:\/\/www.comiteactionpalestine.org\/word\/wp-json\/wp\/v2\/types\/post"}],"author":[{"embeddable":true,"href":"http:\/\/www.comiteactionpalestine.org\/word\/wp-json\/wp\/v2\/users\/1"}],"replies":[{"embeddable":true,"href":"http:\/\/www.comiteactionpalestine.org\/word\/wp-json\/wp\/v2\/comments?post=2807"}],"version-history":[{"count":4,"href":"http:\/\/www.comiteactionpalestine.org\/word\/wp-json\/wp\/v2\/posts\/2807\/revisions"}],"predecessor-version":[{"id":2812,"href":"http:\/\/www.comiteactionpalestine.org\/word\/wp-json\/wp\/v2\/posts\/2807\/revisions\/2812"}],"wp:attachment":[{"href":"http:\/\/www.comiteactionpalestine.org\/word\/wp-json\/wp\/v2\/media?parent=2807"}],"wp:term":[{"taxonomy":"category","embeddable":true,"href":"http:\/\/www.comiteactionpalestine.org\/word\/wp-json\/wp\/v2\/categories?post=2807"},{"taxonomy":"post_tag","embeddable":true,"href":"http:\/\/www.comiteactionpalestine.org\/word\/wp-json\/wp\/v2\/tags?post=2807"}],"curies":[{"name":"wp","href":"https:\/\/api.w.org\/{rel}","templated":true}]}}