{"id":2724,"date":"2017-01-29T21:23:19","date_gmt":"2017-01-29T20:23:19","guid":{"rendered":"http:\/\/www.comiteactionpalestine.org\/word\/?p=2724"},"modified":"2017-02-19T11:33:18","modified_gmt":"2017-02-19T10:33:18","slug":"maroc-israel-une-normalisation-qui-ne-dit-pas-son-nom-par-lina-kennouche-et-tayeb-elmestari","status":"publish","type":"post","link":"http:\/\/www.comiteactionpalestine.org\/word\/maroc-israel-une-normalisation-qui-ne-dit-pas-son-nom-par-lina-kennouche-et-tayeb-elmestari\/","title":{"rendered":"Maroc \u2013 Isra\u00ebl : une normalisation qui ne dit pas son nom ? par Lina Kennouche et Tayeb El Mestari"},"content":{"rendered":"<div class=\"pdfprnt-buttons pdfprnt-buttons-post pdfprnt-top-right\"><a href=\"http:\/\/www.comiteactionpalestine.org\/word\/wp-json\/wp\/v2\/posts\/2724?print=pdf\" class=\"pdfprnt-button pdfprnt-button-pdf\" target=\"_blank\"><img decoding=\"async\" src=\"http:\/\/www.comiteactionpalestine.org\/word\/wp-content\/plugins\/pdf-print\/images\/pdf.png\" alt=\"image_pdf\" title=\"Afficher le PDF\" \/><\/a><a href=\"http:\/\/www.comiteactionpalestine.org\/word\/wp-json\/wp\/v2\/posts\/2724?print=print\" class=\"pdfprnt-button pdfprnt-button-print\" target=\"_blank\"><img decoding=\"async\" src=\"http:\/\/www.comiteactionpalestine.org\/word\/wp-content\/plugins\/pdf-print\/images\/print.png\" alt=\"image_print\" title=\"Contenu imprim\u00e9\" \/><\/a><\/div><p style=\"text-align: justify;\">Cet article paru le 29 janvier 2019 sur le site\u00a0http:\/\/www.tsa-algerie.com\/ propose une analyse d\u00e9taill\u00e9e des relations entre le Royaume marocain et l&rsquo;entit\u00e9 sioniste, en revenant sur les fondements historiques de ces liens. \u00ab\u00a0Si\u00a0depuis 2000, les\u00a0relations diplomatiques officielles entre Rabat et Tel Aviv sont apparemment rompues, les ambigu\u00eft\u00e9s des rapports entre les deux capitales ne sont pas lev\u00e9es. Depuis 2011, une s\u00e9rie de r\u00e9v\u00e9lations est venue conforter l&rsquo;id\u00e9e que, derri\u00e8re ces ambigu\u00eft\u00e9s li\u00e9es aux imp\u00e9ratifs politiques, il existe une relation durable et stable entre la monarchie marocaine et l&rsquo;\u00e9tat isra\u00e9lien.Si la situation actuelle est celle d&rsquo;une normalisation discr\u00e8te et progressive, la\u00a0soci\u00e9t\u00e9 marocaine ne soutient cependant en rien cette dynamique. [&#8230;]\u00a0Si cette normalisation discr\u00e8te et progressive des relations est vivement souhait\u00e9e par Isra\u00ebl, la soci\u00e9t\u00e9 marocaine, y est, en revanche, farouchement oppos\u00e9e.\u00a0\u00bb<\/p>\n<hr \/>\n<p style=\"text-align: justify;\">Une d\u00e9l\u00e9gation de Marocains s\u2019est rendue, le 10 janvier, en Isra\u00ebl dans le cadre d\u2019un colloque sur l\u2019amiti\u00e9 jud\u00e9o-marocaine. Ce d\u00e9placement n\u2019a pas manqu\u00e9 de susciter l\u2019indignation sur les r\u00e9seaux sociaux et d\u2019alimenter une vive pol\u00e9mique. Cette visite controvers\u00e9e intervient quelques semaines seulement apr\u00e8s celle d\u2019une d\u00e9l\u00e9gation de journalistes et d\u2019enseignants, en novembre dernier, r\u00e9pondant \u00e0 l\u2019invitation du minist\u00e8re isra\u00e9lien des Affaires \u00e9trang\u00e8res.<\/p>\n<p style=\"text-align: justify;\">Si depuis 2000, les relations diplomatiques officielles entre Rabat et Tel Aviv sont apparemment rompues, les ambigu\u00eft\u00e9s des rapports entre les deux capitales ne sont pas lev\u00e9es. Depuis 2011, une s\u00e9rie de r\u00e9v\u00e9lations est venue conforter l\u2019id\u00e9e que, derri\u00e8re ces ambigu\u00eft\u00e9s li\u00e9es aux imp\u00e9ratifs politiques, il existe une relation durable et stable entre la monarchie marocaine et l\u2019\u00c9tat isra\u00e9lien. Elle est assise \u00e0 la fois\u00a0sur des int\u00e9r\u00eats commerciaux, des \u00e9changes interculturels, des convergences d\u2019int\u00e9r\u00eats politiques, et trouve sa raison d\u2019\u00eatre dans les conditions historiques d\u2019instauration du r\u00e9gime marocain.<\/p>\n<h2 style=\"text-align: justify;\"><strong>Dynamisme commercial<\/strong><\/h2>\n<p style=\"text-align: justify;\">Avec la fermeture du bureau de liaison d\u2019Isra\u00ebl \u00e0 Rabat, dans le contexte de d\u00e9clenchement de la seconde <em>intifada<\/em>, les contacts entre les deux pays se sont faits plus discrets sans jamais cess\u00e9 d\u2019exister. D\u2019un c\u00f4t\u00e9, le dynamisme commercial est une r\u00e9alit\u00e9, avec un volume d\u2019\u00e9changes de \u00ab 52,3 millions de dollars sur dix-huit mois \u00bb entre 2014 et 2015, selon le Bureau isra\u00e9lien central des statistiques (BCS).<\/p>\n<p style=\"text-align: justify;\">De l\u2019autre, une br\u00e8che s\u2019est ouverte ces derni\u00e8res ann\u00e9es dans l\u2019opacit\u00e9 des relations depuis les r\u00e9v\u00e9lations fracassantes faites par Wikileaks sur les rencontres au sommet, notamment en 2009, entre le ministre des Affaires \u00e9trang\u00e8res isra\u00e9lien, Avigdor Liebermann et son homologue marocain, Ta\u00efeb Fassi-Fihri.<\/p>\n<p style=\"text-align: justify;\">Au nombre des scandales politiques entachant la monarchie marocaine, l\u2019enqu\u00eate publi\u00e9e en 2015 par le quotidien isra\u00e9lien <em>Yehrodot Ahronot<\/em> met en lumi\u00e8re la coop\u00e9ration active entre les services de renseignements marocain et le Mossad dans l\u2019assassinat de l\u2019opposant historique de la gauche marocaine, Mehdi Ben Barka. Un an plus tard, de nouvelles informations embarrassantes d\u2019un ancien chef des renseignements militaires isra\u00e9liens, d\u00e9voilant le r\u00f4le cl\u00e9 de Hassan II dans la d\u00e9faite arabe de 1967, a fait l\u2019effet d\u2019une nouvelle bombe dans le royaume ch\u00e9rifien.<\/p>\n<p style=\"text-align: justify;\">Ainsi, si ces relations ont travers\u00e9 une p\u00e9riode de refroidissement, sur le fond en revanche, il a toujours subsist\u00e9 des \u00e9l\u00e9ments de convergences inh\u00e9rentes aux int\u00e9r\u00eats propres de chacun des deux \u00c9tats. Cette relation a un ancrage historique fort, n\u00e9 dans un contexte de crise de l\u00e9gitimit\u00e9 d\u2019une monarchie \u00e0 contre-courant des \u00e9volutions r\u00e9gionales.<\/p>\n<h2 style=\"text-align: justify;\"><strong>Ennemis politiques communs<\/strong><\/h2>\n<p style=\"text-align: justify;\">Historiquement, la survie du pouvoir royal\u00a0a repos\u00e9 sur la double strat\u00e9gie de l\u2019affaiblissement du puissant parti nationaliste, l\u2019Istiqlal, et d\u2019\u00e9dification d\u2019une l\u00e9gitimit\u00e9 ind\u00e9pendantiste aupr\u00e8s du peuple marocain. La France, d\u2019une certaine mani\u00e8re, lui en donnera l\u2019occasion. L\u2019exil, qu\u2019imposent les autorit\u00e9s fran\u00e7aises au roi Mohamed V en 1953, permet de souder les Marocains autour de sa personne et, consolider politiquement la monarchie marocaine face aux autres forces politiques.<\/p>\n<div class=\"pub_article\" style=\"text-align: justify;\">\n<div class=\"pub_inner\">\n<div id=\"akv-incontent\">\u00a0L\u2019intronisation du roi \u00e0 l\u2019ind\u00e9pendance en 1956 ne met pas fin, cependant, \u00e0\u00a0la lutte pour le pouvoir entre le palais et le mouvement nationaliste, qui culmine avec l\u2019assassinat de Mehdi Ben Barka en 1965. Cette situation politique a fragilis\u00e9 le r\u00e8gne de Mohamed V puis\u00a0de son fils Hassan II, h\u00e9ritier d\u2019un contexte marqu\u00e9 par des troubles sociaux et politiques.<\/div>\n<\/div>\n<\/div>\n<p style=\"text-align: justify;\">En proie \u00e0 une instabilit\u00e9 grave, Hassan II, qui \u00e9chappe \u00e0 deux tentatives de coup d\u2019\u00c9tat, en 1971 et en 1972, \u0153uvre avec acharnement \u00e0 la stabilisation du r\u00e9gime. L\u2019occupation du Sahara occidental en 1975, contest\u00e9e par l\u2019Alg\u00e9rie, est une opportunit\u00e9 historique pour isoler l\u2019opposition politique radicale qui est f\u00e9rocement r\u00e9prim\u00e9e. Cette instabilit\u00e9 politique permanente explique l\u2019importance du rapprochement isra\u00e9lo-marocain.<\/p>\n<h2 style=\"text-align: justify;\"><strong>Combattre l\u2019ennemi int\u00e9rieur et fragiliser l\u2019ennemi ext\u00e9rieur<\/strong><\/h2>\n<p style=\"text-align: justify;\">Pour mettre son pouvoir \u00e0 l\u2019abri d\u2019une nouvelle crise interne et guid par une conception politique r\u00e9gionale plus proche d\u2019Isra\u00ebl que des r\u00e9gimes arabes dits progressistes, Hassan II\u00a0s\u2019est rapproch\u00e9 de Tel Aviv d\u00e8s 1961, date de la conclusion des accords secrets conclus avec le Mossad. Les services de renseignements isra\u00e9liens ont, d\u00e8s lors, r\u00e9pondu avec z\u00e8le aux sollicitations du pouvoir marocain, notamment dans l\u2019affaire Ben Barka en 1965.<\/p>\n<p style=\"text-align: justify;\">Ainsi l\u2019imp\u00e9ratif de s\u00e9curit\u00e9 nationale et la volont\u00e9 d\u2019affaiblir les r\u00e9gimes nationalistes arabes comme l\u2019Alg\u00e9rie et l\u2019\u00c9gypte \u00e9clairent la strat\u00e9gie de Hassan II, qui s\u2019associe \u00e0 Isra\u00ebl pour combattre l\u2019ennemi int\u00e9rieur et fragiliser l\u2019ennemi ext\u00e9rieur. \u00c0 l\u2019initiative d\u2019une diplomatie minimale et discr\u00e8te, il multiplie les d\u00e9marches officielles pour la paix \u00e0 partir de 1985 (date \u00e0 laquelle il invita Shimon P\u00e9r\u00e8s \u00e0 se rendre au Maroc). Afin de concr\u00e9tiser le rapprochement, il sera l\u2019artisan d\u2019une relation directe et originale avec l\u2019\u00e9tablissement, en 1994, d\u2019un si\u00e8ge diplomatique ayant des organes \u00e0 Rabat et \u00e0 Tel Aviv.<\/p>\n<p style=\"text-align: justify;\">L\u2019importance des relations entre les Marocains juifs et les Isra\u00e9liens d\u2019origine marocaine a \u00e9galement particip\u00e9 au\u00a0renforcement des liens entre les deux pays. Une \u00e9tude publi\u00e9e par le minist\u00e8re des Marocains r\u00e9sidant \u00e0 l\u2019\u00e9tranger a \u00e9tabli que la deuxi\u00e8me plus importante communaut\u00e9 marocaine \u00e0 l\u2019\u00e9tranger se trouve en Isra\u00ebl avec plus de 800.000 personnes.<\/p>\n<p style=\"text-align: justify;\">Dans un article intitul\u00e9 \u00ab <em>La mise en sc\u00e8ne de l\u2019identit\u00e9 marocaine en Isra\u00ebl : un cas d\u2019\u2019isra\u00e9lianit\u00e9\u2019 diasporique<\/em> \u00bb, Emanuela Trevisan-Semi analyse le rattachement \u00e9troit entre les deux communaut\u00e9s. Elle note que les Isra\u00e9liens d\u2019origine marocaine \u00ab ne se sont pas content\u00e9s d\u2019entretenir une m\u00e9moire individuelle et familiale du pays natal dans l\u2019espace domestique priv\u00e9 (cuisine, musique, r\u00e9cits, objets, portraits aux murs des rois du Maroc, y compris du souverain actuel, dialecte arabo-marocain), ils sont \u00e9galement \u00e0 l\u2019origine de l\u2019introduction \u00e0 l\u2019int\u00e9rieur de l\u2019espace public isra\u00e9lien de symboles traditionnels du pouvoir marocain \u00bb.<\/p>\n<p style=\"text-align: justify;\">La figure la plus embl\u00e9matique de la communaut\u00e9 juive marocaine est Andr\u00e9 Azoulay, conseiller, successivement de Hassan II et de Mohamed VI. Au-del\u00e0, de son r\u00f4le jou\u00e9 dans la lib\u00e9ralisation de l\u2019\u00e9conomie marocaine, des observateurs soulignent qu\u2019il a eu un r\u00f4le clef dans la normalisation d\u2019Isra\u00ebl aupr\u00e8s des pays arabes et, notamment du Maroc. Si cette normalisation discr\u00e8te et progressive des relations est vivement souhait\u00e9e par Isra\u00ebl, la soci\u00e9t\u00e9 marocaine, y est, en revanche, farouchement oppos\u00e9e. Entre les r\u00e9actions populaires contre cette normalisation, qui ne dit pas son nom, et cette politique d\u2019ouverture \u00e0 Isra\u00ebl, la monarchie devra, \u00e0 terme, op\u00e9rer un choix douloureux.<\/p>\n<p style=\"text-align: justify;\"><a href=\"http:\/\/www.tsa-algerie.com\/20170129\/maroc-israel-normalisation-ne-dit-nom\/\">http:\/\/www.tsa-algerie.com\/20170129\/maroc-israel-normalisation-ne-dit-nom\/<\/a><\/p>\n<p style=\"text-align: justify;\">Source de la photo:\u00a0http:\/\/reseauinternational.net\/maghreb-les-relations-tres-particulieres-entre-le-maroc-et-israel\/<\/p>\n","protected":false},"excerpt":{"rendered":"<p>Cet article paru le 29 janvier 2019 sur le site\u00a0http:\/\/www.tsa-algerie.com\/ propose une analyse d\u00e9taill\u00e9e des relations entre le Royaume marocain et l&rsquo;entit\u00e9 sioniste, en revenant sur les fondements historiques de ces liens. \u00ab\u00a0Si\u00a0depuis 2000, les\u00a0relations diplomatiques officielles entre Rabat et Tel Aviv sont apparemment rompues, les ambigu\u00eft\u00e9s des rapports entre les deux capitales ne sont [&hellip;]<\/p>\n","protected":false},"author":1,"featured_media":0,"comment_status":"closed","ping_status":"closed","sticky":false,"template":"","format":"standard","meta":{"footnotes":""},"categories":[25,6,15],"tags":[],"class_list":["post-2724","post","type-post","status-publish","format-standard","hentry","category-a-la-une","category-dossiers","category-sionisme-dans-le-monde"],"views":4179,"_links":{"self":[{"href":"http:\/\/www.comiteactionpalestine.org\/word\/wp-json\/wp\/v2\/posts\/2724","targetHints":{"allow":["GET"]}}],"collection":[{"href":"http:\/\/www.comiteactionpalestine.org\/word\/wp-json\/wp\/v2\/posts"}],"about":[{"href":"http:\/\/www.comiteactionpalestine.org\/word\/wp-json\/wp\/v2\/types\/post"}],"author":[{"embeddable":true,"href":"http:\/\/www.comiteactionpalestine.org\/word\/wp-json\/wp\/v2\/users\/1"}],"replies":[{"embeddable":true,"href":"http:\/\/www.comiteactionpalestine.org\/word\/wp-json\/wp\/v2\/comments?post=2724"}],"version-history":[{"count":2,"href":"http:\/\/www.comiteactionpalestine.org\/word\/wp-json\/wp\/v2\/posts\/2724\/revisions"}],"predecessor-version":[{"id":2728,"href":"http:\/\/www.comiteactionpalestine.org\/word\/wp-json\/wp\/v2\/posts\/2724\/revisions\/2728"}],"wp:attachment":[{"href":"http:\/\/www.comiteactionpalestine.org\/word\/wp-json\/wp\/v2\/media?parent=2724"}],"wp:term":[{"taxonomy":"category","embeddable":true,"href":"http:\/\/www.comiteactionpalestine.org\/word\/wp-json\/wp\/v2\/categories?post=2724"},{"taxonomy":"post_tag","embeddable":true,"href":"http:\/\/www.comiteactionpalestine.org\/word\/wp-json\/wp\/v2\/tags?post=2724"}],"curies":[{"name":"wp","href":"https:\/\/api.w.org\/{rel}","templated":true}]}}