{"id":2684,"date":"2016-11-11T15:22:53","date_gmt":"2016-11-11T14:22:53","guid":{"rendered":"http:\/\/www.comiteactionpalestine.org\/word\/?p=2684"},"modified":"2016-11-11T15:22:53","modified_gmt":"2016-11-11T14:22:53","slug":"nos-droits-sarrachent-ils-ne-nous-sont-pas-donnes-gratuitement","status":"publish","type":"post","link":"http:\/\/www.comiteactionpalestine.org\/word\/nos-droits-sarrachent-ils-ne-nous-sont-pas-donnes-gratuitement\/","title":{"rendered":"Nos droits s&rsquo;arrachent, ils ne nous sont pas donn\u00e9s gratuitement\u00a0\u00bb"},"content":{"rendered":"<div class=\"pdfprnt-buttons pdfprnt-buttons-post pdfprnt-top-right\"><a href=\"http:\/\/www.comiteactionpalestine.org\/word\/wp-json\/wp\/v2\/posts\/2684?print=pdf\" class=\"pdfprnt-button pdfprnt-button-pdf\" target=\"_blank\"><img decoding=\"async\" src=\"http:\/\/www.comiteactionpalestine.org\/word\/wp-content\/plugins\/pdf-print\/images\/pdf.png\" alt=\"image_pdf\" title=\"Afficher le PDF\" \/><\/a><a href=\"http:\/\/www.comiteactionpalestine.org\/word\/wp-json\/wp\/v2\/posts\/2684?print=print\" class=\"pdfprnt-button pdfprnt-button-print\" target=\"_blank\"><img decoding=\"async\" src=\"http:\/\/www.comiteactionpalestine.org\/word\/wp-content\/plugins\/pdf-print\/images\/print.png\" alt=\"image_print\" title=\"Contenu imprim\u00e9\" \/><\/a><\/div><p><strong>Georges Habache<\/strong><\/p>\n<p>Calendrier Palestine Libre 2016 \u00ab\u00a0Palestine: la boussole des opprim\u00e9s\u00a0\u00bb<\/p>\n<p>&nbsp;<\/p>\n<p><i>Lettre de f\u00e9licitations adress\u00e9e \u00e0 Cheikh Hassan Nasrallah, secr\u00e9taire g\u00e9n\u00e9ral du Hezbollah, apr\u00e8s la guerre qui opposa la r\u00e9sistance libanaise \u00e0 l\u2019entit\u00e9 sioniste, en 2006 \u00a0(Extrait de l\u2019ouvrage \u00ab\u00a0les r\u00e9volutionnaires ne meurent jamais\u00a0\u00bb)<\/i><\/p>\n<p>&nbsp;<\/p>\n<p>Au grand fr\u00e8re al-Seyyed Hassan NASRALLAH<\/p>\n<p style=\"text-align: justify;\">\u00a0\u00a0\u00a0\u00a0\u00a0\u00a0 Permettez-moi de vous adresser mes f\u00e9licitations pour la victoire historique de la r\u00e9sistance islamique et du peuple libanais face \u00e0 l\u2019agression sioniste. Je pr\u00e9sente mon salut \u00e0 tous les moudjahidin et aux cadres du Hezbollah qui ont \u00e9crit\u00a0 avec leur sang une page de l\u2019Histoire.<\/p>\n<p style=\"text-align: justify;\">\u00a0\u00a0\u00a0\u00a0\u00a0\u00a0 La r\u00e9sistance du Hezbollah et du peuple libanais a accouch\u00e9 d\u2019une renaissance de la nation arabe toute enti\u00e8re. Cette guerre a fait tomber les masques des r\u00e9gimes arabes. Elle a d\u00e9voil\u00e9 le sc\u00e9nario d\u2019une agression pr\u00e9par\u00e9e par les Etats Unis et les n\u00e9oconservateurs de la Maison Blanche. Mais le pari am\u00e9ricain a \u00e9chou\u00e9.<\/p>\n<p style=\"text-align: justify;\">La victoire de la r\u00e9sistance au Liban est une victoire de la r\u00e9sistance en Palestine et en Irak contre les projets am\u00e9ricano-isra\u00e9liens au Moyen-Orient. Elle s\u2019inscrit dans le cadre des orientations strat\u00e9giques contre lesquelles nous luttons. Nos droits s\u2019arrachent. Ils ne nous sont pas donn\u00e9s gratuitement. La paix juste ne peut \u00eatre forg\u00e9e que dans l\u2019effort. Cette bataille a d\u00e9voil\u00e9 l\u2019imposture du discours de paix trompeur. Elle a ouvert de nouveaux horizons, mais elle n\u2019est pas la derni\u00e8re. A l\u2019avenir, nous allons devoir faire face \u00e0 des confrontations encore plus dures, que ce soit au Liban, en Palestine ou en Irak.<\/p>\n<p style=\"text-align: justify;\">Face au nouveau Moyen-Orient am\u00e9ricain fond\u00e9 sur les guerres confessionnelles et l\u2019\u00e9miettement de la r\u00e9gion, la prise de conscience nationale arabe est devenue la forteresse pour s\u2019opposer au projet concoct\u00e9 par George Bush et sa clique \u00e0 la Maison Blanche.<\/p>\n<p style=\"text-align: justify;\">Le Hezbollah a inject\u00e9 du sang neuf aux mouvements de r\u00e9sistance. Il a relev\u00e9 la t\u00eate du monde islamique. Avec vous et ensemble, en Palestine, au Liban, en Irak, avec vous et ensemble sur la route de la lib\u00e9ration de J\u00e9rusalem\u00a0! Gloire et \u00e9ternit\u00e9 \u00e0 nos martyrs courageux, et libert\u00e9 pour nos d\u00e9tenus\u00a0!<\/p>\n<p><i>N\u00e9 en 1926 dans la ville palestinienne de Lydda, il a fond\u00e9 et devint le 1<\/i><i><sup>er<\/sup><\/i><i> secr\u00e9taire g\u00e9n\u00e9ral du FPLP, le Front Populaire de Lib\u00e9ration de la Palestine. Il est d\u00e9c\u00e9d\u00e9 en 2008.<\/i><\/p>\n<p>&nbsp;<\/p>\n","protected":false},"excerpt":{"rendered":"<p>Georges Habache Calendrier Palestine Libre 2016 \u00ab\u00a0Palestine: la boussole des opprim\u00e9s\u00a0\u00bb &nbsp; Lettre de f\u00e9licitations adress\u00e9e \u00e0 Cheikh Hassan Nasrallah, secr\u00e9taire g\u00e9n\u00e9ral du Hezbollah, apr\u00e8s la guerre qui opposa la r\u00e9sistance libanaise \u00e0 l\u2019entit\u00e9 sioniste, en 2006 \u00a0(Extrait de l\u2019ouvrage \u00ab\u00a0les r\u00e9volutionnaires ne meurent jamais\u00a0\u00bb) &nbsp; Au grand fr\u00e8re al-Seyyed Hassan NASRALLAH \u00a0\u00a0\u00a0\u00a0\u00a0\u00a0 Permettez-moi de [&hellip;]<\/p>\n","protected":false},"author":1,"featured_media":0,"comment_status":"closed","ping_status":"closed","sticky":false,"template":"","format":"standard","meta":{"footnotes":""},"categories":[17],"tags":[],"class_list":["post-2684","post","type-post","status-publish","format-standard","hentry","category-les-calendriers"],"views":2419,"_links":{"self":[{"href":"http:\/\/www.comiteactionpalestine.org\/word\/wp-json\/wp\/v2\/posts\/2684","targetHints":{"allow":["GET"]}}],"collection":[{"href":"http:\/\/www.comiteactionpalestine.org\/word\/wp-json\/wp\/v2\/posts"}],"about":[{"href":"http:\/\/www.comiteactionpalestine.org\/word\/wp-json\/wp\/v2\/types\/post"}],"author":[{"embeddable":true,"href":"http:\/\/www.comiteactionpalestine.org\/word\/wp-json\/wp\/v2\/users\/1"}],"replies":[{"embeddable":true,"href":"http:\/\/www.comiteactionpalestine.org\/word\/wp-json\/wp\/v2\/comments?post=2684"}],"version-history":[{"count":1,"href":"http:\/\/www.comiteactionpalestine.org\/word\/wp-json\/wp\/v2\/posts\/2684\/revisions"}],"predecessor-version":[{"id":2686,"href":"http:\/\/www.comiteactionpalestine.org\/word\/wp-json\/wp\/v2\/posts\/2684\/revisions\/2686"}],"wp:attachment":[{"href":"http:\/\/www.comiteactionpalestine.org\/word\/wp-json\/wp\/v2\/media?parent=2684"}],"wp:term":[{"taxonomy":"category","embeddable":true,"href":"http:\/\/www.comiteactionpalestine.org\/word\/wp-json\/wp\/v2\/categories?post=2684"},{"taxonomy":"post_tag","embeddable":true,"href":"http:\/\/www.comiteactionpalestine.org\/word\/wp-json\/wp\/v2\/tags?post=2684"}],"curies":[{"name":"wp","href":"https:\/\/api.w.org\/{rel}","templated":true}]}}