{"id":2620,"date":"2016-08-07T16:32:44","date_gmt":"2016-08-07T15:32:44","guid":{"rendered":"http:\/\/www.comiteactionpalestine.org\/word\/?p=2620"},"modified":"2016-11-29T14:51:59","modified_gmt":"2016-11-29T13:51:59","slug":"a-mon-peuple-heroique-palestinien-lettre-du-greviste-de-la-faim-bilal-kayed","status":"publish","type":"post","link":"http:\/\/www.comiteactionpalestine.org\/word\/a-mon-peuple-heroique-palestinien-lettre-du-greviste-de-la-faim-bilal-kayed\/","title":{"rendered":"\u00c0 mon peuple h\u00e9ro\u00efque palestinien&#8230;lettre du gr\u00e9viste de la faim Bilal Kayed"},"content":{"rendered":"<div class=\"pdfprnt-buttons pdfprnt-buttons-post pdfprnt-top-right\"><a href=\"http:\/\/www.comiteactionpalestine.org\/word\/wp-json\/wp\/v2\/posts\/2620?print=pdf\" class=\"pdfprnt-button pdfprnt-button-pdf\" target=\"_blank\"><img decoding=\"async\" src=\"http:\/\/www.comiteactionpalestine.org\/word\/wp-content\/plugins\/pdf-print\/images\/pdf.png\" alt=\"image_pdf\" title=\"Afficher le PDF\" \/><\/a><a href=\"http:\/\/www.comiteactionpalestine.org\/word\/wp-json\/wp\/v2\/posts\/2620?print=print\" class=\"pdfprnt-button pdfprnt-button-print\" target=\"_blank\"><img decoding=\"async\" src=\"http:\/\/www.comiteactionpalestine.org\/word\/wp-content\/plugins\/pdf-print\/images\/print.png\" alt=\"image_print\" title=\"Contenu imprim\u00e9\" \/><\/a><\/div><p><center><strong>Lettre du gr\u00e9viste de la faim Bilal Kayed<\/strong><\/center><\/p>\n<p style=\"text-align: justify;\"><em>Bilal Kayed, est un r\u00e9sistant palestinien, incarc\u00e9r\u00e9 dans les ge\u00f4les sionistes pendant 14 ans, et qui m\u00e8ne une gr\u00e8ve de la faim depuis plus de 50 jours. L\u2019entit\u00e9 coloniale refuse de le lib\u00e9rer et l\u2019a condamn\u00e9 \u00e0 six mois de mise en d\u00e9tention administrative, renouvelables ind\u00e9finiment sans inculpation ni jugement, alors qu\u2019il a purg\u00e9 sa peine depuis le 13 juin. Plus de 100 prisonniers palestiniens se sont joints la gr\u00e8ve de la faim collective pour la libert\u00e9 de Kayed, dont le Secr\u00e9taire G\u00e9n\u00e9ral du FPLP Ahmad Sa&rsquo;adat. En France, Georges Ibrahim Adallah le plus ancien prisonnier politique s&rsquo;est \u00e9galement associ\u00e9 \u00e0 cette gr\u00e8ve de la faim. Un immense mouvement de protestation a lieu actuellement en Palestine en solidarit\u00e9 avec Bilal Kayed et tous les prisonniers palestiniens. <\/em><\/p>\n<p><strong>\u00c0 mon peuple h\u00e9ro\u00efque palestinien&#8230;<\/strong><br \/>\n<strong>Gens libres du monde&#8230;<\/strong><\/p>\n<p style=\"text-align: justify;\">Dans cette \u00e9tape difficile que je subis sur un plan personnel, dans la lutte contre la tentative de forcer ma soumission \u00e0 l\u2019occupation brutale qui a pris la d\u00e9cision de me liquider, pour rien d\u2019autre que le fait que j\u2019ai \u00e9t\u00e9 aux c\u00f4t\u00e9s des prisonniers de mon peuple, d\u00e9fendant mes droits et leurs droits et les droits de leurs familles pour parvenir \u00e0 acc\u00e9der\u00a0m\u00eame aux conditions minimales de la dignit\u00e9 humaine. Il n\u2019est pas \u00e9trange que je me trouve moi-m\u00eame soutenu par l\u2019ensemble de mon peuple, de ceux qui m\u2019entourent avec leurs cris et leurs pleurs et leur soutien et font des efforts inlassables pour annihiler l\u2019injustice qui a \u00e9t\u00e9 inflig\u00e9e, \u00e0 moi et aux prisonniers. Ce qui arrive est tout \u00e0 fait en accord avec l\u2019esprit d\u2019entente nationale dans lequel j\u2019ai \u00e9t\u00e9 \u00e9lev\u00e9, par vous, mon peuple et par les peuples libres du monde, o\u00f9 qu\u2019ils soient. En <strong>Cisjordanie<\/strong> , se dressant contre l\u2019oppression\u00a0; dans les terres occup\u00e9es [de 1948], fiers et enracin\u00e9s dans la terre et le respect de leur identit\u00e9\u00a0; mon peuple h\u00e9ro\u00efque dans <strong>Gaza<\/strong> victorieuse et tous les hommes libres du monde, de toutes les nationalit\u00e9s et de toutes les origines.<\/p>\n<p style=\"text-align: justify;\">Je suis ici, aujourd&rsquo;hui, terminant ma premi\u00e8re \u00e9tape dans ma bataille avec cet occupant brutal et j\u2019ai annonc\u00e9 ma deuxi\u00e8me \u00e9tape, qui est celle de l\u2019unit\u00e9 avec tous les prisonniers de tous horizons et partis politiques pour que nous puissions tous, collectivement, nous\u00a0tenir \u00e0 l&rsquo;avant-garde de la lutte nationale, \u00e0 l\u2019int\u00e9rieur et \u00e0 l\u2019ext\u00e9rieur des prisons.<\/p>\n<p style=\"text-align: justify;\">Apr\u00e8s avoir re\u00e7u cette d\u00e9cision des tribunaux de l\u2019occupation militaire (comme je l\u2019attendais) [de rejet de son appel contre la d\u00e9tention administrative] ignorant ma libert\u00e9, la vie et la dignit\u00e9, il est n\u00e9cessaire que je r\u00e9pondre afin de faire face \u00e0 cette d\u00e9cision brutale. Ainsi \u00e0 partir d\u2019aujourd&rsquo;hui, 1er ao\u00fbt 2016, je refuse tous les examens m\u00e9dicaux propos\u00e9s par les m\u00e9decins de l\u2019h\u00f4pital. J&rsquo;exige mon retour imm\u00e9diat en prison malgr\u00e9 la d\u00e9t\u00e9rioration de mes conditions de sant\u00e9, pour me tenir debout sur un seul front et sur une seule ligne dans les cellules de l\u2019occupation, aux c\u00f4t\u00e9s de tous les prisonniers en r\u00e9volte, \u00e9levant la voix avec force\u00a0: Votre d\u00e9cision ne passera pas facilement\u00a0! Surtout apr\u00e8s que l\u2019occupation ait franchi une autre ligne rouge, encore plus dangereuse, en m\u2019envoyant en d\u00e9tention administrative, ce qui vise \u00e0 liquider tous les dirigeants du mouvement de prisonniers et ses cadres et ceux qui l\u00e8vent haut sa banni\u00e8re en d\u00e9fense du droit des prisonniers \u00e0 la libert\u00e9 et \u00e0 la dignit\u00e9.<\/p>\n<p style=\"text-align: justify;\">Mon peuple h\u00e9ro\u00efque, l\u2019heure du combat est arriv\u00e9e. Je suis plein d\u2019espoir. Car j\u2019ai toujours su que vous, vous \u00eates le mur protecteur, d\u00e9fendant notre lutte. Ce que j\u2019ai re\u00e7u de vous par vos luttes, vos sit-in, vos manifestations, me donne plus de d\u00e9termination pour continuer vers l\u2019avant jusqu&rsquo;\u00e0 la victoire. La libert\u00e9 ou le martyre.<\/p>\n<p><strong>La victoire est in\u00e9vitable.<\/strong><\/p>\n<p>Bilal Kayed<br \/>\nH\u00f4pital Barzilai<br \/>\n1er ao\u00fbt 2016<\/p>\n<p>source samidoun.ca<\/p>\n","protected":false},"excerpt":{"rendered":"<p>Lettre du gr\u00e9viste de la faim Bilal Kayed Bilal Kayed, est un r\u00e9sistant palestinien, incarc\u00e9r\u00e9 dans les ge\u00f4les sionistes pendant 14 ans, et qui m\u00e8ne une gr\u00e8ve de la faim depuis plus de 50 jours. L\u2019entit\u00e9 coloniale refuse de le lib\u00e9rer et l\u2019a condamn\u00e9 \u00e0 six mois de mise en d\u00e9tention administrative, renouvelables ind\u00e9finiment sans [&hellip;]<\/p>\n","protected":false},"author":1,"featured_media":2621,"comment_status":"closed","ping_status":"closed","sticky":false,"template":"","format":"standard","meta":{"footnotes":""},"categories":[9],"tags":[],"class_list":["post-2620","post","type-post","status-publish","format-standard","has-post-thumbnail","hentry","category-prisonniers"],"views":2563,"_links":{"self":[{"href":"http:\/\/www.comiteactionpalestine.org\/word\/wp-json\/wp\/v2\/posts\/2620","targetHints":{"allow":["GET"]}}],"collection":[{"href":"http:\/\/www.comiteactionpalestine.org\/word\/wp-json\/wp\/v2\/posts"}],"about":[{"href":"http:\/\/www.comiteactionpalestine.org\/word\/wp-json\/wp\/v2\/types\/post"}],"author":[{"embeddable":true,"href":"http:\/\/www.comiteactionpalestine.org\/word\/wp-json\/wp\/v2\/users\/1"}],"replies":[{"embeddable":true,"href":"http:\/\/www.comiteactionpalestine.org\/word\/wp-json\/wp\/v2\/comments?post=2620"}],"version-history":[{"count":2,"href":"http:\/\/www.comiteactionpalestine.org\/word\/wp-json\/wp\/v2\/posts\/2620\/revisions"}],"predecessor-version":[{"id":2624,"href":"http:\/\/www.comiteactionpalestine.org\/word\/wp-json\/wp\/v2\/posts\/2620\/revisions\/2624"}],"wp:featuredmedia":[{"embeddable":true,"href":"http:\/\/www.comiteactionpalestine.org\/word\/wp-json\/wp\/v2\/media\/2621"}],"wp:attachment":[{"href":"http:\/\/www.comiteactionpalestine.org\/word\/wp-json\/wp\/v2\/media?parent=2620"}],"wp:term":[{"taxonomy":"category","embeddable":true,"href":"http:\/\/www.comiteactionpalestine.org\/word\/wp-json\/wp\/v2\/categories?post=2620"},{"taxonomy":"post_tag","embeddable":true,"href":"http:\/\/www.comiteactionpalestine.org\/word\/wp-json\/wp\/v2\/tags?post=2620"}],"curies":[{"name":"wp","href":"https:\/\/api.w.org\/{rel}","templated":true}]}}