{"id":2492,"date":"2016-01-19T20:08:21","date_gmt":"2016-01-19T19:08:21","guid":{"rendered":"http:\/\/www.comiteactionpalestine.org\/word\/?p=2492"},"modified":"2016-04-26T21:02:22","modified_gmt":"2016-04-26T20:02:22","slug":"permis-de-tuer","status":"publish","type":"post","link":"http:\/\/www.comiteactionpalestine.org\/word\/permis-de-tuer\/","title":{"rendered":"Le permis de tuer des Arabes"},"content":{"rendered":"<div class=\"pdfprnt-buttons pdfprnt-buttons-post pdfprnt-top-right\"><a href=\"http:\/\/www.comiteactionpalestine.org\/word\/wp-json\/wp\/v2\/posts\/2492?print=pdf\" class=\"pdfprnt-button pdfprnt-button-pdf\" target=\"_blank\"><img decoding=\"async\" src=\"http:\/\/www.comiteactionpalestine.org\/word\/wp-content\/plugins\/pdf-print\/images\/pdf.png\" alt=\"image_pdf\" title=\"Afficher le PDF\" \/><\/a><a href=\"http:\/\/www.comiteactionpalestine.org\/word\/wp-json\/wp\/v2\/posts\/2492?print=print\" class=\"pdfprnt-button pdfprnt-button-print\" target=\"_blank\"><img decoding=\"async\" src=\"http:\/\/www.comiteactionpalestine.org\/word\/wp-content\/plugins\/pdf-print\/images\/print.png\" alt=\"image_print\" title=\"Contenu imprim\u00e9\" \/><\/a><\/div><p class=\"ecxMsoNormal\">Communiqu\u00e9 du Comit\u00e9 Action Palestine \u00e0 l&rsquo;occasion de l&rsquo;acquittement du policier qui a tu\u00e9 Amine Bentounsi d&rsquo;une balle dans le dos (janvier 2016).<\/p>\n<p class=\"ecxMsoNormal\" style=\"text-align: justify\"><i>\u00ab La justice, telle que l&rsquo;entendent les juristes, \u00ab ces gens les plus r\u00e9actionnaires du monde \u00bb, selon L\u00e9nine, la justice telle qu&rsquo;elle est rendue est une justice de connivence, pour cette simple raison que toute soci\u00e9t\u00e9 qui organise des tribunaux le fait afin de juger selon SES normes des atteintes \u00e0 SA l\u00e9galit\u00e9. \u00bb<\/i> J. Verg\u00e8s<u><\/u><u><\/u><\/p>\n<p class=\"ecxMsoNormal\" style=\"text-align: justify\">Amine Bentounsi, comme avant lui Zyed et Bouna et tant d\u2019autres, a \u00e9t\u00e9 victime deux fois de la violence d\u2019Etat. Une premi\u00e8re fois victime de la police. La deuxi\u00e8me fois de la justice. La double peine de mort est invent\u00e9e par l\u2019Etat fran\u00e7ais. L\u2019assassinat extra-judiciaire devient la norme. Cette violence d\u2019Etat s\u2019abat sans piti\u00e9 sur cette population paup\u00e9ris\u00e9e et issue des anciennes colonies fran\u00e7aises. Depuis longtemps, le racisme d\u2019Etat tue dans les quartiers populaires, tue des Arabes et des Noirs, tue sans espoir de justice pour les victimes et leurs familles. Violence polici\u00e8re, discriminations et racisme dans tous les domaines, paup\u00e9risation massive, tous ces param\u00e8tres ont b\u00e2ti un apartheid \u00e0 la fran\u00e7aise. Mais il n\u2019y a rien d\u2019\u00e9tonnant. La soci\u00e9t\u00e9 fran\u00e7aise et ses institutions sont marqu\u00e9es par une histoire particuli\u00e8re : des si\u00e8cles d\u2019esclavagisme et de colonialisme. Le racisme est l\u2019\u00e2me de ces institutions. Rien d\u2019\u00e9tonnant donc \u00e0 cette violence polici\u00e8re raciste, \u00e0 cette justice raciste, \u00e0 cette \u00e9cole raciste qui n\u2019h\u00e9site pas \u00e0 envoyer des enfants dans les commissariats de police. Avec l\u2019inscription dans la constitution de la d\u00e9ch\u00e9ance de nationalit\u00e9 pour les binationaux, l&rsquo;Etat l\u00e9gitimera la discrimination raciste en cr\u00e9ant deux types de \u00ab\u00a0citoyens\u00a0\u00bb, le fran\u00e7ais de \u00ab\u00a0souche\u00a0\u00bb et le fran\u00e7ais ayant une ascendance issue de l&rsquo;immigration. C\u2019est une faillite de civilisation qu\u2019Aim\u00e9 C\u00e9saire r\u00e9sumait ainsi : \u00ab Une civilisation qui s\u2019av\u00e8re incapable de r\u00e9soudre les probl\u00e8mes que suscite son fonctionnement est une civilisation d\u00e9cadente. Une civilisation qui choisit de fermer les yeux \u00e0 ses probl\u00e8mes les plus cruciaux est une civilisation atteinte. Une civilisation qui ruse avec ses principes est une civilisation moribonde \u00bb.<u><\/u><u><\/u><\/p>\n<p style=\"text-align: justify\">Le Comit\u00e9 Action Palestine d\u00e9nonce le racisme d\u2019Etat et condamne cette nouvelle d\u00e9cision de justice ignoble. Face \u00e0 cet apartheid \u00e0 la fran\u00e7aise, il ne reste qu\u2019une seule voie : la r\u00e9sistance.<\/p>\n","protected":false},"excerpt":{"rendered":"<p>Communiqu\u00e9 du Comit\u00e9 Action Palestine \u00e0 l&rsquo;occasion de l&rsquo;acquittement du policier qui a tu\u00e9 Amine Bentounsi d&rsquo;une balle dans le dos (janvier 2016). \u00ab La justice, telle que l&rsquo;entendent les juristes, \u00ab ces gens les plus r\u00e9actionnaires du monde \u00bb, selon L\u00e9nine, la justice telle qu&rsquo;elle est rendue est une justice de connivence, pour cette [&hellip;]<\/p>\n","protected":false},"author":2,"featured_media":0,"comment_status":"closed","ping_status":"closed","sticky":false,"template":"","format":"standard","meta":{"footnotes":""},"categories":[25,30,5,28],"tags":[],"class_list":["post-2492","post","type-post","status-publish","format-standard","hentry","category-a-la-une","category-actualites","category-communiques","category-sionisme-en-france"],"views":2954,"_links":{"self":[{"href":"http:\/\/www.comiteactionpalestine.org\/word\/wp-json\/wp\/v2\/posts\/2492","targetHints":{"allow":["GET"]}}],"collection":[{"href":"http:\/\/www.comiteactionpalestine.org\/word\/wp-json\/wp\/v2\/posts"}],"about":[{"href":"http:\/\/www.comiteactionpalestine.org\/word\/wp-json\/wp\/v2\/types\/post"}],"author":[{"embeddable":true,"href":"http:\/\/www.comiteactionpalestine.org\/word\/wp-json\/wp\/v2\/users\/2"}],"replies":[{"embeddable":true,"href":"http:\/\/www.comiteactionpalestine.org\/word\/wp-json\/wp\/v2\/comments?post=2492"}],"version-history":[{"count":3,"href":"http:\/\/www.comiteactionpalestine.org\/word\/wp-json\/wp\/v2\/posts\/2492\/revisions"}],"predecessor-version":[{"id":2496,"href":"http:\/\/www.comiteactionpalestine.org\/word\/wp-json\/wp\/v2\/posts\/2492\/revisions\/2496"}],"wp:attachment":[{"href":"http:\/\/www.comiteactionpalestine.org\/word\/wp-json\/wp\/v2\/media?parent=2492"}],"wp:term":[{"taxonomy":"category","embeddable":true,"href":"http:\/\/www.comiteactionpalestine.org\/word\/wp-json\/wp\/v2\/categories?post=2492"},{"taxonomy":"post_tag","embeddable":true,"href":"http:\/\/www.comiteactionpalestine.org\/word\/wp-json\/wp\/v2\/tags?post=2492"}],"curies":[{"name":"wp","href":"https:\/\/api.w.org\/{rel}","templated":true}]}}