{"id":2423,"date":"2015-11-11T23:37:22","date_gmt":"2015-11-11T22:37:22","guid":{"rendered":"http:\/\/www.comiteactionpalestine.org\/word\/?p=2423"},"modified":"2016-04-14T20:25:35","modified_gmt":"2016-04-14T19:25:35","slug":"calendrier-palestine-libre-2016-palestine-la-boussole-des-opprimes","status":"publish","type":"post","link":"http:\/\/www.comiteactionpalestine.org\/word\/calendrier-palestine-libre-2016-palestine-la-boussole-des-opprimes\/","title":{"rendered":"Calendrier Palestine Libre 2016 : \u00ab\u00a0Palestine : la boussole des opprim\u00e9s\u00a0\u00bb"},"content":{"rendered":"<div class=\"pdfprnt-buttons pdfprnt-buttons-post pdfprnt-top-right\"><a href=\"http:\/\/www.comiteactionpalestine.org\/word\/wp-json\/wp\/v2\/posts\/2423?print=pdf\" class=\"pdfprnt-button pdfprnt-button-pdf\" target=\"_blank\"><img decoding=\"async\" src=\"http:\/\/www.comiteactionpalestine.org\/word\/wp-content\/plugins\/pdf-print\/images\/pdf.png\" alt=\"image_pdf\" title=\"Afficher le PDF\" \/><\/a><a href=\"http:\/\/www.comiteactionpalestine.org\/word\/wp-json\/wp\/v2\/posts\/2423?print=print\" class=\"pdfprnt-button pdfprnt-button-print\" target=\"_blank\"><img decoding=\"async\" src=\"http:\/\/www.comiteactionpalestine.org\/word\/wp-content\/plugins\/pdf-print\/images\/print.png\" alt=\"image_print\" title=\"Contenu imprim\u00e9\" \/><\/a><\/div><p style=\"text-align: justify\">Cela fait bient\u00f4t soixante-dix ans que le peuple palestinien vit l\u2019enfer. Depuis bient\u00f4t soixante-dix ans, l\u2019imposteur g\u00e9nocidaire qu\u2019un concert de nations imp\u00e9rialistes a reconnu comme \u00ab\u00a0Etat d\u2019Isra\u00ebl\u00a0\u00bb le martyrise et fait saigner sa terre. Cet Etat, en r\u00e9alit\u00e9 artifice institutionnel \u00e9tabli sur la base de la terreur, s\u2019arroge le droit divin de s\u2019accaparer cette terre, d\u2019en arracher son peuple, d\u2019en d\u00e9truire l\u2019identit\u00e9 arabe. Structurellement raciste, l\u2019entit\u00e9 coloniale sioniste concentre ce que l\u2019imp\u00e9rialisme occidental peut produire de plus monstrueux.<\/p>\n<p style=\"text-align: justify\">Il n\u2019y a rien \u00e0 attendre des \u00ab\u00a0processus de paix\u00a0\u00bb parce qu\u2019il n\u2019y a rien \u00e0 attendre d\u2019une\u00a0entreprise criminelle. Les le\u00e7ons de morale adress\u00e9es \u00e0 l\u2019opprim\u00e9 qui se d\u00e9fend contre son agresseur n\u2019ont d\u2019autre fonction que d\u2019\u00e9teindre le souffle de la r\u00e9sistance. Elles sont un d\u00e9ni pur et simple de justice. Tout peuple a droit \u00e0 exister et \u00e0 vivre sur sa terre natale.<img fetchpriority=\"high\" decoding=\"async\" class=\"alignright wp-image-2424\" src=\"http:\/\/www.comiteactionpalestine.org\/word\/wp-content\/uploads\/2015\/11\/Habache.jpg\" alt=\"Habache\" width=\"376\" height=\"266\" srcset=\"http:\/\/www.comiteactionpalestine.org\/word\/wp-content\/uploads\/2015\/11\/Habache.jpg 1240w, http:\/\/www.comiteactionpalestine.org\/word\/wp-content\/uploads\/2015\/11\/Habache-300x212.jpg 300w, http:\/\/www.comiteactionpalestine.org\/word\/wp-content\/uploads\/2015\/11\/Habache-768x543.jpg 768w, http:\/\/www.comiteactionpalestine.org\/word\/wp-content\/uploads\/2015\/11\/Habache-1024x724.jpg 1024w\" sizes=\"(max-width: 376px) 100vw, 376px\" \/><\/p>\n<p style=\"text-align: justify\">La r\u00e9sistance est la seule voie vers la lib\u00e9ration. Cette conviction est chevill\u00e9e au corps\u00a0 d\u2019un peuple qui a forg\u00e9 sa conscience r\u00e9volutionnaire dans les fers de l\u2019occupation sioniste. Les moyens barbares employ\u00e9s syst\u00e9matiquement depuis plus d\u2019un demi-si\u00e8cle pour l\u2019an\u00e9antir demeurent impuissants face \u00e0 son extraordinaire d\u00e9termination. L\u2019\u00e9miettement de\u00a0 sa patrie, la dispersion forc\u00e9e de ses membres dans des camps de r\u00e9fugi\u00e9s n\u2019ont pas eu raison de son unit\u00e9. A l\u2019instar du peuple alg\u00e9rien, son fr\u00e8re historique de lutte contre l\u2019imp\u00e9rialisme,\u00a0 le peuple palestinien montre aujourd\u2019hui \u00e0 la face du monde comment l\u2019Intifada d\u00e9truit peu \u00e0 peu le mythe de l\u2019invincibilit\u00e9 de l\u2019occupant.<\/p>\n<p style=\"text-align: justify\"><img decoding=\"async\" class=\"wp-image-2426 alignleft\" src=\"http:\/\/www.comiteactionpalestine.org\/word\/wp-content\/uploads\/2015\/11\/novembre2016pet.jpg\" alt=\"novembre2016pet\" width=\"339\" height=\"240\" srcset=\"http:\/\/www.comiteactionpalestine.org\/word\/wp-content\/uploads\/2015\/11\/novembre2016pet.jpg 1240w, http:\/\/www.comiteactionpalestine.org\/word\/wp-content\/uploads\/2015\/11\/novembre2016pet-300x212.jpg 300w, http:\/\/www.comiteactionpalestine.org\/word\/wp-content\/uploads\/2015\/11\/novembre2016pet-768x543.jpg 768w, http:\/\/www.comiteactionpalestine.org\/word\/wp-content\/uploads\/2015\/11\/novembre2016pet-1024x724.jpg 1024w\" sizes=\"(max-width: 339px) 100vw, 339px\" \/><\/p>\n<p style=\"text-align: justify\">Le peuple palestinien est le souverain l\u00e9gitime de toute la Palestine et sa r\u00e9sistance vaincra le sionisme comme la r\u00e9sistance alg\u00e9rienne a vaincu le colonialisme fran\u00e7ais. Ce calendrier lui rend hommage \u00e0 travers les paroles de figures politiques qui, de l\u2019Alg\u00e9rie au Venezuela, du Burkina Faso \u00e0 Cuba, du Sud-Liban au Chiapas,\u00a0 ont toujours reconnu sa cause comme embl\u00e9matique de leur lutte contre l\u2019imp\u00e9rialisme occidental.<\/p>\n<p style=\"text-align: justify\"><i>Comit\u00e9 Action Palestine (Octobre 2015)<\/i><\/p>\n<p style=\"text-align: justify\">Le prix de ce calendrier est de 5\u20ac, plus frais de port. Vous pouvez le commander en t\u00e9l\u00e9chargeant le bon de commande ci-joint, \u00e0 nous renvoyer par courrier postal, accompagn\u00e9 du r\u00e8glement par ch\u00e8que. Nous vous enverrons le calendrier une fois le r\u00e8glement re\u00e7u.<\/p>\n<p style=\"text-align: justify\"><a href=\"http:\/\/www.comiteactionpalestine.org\/word\/wp-content\/uploads\/2015\/11\/bondecommande20161.pdf\">bondecommande2016<\/a><\/p>\n","protected":false},"excerpt":{"rendered":"<p>Cela fait bient\u00f4t soixante-dix ans que le peuple palestinien vit l\u2019enfer. Depuis bient\u00f4t soixante-dix ans, l\u2019imposteur g\u00e9nocidaire qu\u2019un concert de nations imp\u00e9rialistes a reconnu comme \u00ab\u00a0Etat d\u2019Isra\u00ebl\u00a0\u00bb le martyrise et fait saigner sa terre. Cet Etat, en r\u00e9alit\u00e9 artifice institutionnel \u00e9tabli sur la base de la terreur, s\u2019arroge le droit divin de s\u2019accaparer cette terre, [&hellip;]<\/p>\n","protected":false},"author":2,"featured_media":2425,"comment_status":"closed","ping_status":"closed","sticky":false,"template":"","format":"standard","meta":{"footnotes":""},"categories":[25,17],"tags":[],"class_list":["post-2423","post","type-post","status-publish","format-standard","has-post-thumbnail","hentry","category-a-la-une","category-les-calendriers"],"views":3661,"_links":{"self":[{"href":"http:\/\/www.comiteactionpalestine.org\/word\/wp-json\/wp\/v2\/posts\/2423","targetHints":{"allow":["GET"]}}],"collection":[{"href":"http:\/\/www.comiteactionpalestine.org\/word\/wp-json\/wp\/v2\/posts"}],"about":[{"href":"http:\/\/www.comiteactionpalestine.org\/word\/wp-json\/wp\/v2\/types\/post"}],"author":[{"embeddable":true,"href":"http:\/\/www.comiteactionpalestine.org\/word\/wp-json\/wp\/v2\/users\/2"}],"replies":[{"embeddable":true,"href":"http:\/\/www.comiteactionpalestine.org\/word\/wp-json\/wp\/v2\/comments?post=2423"}],"version-history":[{"count":6,"href":"http:\/\/www.comiteactionpalestine.org\/word\/wp-json\/wp\/v2\/posts\/2423\/revisions"}],"predecessor-version":[{"id":2672,"href":"http:\/\/www.comiteactionpalestine.org\/word\/wp-json\/wp\/v2\/posts\/2423\/revisions\/2672"}],"wp:featuredmedia":[{"embeddable":true,"href":"http:\/\/www.comiteactionpalestine.org\/word\/wp-json\/wp\/v2\/media\/2425"}],"wp:attachment":[{"href":"http:\/\/www.comiteactionpalestine.org\/word\/wp-json\/wp\/v2\/media?parent=2423"}],"wp:term":[{"taxonomy":"category","embeddable":true,"href":"http:\/\/www.comiteactionpalestine.org\/word\/wp-json\/wp\/v2\/categories?post=2423"},{"taxonomy":"post_tag","embeddable":true,"href":"http:\/\/www.comiteactionpalestine.org\/word\/wp-json\/wp\/v2\/tags?post=2423"}],"curies":[{"name":"wp","href":"https:\/\/api.w.org\/{rel}","templated":true}]}}