{"id":2298,"date":"2014-11-21T21:17:27","date_gmt":"2014-11-21T20:17:27","guid":{"rendered":"http:\/\/www.comiteactionpalestine.org\/word\/?p=2298"},"modified":"2015-12-21T15:16:01","modified_gmt":"2015-12-21T14:16:01","slug":"vers-la-liberation-de-al-quds-et-de-toute-la-palestine","status":"publish","type":"post","link":"http:\/\/www.comiteactionpalestine.org\/word\/vers-la-liberation-de-al-quds-et-de-toute-la-palestine\/","title":{"rendered":"Vers la lib\u00e9ration de Al-Quds et de toute la Palestine"},"content":{"rendered":"<div class=\"pdfprnt-buttons pdfprnt-buttons-post pdfprnt-top-right\"><a href=\"http:\/\/www.comiteactionpalestine.org\/word\/wp-json\/wp\/v2\/posts\/2298?print=pdf\" class=\"pdfprnt-button pdfprnt-button-pdf\" target=\"_blank\"><img decoding=\"async\" src=\"http:\/\/www.comiteactionpalestine.org\/word\/wp-content\/plugins\/pdf-print\/images\/pdf.png\" alt=\"image_pdf\" title=\"Afficher le PDF\" \/><\/a><a href=\"http:\/\/www.comiteactionpalestine.org\/word\/wp-json\/wp\/v2\/posts\/2298?print=print\" class=\"pdfprnt-button pdfprnt-button-print\" target=\"_blank\"><img decoding=\"async\" src=\"http:\/\/www.comiteactionpalestine.org\/word\/wp-content\/plugins\/pdf-print\/images\/print.png\" alt=\"image_print\" title=\"Contenu imprim\u00e9\" \/><\/a><\/div><p style=\"text-align: justify\">Aujourd\u2019hui les Palestiniens sont \u00e0 la crois\u00e9e des chemins. Ou la lutte s\u2019acc\u00e9l\u00e8re, s\u2019intensifie et continue jusqu\u2019au terme de la lib\u00e9ration ou ils disparaissent sous le gigantesque rouleau-compresseur de la colonisation sioniste. Apr\u00e8s les massacres de Gaza l\u2019\u00e9t\u00e9 dernier et la menace qui p\u00e8se sur la mosqu\u00e9e Al-Aqsa, les Palestiniens ont compris que l\u2019\u00e9preuve de force est obligatoire pour s\u2019imposer et stopper l\u2019extension de la juda\u00efsation \u00e0 Al-Quds. Depuis un si\u00e8cle, et surtout depuis 1948 et la Nakba, la colonisation juive de la Palestine est bien une \u0153uvre de juda\u00efsation de la Palestine. Une \u0153uvre de crimes de masse et de purification ethnique.<\/p>\n<p style=\"text-align: justify\">En 1949 d\u00e9j\u00e0, Ben Gourion parlait d\u2019une \u00ab\u00a0J\u00e9rusalem juive\u00a0\u00bb, et aujourd\u2019hui il s\u2019agit d\u2019instituer le \u00ab\u00a0grand J\u00e9rusalem\u00a0\u00bb, c\u2019est-\u00e0-dire d\u2019imposer \u00ab\u00a0une identit\u00e9 juive\u00a0\u00bb \u00e0 cette ville. Cette politique raciste n\u2019est rien d\u2019autre que l\u2019effacement de la Palestine et des Palestiniens, d\u2019une nation et d\u2019un peuple, d\u2019un patrimoine culturel et civilisationnel multi-s\u00e9culaire.<\/p>\n<p style=\"text-align: justify\">Depuis le mois d\u2019ao\u00fbt, les profanations r\u00e9p\u00e9t\u00e9es de la mosqu\u00e9e Al-Aqsa, les assassinats et les arrestations de Palestiniens \u00e0 Al-Quds n\u2019ont pas laiss\u00e9 d\u2019autres choix aux Palestiniens que la r\u00e9sistance et la confrontation directe avec les sionistes et leurs appareils s\u00e9curitaires. Cette fameuse \u00ab\u00a0communaut\u00e9 internationale\u00a0\u00bb reste silencieuse comme \u00e0 son habitude face aux exactions sionistes. Il ne faut rien en attendre. Les pays arabo-musulmans, min\u00e9s par des guerres intestines, condamnent par les mots. Une passivit\u00e9 qui traduit une collaboration de fait avec l\u2019ennemi sioniste. Il ne faut rien en attendre non plus. Et depuis longtemps, plus personne n\u2019attend rien de l\u2019\u00a0\u00ab\u00a0Autorit\u00e9 palestinienne\u00a0\u00bb qui n\u2019a d\u2019autorit\u00e9 que pour r\u00e9primer les Palestiniens qui se soul\u00e8vent pour sauver Al-Aqsa.<\/p>\n<p style=\"text-align: justify\">Les Palestiniens se retrouvent encore une fois seuls pour r\u00e9sister \u00e0 la colonisation juive et faire exister la Palestine comme elle a toujours exist\u00e9. La lib\u00e9ration de la Palestine sera l\u2019\u0153uvre des Palestiniens eux-m\u00eames, mais tous ceux qui sont \u00e9pris de justice ne doivent pas se d\u00e9rober \u00e0 leur devoir.<\/p>\n<p style=\"text-align: justify\">Car au-del\u00e0 des croyances, des doctrines et des pratiques, le mouvement de solidarit\u00e9 avec la Palestine devrait s\u2019unir autour de la justice et la libert\u00e9 comme horizon ind\u00e9passable. Pas de justice sans libert\u00e9 et pas de libert\u00e9 sans justice. Les Palestiniens ne veulent pas de nos larmes ni de notre compassion pleurnicharde. Encore moins du discours formel sur la \u00ab paix \u00bb. Ils souhaitent tout simplement que nous exprimions ici, dans l\u2019espace occidental, leur volont\u00e9 politique : la lib\u00e9ration de la Palestine. Si le mouvement de solidarit\u00e9 doit avoir une mission \u00e0 remplir, c\u2019est celle d\u2019\u00eatre l\u2019\u00e9cho de la soci\u00e9t\u00e9 palestinienne qui r\u00e9siste \u00e0 l\u2019ennemi sioniste. Cet ennemi impitoyable, d\u00e9termin\u00e9, domin\u00e9 par la seule volont\u00e9 d\u2019effacer la Palestine et de broyer les Palestiniens. Assur\u00e9 du soutien sans faille du monde occidental et de la trahison des Etats arabes, il poursuit son entreprise depuis l\u2019institution d\u2019 \u00ab Isra\u00ebl \u00bb sur la terre arabe de Palestine. La forme de la violence coloniale conditionne la r\u00e9ponse lib\u00e9ratrice. Face \u00e0 une telle barbarie, la r\u00e9sistance ne peut \u00eatre qu\u2019arm\u00e9e. Vaincre ou p\u00e9rir, le peuple palestinien n\u2019a pas le choix. Au lieu de nos larmes, la Palestine a besoin de nos armes. Et l\u2019une de nos armes est de mobiliser un soutien inconditionnel. Et avec pour seul mot d\u2019ordre : lib\u00e9ration d\u2019Al-Quds et de toute la Palestine. A cette condition seulement le mouvement de solidarit\u00e9 aura r\u00e9alis\u00e9 sa mission : servir le peuple palestinien et non s\u2019en servir. Nous n\u2019avons ni conseil ni le\u00e7on \u00e0 lui donner. Nous n\u2019avons pas \u00e0 parler pour lui ou \u00e0 sa place.<\/p>\n<p style=\"text-align: justify\">Nous avons seulement \u00e0 dire sa v\u00e9rit\u00e9 qui est la v\u00e9rit\u00e9 de l\u2019histoire. Elle doit \u00eatre notre boussole. Comme Al-Aqsa est la boussole des Palestiniens et de tous les musulmans.<\/p>\n<p style=\"text-align: justify\">Comit\u00e9 Action Palestine<\/p>\n","protected":false},"excerpt":{"rendered":"<p>Aujourd\u2019hui les Palestiniens sont \u00e0 la crois\u00e9e des chemins. Ou la lutte s\u2019acc\u00e9l\u00e8re, s\u2019intensifie et continue jusqu\u2019au terme de la lib\u00e9ration ou ils disparaissent sous le gigantesque rouleau-compresseur de la colonisation sioniste. Apr\u00e8s les massacres de Gaza l\u2019\u00e9t\u00e9 dernier et la menace qui p\u00e8se sur la mosqu\u00e9e Al-Aqsa, les Palestiniens ont compris que l\u2019\u00e9preuve de [&hellip;]<\/p>\n","protected":false},"author":2,"featured_media":0,"comment_status":"closed","ping_status":"closed","sticky":false,"template":"","format":"standard","meta":{"footnotes":""},"categories":[30,5],"tags":[],"class_list":["post-2298","post","type-post","status-publish","format-standard","hentry","category-actualites","category-communiques"],"views":3889,"_links":{"self":[{"href":"http:\/\/www.comiteactionpalestine.org\/word\/wp-json\/wp\/v2\/posts\/2298","targetHints":{"allow":["GET"]}}],"collection":[{"href":"http:\/\/www.comiteactionpalestine.org\/word\/wp-json\/wp\/v2\/posts"}],"about":[{"href":"http:\/\/www.comiteactionpalestine.org\/word\/wp-json\/wp\/v2\/types\/post"}],"author":[{"embeddable":true,"href":"http:\/\/www.comiteactionpalestine.org\/word\/wp-json\/wp\/v2\/users\/2"}],"replies":[{"embeddable":true,"href":"http:\/\/www.comiteactionpalestine.org\/word\/wp-json\/wp\/v2\/comments?post=2298"}],"version-history":[{"count":2,"href":"http:\/\/www.comiteactionpalestine.org\/word\/wp-json\/wp\/v2\/posts\/2298\/revisions"}],"predecessor-version":[{"id":2300,"href":"http:\/\/www.comiteactionpalestine.org\/word\/wp-json\/wp\/v2\/posts\/2298\/revisions\/2300"}],"wp:attachment":[{"href":"http:\/\/www.comiteactionpalestine.org\/word\/wp-json\/wp\/v2\/media?parent=2298"}],"wp:term":[{"taxonomy":"category","embeddable":true,"href":"http:\/\/www.comiteactionpalestine.org\/word\/wp-json\/wp\/v2\/categories?post=2298"},{"taxonomy":"post_tag","embeddable":true,"href":"http:\/\/www.comiteactionpalestine.org\/word\/wp-json\/wp\/v2\/tags?post=2298"}],"curies":[{"name":"wp","href":"https:\/\/api.w.org\/{rel}","templated":true}]}}