{"id":2285,"date":"2014-11-07T22:02:57","date_gmt":"2014-11-07T21:02:57","guid":{"rendered":"http:\/\/www.comiteactionpalestine.org\/word\/?p=2285"},"modified":"2017-11-12T15:33:13","modified_gmt":"2017-11-12T14:33:13","slug":"calendrier-palestine-libre-2015","status":"publish","type":"post","link":"http:\/\/www.comiteactionpalestine.org\/word\/calendrier-palestine-libre-2015\/","title":{"rendered":"Calendrier Palestine Libre 2015"},"content":{"rendered":"<div class=\"pdfprnt-buttons pdfprnt-buttons-post pdfprnt-top-right\"><a href=\"http:\/\/www.comiteactionpalestine.org\/word\/wp-json\/wp\/v2\/posts\/2285?print=pdf\" class=\"pdfprnt-button pdfprnt-button-pdf\" target=\"_blank\"><img decoding=\"async\" src=\"http:\/\/www.comiteactionpalestine.org\/word\/wp-content\/plugins\/pdf-print\/images\/pdf.png\" alt=\"image_pdf\" title=\"Afficher le PDF\" \/><\/a><a href=\"http:\/\/www.comiteactionpalestine.org\/word\/wp-json\/wp\/v2\/posts\/2285?print=print\" class=\"pdfprnt-button pdfprnt-button-print\" target=\"_blank\"><img decoding=\"async\" src=\"http:\/\/www.comiteactionpalestine.org\/word\/wp-content\/plugins\/pdf-print\/images\/print.png\" alt=\"image_print\" title=\"Contenu imprim\u00e9\" \/><\/a><\/div><p style=\"text-align: center;\"><strong><span style=\"color: #ff0000;\">SOUTIEN A LA RESISTANCE PALESTINIENNE<\/span><\/strong><\/p>\n<p style=\"text-align: center;\">Comit\u00e9 Action Palestine<\/p>\n<p style=\"text-align: center;\">Calendrier 2015<\/p>\n<p style=\"text-align: justify;\">Au-del\u00e0 des croyances, des doctrines et des pratiques, le mouvement de solidarit\u00e9 avec la Palestine devrait s\u2019unir autour de la justice et la libert\u00e9 comme horizon ind\u00e9passable. Pas de justice sans libert\u00e9 et pas de libert\u00e9 sans justice. Les Palestiniens ne veulent pas de nos larmes ni de notre compassion pleurnicharde. Encore moins du discours formel sur la \u00ab paix \u00bb. Ils souhaitent tout simplement que nous exprimions ici, dans l\u2019espace occidental, leur volont\u00e9 politique : la lib\u00e9ration de la Palestine. Si le mouvement de solidarit\u00e9 doit avoir une mission \u00e0 remplir, c\u2019est celle d\u2019\u00eatre l\u2019\u00e9cho de la soci\u00e9t\u00e9 palestinienne qui r\u00e9siste \u00e0 l\u2019ennemi sioniste. Cet ennemi impitoyable, d\u00e9termin\u00e9, domin\u00e9 par la seule volont\u00e9 d\u2019effacer la Palestine et de broyer les Palestiniens. Assur\u00e9 du soutien sans faille du monde occidental et de la trahison arabe, il poursuit son entreprise depuis l\u2019institution d\u2019 \u00ab Isra\u00ebl \u00bb sur la terre sacr\u00e9e de Palestine. La forme de la violence coloniale conditionne la r\u00e9ponse lib\u00e9ratrice. Face \u00e0 une telle barbarie, la r\u00e9sistance ne peut \u00eatre qu\u2019arm\u00e9e. Vaincre ou p\u00e9rir, le peuple palestinien n\u2019a pas le choix. Au lieu de nos larmes, la Palestine a besoin de nos armes. Et l\u2019une de nos armes est de mobiliser un soutien inconditionnel. Et avec pour seul mot d\u2019ordre : la lib\u00e9ration de toute la Palestine. A cette condition seulement le mouvement de solidarit\u00e9 aura r\u00e9alis\u00e9 sa mission : servir le peuple palestinien et non s\u2019en servir. Nous n\u2019avons ni conseil ni le\u00e7on \u00e0 lui donner. Nous n\u2019avons pas \u00e0 parler pour lui ou \u00e0 sa place. Nous avons seulement \u00e0 dire sa v\u00e9rit\u00e9 qui est la v\u00e9rit\u00e9 de l\u2019histoire. Elle doit \u00eatre notre boussole.<\/p>\n<p style=\"text-align: justify;\">Comit\u00e9 Action Palestine<\/p>\n<p style=\"text-align: justify;\">\u00a0<em>Ce calendrier se fait l&rsquo;\u00e9cho des organisations de la r\u00e9sistance palestinienne et des mouvements qui les soutiennent dans le Monde<\/em><\/p>\n<p><a href=\"http:\/\/www.comiteactionpalestine.org\/word\/wp-content\/uploads\/2014\/11\/jihadmes2015pet.jpg\"><img fetchpriority=\"high\" decoding=\"async\" class=\"alignright size-full wp-image-2287\" src=\"http:\/\/www.comiteactionpalestine.org\/word\/wp-content\/uploads\/2014\/11\/jihadmes2015pet.jpg\" alt=\"jihadmes2015pet\" width=\"1240\" height=\"877\" srcset=\"http:\/\/www.comiteactionpalestine.org\/word\/wp-content\/uploads\/2014\/11\/jihadmes2015pet.jpg 1240w, http:\/\/www.comiteactionpalestine.org\/word\/wp-content\/uploads\/2014\/11\/jihadmes2015pet-300x212.jpg 300w, http:\/\/www.comiteactionpalestine.org\/word\/wp-content\/uploads\/2014\/11\/jihadmes2015pet-768x543.jpg 768w, http:\/\/www.comiteactionpalestine.org\/word\/wp-content\/uploads\/2014\/11\/jihadmes2015pet-1024x724.jpg 1024w\" sizes=\"(max-width: 1240px) 100vw, 1240px\" \/><\/a><\/p>\n<p>&nbsp;<\/p>\n<p>&nbsp;<\/p>\n<p><a href=\"http:\/\/www.comiteactionpalestine.org\/word\/wp-content\/uploads\/2014\/11\/aout2015pet.jpg\"><img decoding=\"async\" class=\"alignright size-full wp-image-2286\" src=\"http:\/\/www.comiteactionpalestine.org\/word\/wp-content\/uploads\/2014\/11\/aout2015pet.jpg\" alt=\"aout2015pet\" width=\"1240\" height=\"877\" srcset=\"http:\/\/www.comiteactionpalestine.org\/word\/wp-content\/uploads\/2014\/11\/aout2015pet.jpg 1240w, http:\/\/www.comiteactionpalestine.org\/word\/wp-content\/uploads\/2014\/11\/aout2015pet-300x212.jpg 300w, http:\/\/www.comiteactionpalestine.org\/word\/wp-content\/uploads\/2014\/11\/aout2015pet-768x543.jpg 768w, http:\/\/www.comiteactionpalestine.org\/word\/wp-content\/uploads\/2014\/11\/aout2015pet-1024x724.jpg 1024w\" sizes=\"(max-width: 1240px) 100vw, 1240px\" \/><\/a><\/p>\n<p>&nbsp;<\/p>\n<p>&nbsp;<\/p>\n<p>&nbsp;<\/p>\n<p>&nbsp;<\/p>\n<p>Vous pouvez le\u00a0<strong>commander\u00a0<\/strong>d\u00e8s maintenant gr\u00e2ce \u00e0\u00a0<a title=\"Bon de commande\" href=\"http:\/\/www.comiteactionpalestine.org\/word\/wp-content\/uploads\/2014\/11\/bondecommande2015.pdf\">ce formulaire<\/a>. Imprimez-le et renvoyez-le nous accompagn\u00e9 de votre r\u00e8glement.<\/p>\n<p>Prix : 5 euros (+ frais d\u2019envoi). Nous contacter \u00e0\u00a0<a href=\"mailto:actionpalestine@hotmail.com\">actionpalestine@hotmail.com<\/a>\u00a0pour des informations compl\u00e9mentaires.<\/p>\n<p>&nbsp;<\/p>\n","protected":false},"excerpt":{"rendered":"<p>SOUTIEN A LA RESISTANCE PALESTINIENNE Comit\u00e9 Action Palestine Calendrier 2015 Au-del\u00e0 des croyances, des doctrines et des pratiques, le mouvement de solidarit\u00e9 avec la Palestine devrait s\u2019unir autour de la justice et la libert\u00e9 comme horizon ind\u00e9passable. Pas de justice sans libert\u00e9 et pas de libert\u00e9 sans justice. Les Palestiniens ne veulent pas de nos [&hellip;]<\/p>\n","protected":false},"author":2,"featured_media":2288,"comment_status":"closed","ping_status":"closed","sticky":false,"template":"","format":"standard","meta":{"footnotes":""},"categories":[17],"tags":[],"class_list":["post-2285","post","type-post","status-publish","format-standard","has-post-thumbnail","hentry","category-les-calendriers"],"views":5626,"_links":{"self":[{"href":"http:\/\/www.comiteactionpalestine.org\/word\/wp-json\/wp\/v2\/posts\/2285","targetHints":{"allow":["GET"]}}],"collection":[{"href":"http:\/\/www.comiteactionpalestine.org\/word\/wp-json\/wp\/v2\/posts"}],"about":[{"href":"http:\/\/www.comiteactionpalestine.org\/word\/wp-json\/wp\/v2\/types\/post"}],"author":[{"embeddable":true,"href":"http:\/\/www.comiteactionpalestine.org\/word\/wp-json\/wp\/v2\/users\/2"}],"replies":[{"embeddable":true,"href":"http:\/\/www.comiteactionpalestine.org\/word\/wp-json\/wp\/v2\/comments?post=2285"}],"version-history":[{"count":6,"href":"http:\/\/www.comiteactionpalestine.org\/word\/wp-json\/wp\/v2\/posts\/2285\/revisions"}],"predecessor-version":[{"id":2884,"href":"http:\/\/www.comiteactionpalestine.org\/word\/wp-json\/wp\/v2\/posts\/2285\/revisions\/2884"}],"wp:featuredmedia":[{"embeddable":true,"href":"http:\/\/www.comiteactionpalestine.org\/word\/wp-json\/wp\/v2\/media\/2288"}],"wp:attachment":[{"href":"http:\/\/www.comiteactionpalestine.org\/word\/wp-json\/wp\/v2\/media?parent=2285"}],"wp:term":[{"taxonomy":"category","embeddable":true,"href":"http:\/\/www.comiteactionpalestine.org\/word\/wp-json\/wp\/v2\/categories?post=2285"},{"taxonomy":"post_tag","embeddable":true,"href":"http:\/\/www.comiteactionpalestine.org\/word\/wp-json\/wp\/v2\/tags?post=2285"}],"curies":[{"name":"wp","href":"https:\/\/api.w.org\/{rel}","templated":true}]}}