{"id":2225,"date":"2014-08-10T21:29:30","date_gmt":"2014-08-10T20:29:30","guid":{"rendered":"http:\/\/www.comiteactionpalestine.org\/word\/?p=2225"},"modified":"2015-12-21T15:13:18","modified_gmt":"2015-12-21T14:13:18","slug":"message-du-dr-issam-adwan-delegue-du-hamas-aux-affaires-des-refugies-pour-le-mouvement-de-solidarite-en-france","status":"publish","type":"post","link":"http:\/\/www.comiteactionpalestine.org\/word\/message-du-dr-issam-adwan-delegue-du-hamas-aux-affaires-des-refugies-pour-le-mouvement-de-solidarite-en-france\/","title":{"rendered":"Message du Dr Issam Adwan, d\u00e9l\u00e9gu\u00e9 du Hamas aux affaires des r\u00e9fugi\u00e9s pour le mouvement de solidarit\u00e9 en France"},"content":{"rendered":"<div class=\"pdfprnt-buttons pdfprnt-buttons-post pdfprnt-top-right\"><a href=\"http:\/\/www.comiteactionpalestine.org\/word\/wp-json\/wp\/v2\/posts\/2225?print=pdf\" class=\"pdfprnt-button pdfprnt-button-pdf\" target=\"_blank\"><img decoding=\"async\" src=\"http:\/\/www.comiteactionpalestine.org\/word\/wp-content\/plugins\/pdf-print\/images\/pdf.png\" alt=\"image_pdf\" title=\"Afficher le PDF\" \/><\/a><a href=\"http:\/\/www.comiteactionpalestine.org\/word\/wp-json\/wp\/v2\/posts\/2225?print=print\" class=\"pdfprnt-button pdfprnt-button-print\" target=\"_blank\"><img decoding=\"async\" src=\"http:\/\/www.comiteactionpalestine.org\/word\/wp-content\/plugins\/pdf-print\/images\/print.png\" alt=\"image_print\" title=\"Contenu imprim\u00e9\" \/><\/a><\/div><p style=\"text-align: justify\"><span style=\"color: #37404e\">9 ao\u00fbt 2014<\/span><br style=\"color: #37404e\" \/><br style=\"color: #37404e\" \/><span style=\"color: #37404e\">Au nom de Dieu, le Cl\u00e9ment, le Mis\u00e9ricordieux.<\/span><br style=\"color: #37404e\" \/><br style=\"color: #37404e\" \/><span style=\"color: #37404e\">A vous les \u00eatres libres, solidaires du peuple palestinien \u00e0 Gaza,<\/span><span class=\"text_exposed_show\" style=\"color: #37404e\">\u00a0en France, aujourd\u2019hui, samedi 9 aout 2014. Gaza est uns des territoires occup\u00e9s par Isra\u00ebl en 1967. La r\u00e9solution 242 du conseil de s\u00e9curit\u00e9 des Nations Unies exige le retrait d\u2019Isra\u00ebl de tous les territoires occup\u00e9s. Il n\u2019existe presque aucun autre Etat colonial \u00e0 part Isra\u00ebl. Isra\u00ebl est un des colonialismes les plus vils, et pratique de fa\u00e7on syst\u00e9matique la discrimination raciale. Les pays du monde, l\u2019ONU, le droit international condamnent le colonialisme. Et la lutte contre le colonialisme est l\u00e9gitime, par tous les moyens n\u00e9cessaires, y compris la lutte arm\u00e9e.<br \/>\nNotre peuple n\u2019est en s\u00e9curit\u00e9 nulle part. Isra\u00ebl attaque notre peuple \u00e0 Gaza, en Cisjordanie et dans les territoires occup\u00e9s en 1948. Isra\u00ebl pratique le meurtre, la d\u00e9tention arbitraire, la torture, le si\u00e8ge, le vol de terres, la destruction des maisons.<br \/>\nIsra\u00ebl est arm\u00e9 d\u2019armes de destruction massive, avec le soutien des Etats-Unis, de la Grande-Bretagne et de la France. Ces Etats assurent aussi \u00e0 Isra\u00ebl un soutien politique total, au lieu de soutenir le droit. Le droit, que repr\u00e9sente la Palestine et son peuple.<br \/>\nIsra\u00ebl a sign\u00e9 les accords Oslo avec l\u2019OLP, organisation de lib\u00e9ration de la Palestine. Ces accords pr\u00e9voient l\u2019\u00e9tablissement d\u2019un conseil l\u00e9gislatif : aujourd\u2019hui, Isra\u00ebl arr\u00eate les d\u00e9put\u00e9s de ce conseil l\u00e9gislatif et son pr\u00e9sident, car ils s\u2019opposent \u00e0 l\u2019occupation.<br \/>\nLes accords d\u2019Oslo pr\u00e9voient l\u2019\u00e9dification d\u2019un port, d\u2019un a\u00e9roport, et la possibilit\u00e9 de p\u00eacher jusqu\u2019\u00e0 20 miles marins. Isra\u00ebl a bafou\u00e9 ces accords et a impos\u00e9 le si\u00e8ge de Gaza depuis l\u2019Intifada d\u2019Al Aqsa (en 2000) et a r\u00e9-occup\u00e9 la Cisjordanie, d\u00e9truit l\u2019a\u00e9roport, interdit la construction du port et condamn\u00e9 \u00e0 une mort lente les 2 millions d\u2019habitants de la bande de Gaza, dont le blocus s\u2019est renforc\u00e9 apr\u00e8s 2007.<br \/>\nEt Isra\u00ebl a conduit ses agressions militaires contre Gaza fin 2008 et fin 2012, comme aujourd\u2019hui, et a tu\u00e9 des milliers de personnes, d\u00e9truit des dizaines de milliers de maisons, sans que personne ne l\u2019en emp\u00eache et ne s\u2019oppose \u00e0 ce nouveau nazisme.<br \/>\nLa r\u00e9sistance palestinienne a pris la d\u00e9cision de mettre fin \u00e0 ce blocus qui repr\u00e9sente une mise \u00e0 mort lente de la population de la bande de Gaza. La r\u00e9sistance se bat pour la fin du blocus, la construction d\u2019un port et d\u2019un a\u00e9roport, l\u2019ouverture des passages vers le monde, la possibilit\u00e9 de p\u00eacher au large, la libert\u00e9 pour tous les prisonniers, la fin des attaques contre ceux qui cultivent leurs terres.<br \/>\nLa r\u00e9sistance palestinienne et aujourd\u2019hui unie face \u00e0 l\u2019agression isra\u00e9lienne et combat avec le soutien des \u00eatres libres de ce monde, des peuples libres, et tous les Etats qui ont affirm\u00e9 leur condamnation de ces agressions r\u00e9p\u00e9t\u00e9es, notamment dans le monde arabo-musulman et en Am\u00e9rique Latine.<br \/>\nLes Etats-Unis soutiennent l\u2019agression nazie des isra\u00e9liens contre notre peuple et se pose ainsi en ennemi du peuple<br \/>\npalestinien qui veut la libert\u00e9 et l\u2019ind\u00e9pendance. La France soutien aussi Isra\u00ebl, ce qui va \u00e0 l\u2019encontre de ce que<br \/>\ndevrait faire une des premi\u00e8res d\u00e9mocraties du monde. Est-ce que c\u2019est \u00e7a votre d\u00e9mocratie ? Vous soutenez les sadiques isra\u00e9liens et vous voulez nous interdire de r\u00e9pondre et combattre ?<\/span><\/p>\n<p>Il est demand\u00e9 aujourd\u2019hui \u00e0 tous les peuples libres de montrer leur humanit\u00e9 et de soutenir les revendications de notre peuple et sa r\u00e9sistance : non \u00e0 l\u2019agression sioniste, non au blocus, oui \u00e0 la libert\u00e9, oui \u00e0 la l\u2019ind\u00e9pendance.<a href=\"http:\/\/www.comiteactionpalestine.org\/word\/wp-content\/uploads\/2014\/08\/hamas3.jpg\"><img fetchpriority=\"high\" decoding=\"async\" class=\"alignright size-full wp-image-2230\" src=\"http:\/\/www.comiteactionpalestine.org\/word\/wp-content\/uploads\/2014\/08\/hamas3.jpg\" alt=\"hamas3\" width=\"259\" height=\"194\" \/><\/a><\/p>\n<p>Ce mouvement populaire ne doit pas se limiter aux manifestations, aussi importantes soient-elles. Il faut s\u2019organiser, pour faire pressions sur les \u00e9lus, les d\u00e9cideurs, les gouvernements, les m\u00e9dias, continuer de protester devant les ambassades isra\u00e9liennes et les b\u00e2timents des Nations-Unies et les Etats qui soutiennent Isra\u00ebl.<br \/>\nNotre peuple en Palestine n\u2019oublie pas ceux qui se tiennent \u00e0 ses c\u00f4t\u00e9s dans cette bataille. Et je demande aux autres : si vous ne montrez pas votre humanit\u00e9 aujourd\u2019hui face \u00e0 cette agression, quand le ferez-vous ?<\/p>\n<p>Je vous salue tous mes fr\u00e8res et s\u0153urs, salam aleykoum !<\/p>\n<p style=\"text-align: justify\">Dr Issam Adwan, d\u00e9l\u00e9gu\u00e9 du Hamas aux affaires des r\u00e9fugi\u00e9s<\/p>\n","protected":false},"excerpt":{"rendered":"<p>9 ao\u00fbt 2014Au nom de Dieu, le Cl\u00e9ment, le Mis\u00e9ricordieux.A vous les \u00eatres libres, solidaires du peuple palestinien \u00e0 Gaza,\u00a0en France, aujourd\u2019hui, samedi 9 aout 2014. Gaza est uns des territoires occup\u00e9s par Isra\u00ebl en 1967. La r\u00e9solution 242 du conseil de s\u00e9curit\u00e9 des Nations Unies exige le retrait d\u2019Isra\u00ebl de tous les territoires occup\u00e9s. [&hellip;]<\/p>\n","protected":false},"author":2,"featured_media":2226,"comment_status":"closed","ping_status":"closed","sticky":false,"template":"","format":"standard","meta":{"footnotes":""},"categories":[34,7],"tags":[],"class_list":["post-2225","post","type-post","status-publish","format-standard","has-post-thumbnail","hentry","category-mobilisation-gaza-2014","category-revolution-palestinienne"],"views":2664,"_links":{"self":[{"href":"http:\/\/www.comiteactionpalestine.org\/word\/wp-json\/wp\/v2\/posts\/2225","targetHints":{"allow":["GET"]}}],"collection":[{"href":"http:\/\/www.comiteactionpalestine.org\/word\/wp-json\/wp\/v2\/posts"}],"about":[{"href":"http:\/\/www.comiteactionpalestine.org\/word\/wp-json\/wp\/v2\/types\/post"}],"author":[{"embeddable":true,"href":"http:\/\/www.comiteactionpalestine.org\/word\/wp-json\/wp\/v2\/users\/2"}],"replies":[{"embeddable":true,"href":"http:\/\/www.comiteactionpalestine.org\/word\/wp-json\/wp\/v2\/comments?post=2225"}],"version-history":[{"count":5,"href":"http:\/\/www.comiteactionpalestine.org\/word\/wp-json\/wp\/v2\/posts\/2225\/revisions"}],"predecessor-version":[{"id":2250,"href":"http:\/\/www.comiteactionpalestine.org\/word\/wp-json\/wp\/v2\/posts\/2225\/revisions\/2250"}],"wp:featuredmedia":[{"embeddable":true,"href":"http:\/\/www.comiteactionpalestine.org\/word\/wp-json\/wp\/v2\/media\/2226"}],"wp:attachment":[{"href":"http:\/\/www.comiteactionpalestine.org\/word\/wp-json\/wp\/v2\/media?parent=2225"}],"wp:term":[{"taxonomy":"category","embeddable":true,"href":"http:\/\/www.comiteactionpalestine.org\/word\/wp-json\/wp\/v2\/categories?post=2225"},{"taxonomy":"post_tag","embeddable":true,"href":"http:\/\/www.comiteactionpalestine.org\/word\/wp-json\/wp\/v2\/tags?post=2225"}],"curies":[{"name":"wp","href":"https:\/\/api.w.org\/{rel}","templated":true}]}}