{"id":1984,"date":"2012-04-28T21:50:34","date_gmt":"2012-04-28T20:50:34","guid":{"rendered":"http:\/\/www.comiteactionpalestine.org\/word\/?p=1984"},"modified":"2014-05-02T21:57:44","modified_gmt":"2014-05-02T20:57:44","slug":"palestine-un-peuple-depossede-mais-toujours-souverain","status":"publish","type":"post","link":"http:\/\/www.comiteactionpalestine.org\/word\/palestine-un-peuple-depossede-mais-toujours-souverain\/","title":{"rendered":"Palestine : un peuple d\u00e9poss\u00e9d\u00e9, mais toujours souverain"},"content":{"rendered":"<div class=\"pdfprnt-buttons pdfprnt-buttons-post pdfprnt-top-right\"><a href=\"http:\/\/www.comiteactionpalestine.org\/word\/wp-json\/wp\/v2\/posts\/1984?print=pdf\" class=\"pdfprnt-button pdfprnt-button-pdf\" target=\"_blank\"><img decoding=\"async\" src=\"http:\/\/www.comiteactionpalestine.org\/word\/wp-content\/plugins\/pdf-print\/images\/pdf.png\" alt=\"image_pdf\" title=\"Afficher le PDF\" \/><\/a><a href=\"http:\/\/www.comiteactionpalestine.org\/word\/wp-json\/wp\/v2\/posts\/1984?print=print\" class=\"pdfprnt-button pdfprnt-button-print\" target=\"_blank\"><img decoding=\"async\" src=\"http:\/\/www.comiteactionpalestine.org\/word\/wp-content\/plugins\/pdf-print\/images\/print.png\" alt=\"image_print\" title=\"Contenu imprim\u00e9\" \/><\/a><\/div><p style=\"color: #464646;text-align: center\">A l\u2019occasion du 64<sup>\u00e8me<\/sup>\u00a0anniversaire de la Nakba<\/p>\n<p style=\"color: #464646;text-align: center\">Le\u00a0<span style=\"font-size: large\"><strong><span style=\"color: #ff0000\">Comit\u00e9\u00a0<\/span><\/strong><strong>Action\u00a0<span style=\"color: #009900\">Palestine<\/span><\/strong><\/span><\/p>\n<p style=\"color: #464646;text-align: center\">vous invite \u00e0 une soir\u00e9e-d\u00e9bat sur le th\u00e8me:<\/p>\n<div style=\"text-align: center\"><strong>\u00ab\u00a0<span style=\"color: #009900;font-size: large\">Palestine :\u00a0<\/span><\/strong><strong><span style=\"color: #009900;font-size: large\">un peuple d\u00e9poss\u00e9d\u00e9, mais toujours souverain\u00a0<\/span>\u00bb<\/strong><\/div>\n<p style=\"text-align: center\"><span style=\"color: #464646\">\u00a0<\/span><\/p>\n<p style=\"color: #464646;text-align: center\">avec\u00a0<strong><span style=\"font-size: large\">Gilles Devers<\/span><\/strong>\u00a0,<\/p>\n<div style=\"color: #464646;text-align: center\">\u00a0<strong>Mercredi 16 mai 20h30<br \/>\n<\/strong>Ath\u00e9n\u00e9e Municipal, Place St Christoly, Bordeaux<br \/>\nTram A et B, arr\u00eat H\u00f4tel de ville<\/div>\n<p style=\"text-align: justify\"><span style=\"color: #464646\">\u00a0<\/span><\/p>\n<p style=\"color: #464646;text-align: justify\">Gilles Devers est avocat au barreau de Lyon, initiateur d\u2019un collectif d&rsquo;avocats ayant d\u00e9pos\u00e9 une requ\u00eate en justice aupr\u00e8s la\u00a0CPI\u00a0pour crimes de guerre lors de la\u00a0guerre de Gaza de 2008-2009\u00a0. Au cours de la conf\u00e9rence, il reviendra sur les bases juridiques de l\u2019histoire de la Palestine pour d\u00e9montrer que, m\u00eame selon le droit international, l\u2019Etat sioniste est le fruit d\u2019une colonisation de A \u00e0 Z et que les Palestiniens d\u00e9tiennent toujours la souverainet\u00e9 sur l\u2019ensemble des terres de Palestine.<\/p>\n<p style=\"color: #464646;text-align: justify\">Il d\u00e9clare :<\/p>\n<p style=\"color: #464646;text-align: justify\"><em>\u00ab La Palestine existait avant Isra\u00ebl, et ce droit est inali\u00e9nable.\u00a0<\/em><em><em><em><em><em><em><em><em><em><em>On en arrive presque \u00e0 l\u2019oublier, alors que c\u2019est la base de tout raisonnement : la Palestine pr\u00e9existait \u00e0 Isra\u00ebl, m\u00eame si c\u2019\u00e9tait la Palestine colonis\u00e9e, \u00e0 une \u00e9poque qui niait le principe d\u2019autod\u00e9termination des peuples. C\u2019est dire qu\u2019Isra\u00ebl est juridiquement le fruit de la colonisation de A \u00e0 Z. Il faut donc revenir sur l\u2019histoire, au d\u00e9but du XX\u00b0 si\u00e8cle. Impossible de comprendre le droit sans ce rappel historique, car il fonde le droit des Palestiniens sur la\u00a0<strong>Palestine<\/strong>. Les faits sont anciens ? Non, ils sont tr\u00e8s r\u00e9cents pour la bonne raison que la r\u00e9alit\u00e9 d\u2019aujourd\u2019hui est directement li\u00e9e \u00e0 ces \u00e9v\u00e8nements : du point de vue du droit, tout est rest\u00e9 fig\u00e9 depuis l\u2019\u00e9v\u00e8nement originaire, \u00e0 savoir l\u2019\u00e9viction des Palestiniens de leurs terres. \u00bb<\/em><\/em><\/em><\/em><\/em><\/em><\/em><\/em><\/em><\/em><\/p>\n<p style=\"color: #464646;text-align: justify\">Le 14 mai 1948 est le jour de la cr\u00e9ation de l\u2019Etat isra\u00e9lien, mais cette date est comm\u00e9mor\u00e9e par les Palestiniens comme la Nakba, la catastrophe. L\u2019id\u00e9e initiale selon laquelle la Palestine \u00e9tait \u00ab une terre sans peuple pour un peuple sans terre \u00bb a constitu\u00e9 l\u2019un des plus grands mensonges de l\u2019histoire et a servi de justification \u00e0 la politique sioniste de colonisation. \u00a0 Cette catastrophe prend d\u2019abord la forme d\u2019une pr\u00e9tendue l\u00e9gitimit\u00e9 internationale lorsque l\u2019Onu adopte, le 29 novembre 1947, la R\u00e9solution 181, recommandant la partition de la Palestine, partition refus\u00e9e par les Palestiniens. Non seulement ils \u00e9taient spoli\u00e9s de leur terre, mais en outre 56 % du territoire palestinien \u00e9taient attribu\u00e9s aux Juifs, qui constituaient moins du tiers de la population et poss\u00e9daient jusque l\u00e0 \u00e0 peine 7 % des terres. Cette catastrophe, c\u2019est aussi la destruction, entre 1947 et 1949, de plus de 500 villages palestiniens, dont le plus connu est Deir Yassine, avec ses 250 habitants massacr\u00e9s par les forces militaires juives.<\/p>\n<p style=\"color: #464646;text-align: justify\"><strong>Cette catastrophe enfin, c\u2019est 800 000 Palestiniens expuls\u00e9s de leurs terres sans que leur droit au retour ne soit encore reconnu dans les faits. Chass\u00e9s de leurs terres et ni\u00e9s de tous, les 6 millions de r\u00e9fugi\u00e9s attendent toujours de retourner chez eux.<\/strong><\/p>\n<p style=\"color: #464646;text-align: justify\">Retrouver l&rsquo;interview de Gilles Devers par le Comit\u00e9 Action Palestine :\u00a0<a href=\"http:\/\/www.comiteactionpalestine.org\/word\/?p=1334\">http:\/\/www.comiteactionpalestine.org\/word\/?p=1334<\/a><\/p>\n","protected":false},"excerpt":{"rendered":"<p>A l\u2019occasion du 64\u00e8me\u00a0anniversaire de la Nakba Le\u00a0Comit\u00e9\u00a0Action\u00a0Palestine vous invite \u00e0 une soir\u00e9e-d\u00e9bat sur le th\u00e8me: \u00ab\u00a0Palestine :\u00a0un peuple d\u00e9poss\u00e9d\u00e9, mais toujours souverain\u00a0\u00bb \u00a0 avec\u00a0Gilles Devers\u00a0, \u00a0Mercredi 16 mai 20h30 Ath\u00e9n\u00e9e Municipal, Place St Christoly, Bordeaux Tram A et B, arr\u00eat H\u00f4tel de ville \u00a0 Gilles Devers est avocat au barreau de Lyon, initiateur d\u2019un [&hellip;]<\/p>\n","protected":false},"author":2,"featured_media":1988,"comment_status":"closed","ping_status":"closed","sticky":false,"template":"","format":"standard","meta":{"footnotes":""},"categories":[19,5],"tags":[],"class_list":["post-1984","post","type-post","status-publish","format-standard","has-post-thumbnail","hentry","category-actions","category-communiques"],"views":2474,"_links":{"self":[{"href":"http:\/\/www.comiteactionpalestine.org\/word\/wp-json\/wp\/v2\/posts\/1984","targetHints":{"allow":["GET"]}}],"collection":[{"href":"http:\/\/www.comiteactionpalestine.org\/word\/wp-json\/wp\/v2\/posts"}],"about":[{"href":"http:\/\/www.comiteactionpalestine.org\/word\/wp-json\/wp\/v2\/types\/post"}],"author":[{"embeddable":true,"href":"http:\/\/www.comiteactionpalestine.org\/word\/wp-json\/wp\/v2\/users\/2"}],"replies":[{"embeddable":true,"href":"http:\/\/www.comiteactionpalestine.org\/word\/wp-json\/wp\/v2\/comments?post=1984"}],"version-history":[{"count":2,"href":"http:\/\/www.comiteactionpalestine.org\/word\/wp-json\/wp\/v2\/posts\/1984\/revisions"}],"predecessor-version":[{"id":1989,"href":"http:\/\/www.comiteactionpalestine.org\/word\/wp-json\/wp\/v2\/posts\/1984\/revisions\/1989"}],"wp:featuredmedia":[{"embeddable":true,"href":"http:\/\/www.comiteactionpalestine.org\/word\/wp-json\/wp\/v2\/media\/1988"}],"wp:attachment":[{"href":"http:\/\/www.comiteactionpalestine.org\/word\/wp-json\/wp\/v2\/media?parent=1984"}],"wp:term":[{"taxonomy":"category","embeddable":true,"href":"http:\/\/www.comiteactionpalestine.org\/word\/wp-json\/wp\/v2\/categories?post=1984"},{"taxonomy":"post_tag","embeddable":true,"href":"http:\/\/www.comiteactionpalestine.org\/word\/wp-json\/wp\/v2\/tags?post=1984"}],"curies":[{"name":"wp","href":"https:\/\/api.w.org\/{rel}","templated":true}]}}