{"id":1892,"date":"2013-09-16T21:38:04","date_gmt":"2013-09-16T20:38:04","guid":{"rendered":"http:\/\/www.comiteactionpalestine.org\/word\/?p=1892"},"modified":"2014-05-07T21:23:39","modified_gmt":"2014-05-07T20:23:39","slug":"lislamophobie-un-racisme-detat-au-service-du-sionisme","status":"publish","type":"post","link":"http:\/\/www.comiteactionpalestine.org\/word\/lislamophobie-un-racisme-detat-au-service-du-sionisme\/","title":{"rendered":"L\u2019Islamophobie : un racisme d\u2019Etat au service du sionisme"},"content":{"rendered":"<div class=\"pdfprnt-buttons pdfprnt-buttons-post pdfprnt-top-right\"><a href=\"http:\/\/www.comiteactionpalestine.org\/word\/wp-json\/wp\/v2\/posts\/1892?print=pdf\" class=\"pdfprnt-button pdfprnt-button-pdf\" target=\"_blank\"><img decoding=\"async\" src=\"http:\/\/www.comiteactionpalestine.org\/word\/wp-content\/plugins\/pdf-print\/images\/pdf.png\" alt=\"image_pdf\" title=\"Afficher le PDF\" \/><\/a><a href=\"http:\/\/www.comiteactionpalestine.org\/word\/wp-json\/wp\/v2\/posts\/1892?print=print\" class=\"pdfprnt-button pdfprnt-button-print\" target=\"_blank\"><img decoding=\"async\" src=\"http:\/\/www.comiteactionpalestine.org\/word\/wp-content\/plugins\/pdf-print\/images\/print.png\" alt=\"image_print\" title=\"Contenu imprim\u00e9\" \/><\/a><\/div><table style=\"color: #464646\" border=\"0\" width=\"100%\" cellspacing=\"5\" cellpadding=\"0\">\n<tbody>\n<tr>\n<td align=\"left\" valign=\"top\" width=\"100%\">\n<div class=\"style10\">\n<p style=\"text-align: justify\">La situation est alarmante. Les actes islamophobes d\u00e9clar\u00e9s ont augment\u00e9 de 57% entre 2011 et 2012, alors qu\u2019ils avaient d\u00e9j\u00e0 augment\u00e9 de 34% en 2011. Les femmes musulmanes en sont les victimes \u00e0 plus de 80%. Et en seulement deux mois, depuis fin mai 2013, on recense plus d\u2019une dizaine de cas de femmes insult\u00e9es et agress\u00e9es violemment. A Argenteuil, une jeune victime enceinte a perdu son b\u00e9b\u00e9 suite \u00e0 l\u2019agression.<\/p>\n<p style=\"text-align: justify\">Malgr\u00e9 la gravit\u00e9 des faits, l\u2019Etat et la classe politique se r\u00e9fugient dans une posture qui d\u00e9nie ou minimise ces actes islamophobes. Il faut bien constater que cette posture est diam\u00e9tralement oppos\u00e9e lorsqu\u2019il s\u2019agit d\u2019actes pr\u00e9tendument antis\u00e9mites. Dans toutes les agressions r\u00e9centes de jeunes femmes musulmanes, les pouvoirs publics leur demandent de ne pas s\u2019exprimer, de ne pas alerter leur communaut\u00e9, on cherche \u00e0 minimiser les faits afin, dit-on, que les r\u00e9actions ne tournent pas \u00e0 l\u2019\u00e9meute. On tergiverse quant au caract\u00e8re raciste des agressions. Tr\u00e8s souvent le t\u00e9moignage des victimes est soumis \u00e0 caution dans les m\u00e9dias, quand on ne les accuse pas d\u2019avoir provoqu\u00e9 elles-m\u00eames les agressions et d\u2019\u00eatre les fauteuses de trouble. La posture est aussi diam\u00e9tralement oppos\u00e9e lorsqu\u2019il s\u2019agit de libert\u00e9 d\u2019expression. En effet les autorit\u00e9s cautionnent sans scrupules l\u2019interdiction de conf\u00e9rences anti-sionistes alors qu\u2019elles ne voient rien \u00e0 redire au sujet des multiples couvertures \u00e0 sensation de journaux et magazines, mettant en garde contre un pr\u00e9tendu \u00ab p\u00e9ril vert \u00bb. Pourtant, il apparait que dans notre soci\u00e9t\u00e9, le p\u00e9ril est d\u2019abord pour les musulmans et les musulmanes !<\/p>\n<p style=\"text-align: justify\">La strat\u00e9gie des gouvernements fran\u00e7ais successifs est claire. Il s\u2019agit de renverser les r\u00f4les afin de faire passer les citoyens musulmans pour des d\u00e9linquants et des dangers potentiels. Des lois discriminatoires et racistes stigmatisent les femmes musulmanes voil\u00e9es. Ces femmes sont mises en danger au sein d\u2019une soci\u00e9t\u00e9 galvanis\u00e9e par des campagnes m\u00e9diatiques islamophobes. Finalement les policiers cens\u00e9s les prot\u00e9ger, multiplient les provocations racistes et les interpellations violentes non justifi\u00e9es dans leurs quartiers. Plus de 40% d\u2019actes islamophobes mettent en cause des fonctionnaires. A chaque fois le sc\u00e9nario est le m\u00eame. Il s\u2019agit de provoquer les habitants des quartiers populaires jusqu\u2019\u00e0 l\u2019exasp\u00e9ration et les pousser \u00e0 se r\u00e9volter, comme \u00e0 Clichy sous Bois en 2005, \u00e0 Amiens en 2012, \u00e0 Trappes en 2013. Les m\u00e9dias n\u2019ont plus alors qu\u2019\u00e0 relater les faits selon la version de la police et \u00e0 d\u00e9noncer le caract\u00e8re pr\u00e9tendument anti-r\u00e9publicain des \u00e9meutiers.<\/p>\n<p style=\"text-align: justify\">Comme il le fait depuis plusieurs ann\u00e9es d\u00e9j\u00e0, le Comit\u00e9 Action Palestine d\u00e9nonce avec virulence cette strat\u00e9gie islamophobe parfaitement orchestr\u00e9e, entretenue par les discours m\u00e9diatiques des hommes politiques de cette Nation, par leurs pratiques anti-immigr\u00e9s et les lois discriminatoires qu\u2019ils adoptent. Au nom d\u2019un nouvel ordre moral et d\u2019une la\u00efcit\u00e9 qui n\u2019a absolument rien \u00e0 voir avec la loi de 1905, la classe politique fran\u00e7aise use de tous les instants et de tous les stratag\u00e8mes pour implanter la haine anti-musulmane dans ce pays car elle y voit deux objectifs majeurs.<\/p>\n<p style=\"text-align: justify\">La premi\u00e8re fonction de ce racisme islamophobe est \u00e0 usage interne. Il marginalise une population \u00e9conomiquement pr\u00e9caire et donc susceptible d\u2019\u00eatre politiquement contestataire : il cr\u00e9e donc une scission blancs-immigr\u00e9s profitable au maintien de l\u2019ordre r\u00e9publicain-bourgeois. A cette fin, avec les m\u00eames m\u00e9thodes et le m\u00eame esprit h\u00e9rit\u00e9s du colonialisme, il utilise la femme musulmane en lui ordonnant de se d\u00e9voiler ou en la marginalisant socialement, afin de fragiliser plus encore cette partie de la population. La femme musulmane, au nom de la pr\u00e9tendue libert\u00e9 de la femme occidentale, sert \u00e9galement d\u2019instrument raciste pour stigmatiser les hommes musulmans et renforcer la discrimination et l\u2019anath\u00e8me \u00e0 leur \u00e9gard.<\/p>\n<p style=\"text-align: justify\">L&rsquo;islamophobie, en tant qu&rsquo;id\u00e9ologie dominante, cr\u00e9e une repr\u00e9sentation invers\u00e9e de la r\u00e9alit\u00e9 sociale qui fait passer les victimes pour les agresseurs. Par des m\u00e9canismes racistes identiques \u00e0 ceux mis en \u0153uvre en situation coloniale, elle impute aux musulmans fran\u00e7ais un \u00e9tat de sous-humanit\u00e9 qui conduit \u00e0 les consid\u00e9rer comme soit serviles, soit dangereux. Les classes dominantes en France sont islamophobes par n\u00e9cessit\u00e9 sociale, ce racisme constituant en quelque sorte un ethos de classe. L&rsquo;exploitation forcen\u00e9e des semi-prol\u00e9taires immigr\u00e9s a besoin d&rsquo;une justification id\u00e9ologique, en l&rsquo;occurrence le racisme anti-musulman. Mais cette islamophobie est assum\u00e9e et constitue une ressource politique pour asseoir une domination qui en tant que telle serait fragile.<\/p>\n<p style=\"text-align: justify\">La deuxi\u00e8me fonction, \u00e0 usage externe, de ce racisme, est de d\u00e9l\u00e9gitimer tout mouvement de solidarit\u00e9 en France avec les peuples musulmans dans leur r\u00e9sistance contre les agressions coloniales et imp\u00e9rialistes. Il s\u2019agit en particulier d\u2019\u00e9viter, pour un Etat r\u00e9publicain pro-sioniste, que le mouvement pro-palestinien trouve un \u00e9cho au sein de la population fran\u00e7aise.C\u2018est pourquoi les agents actifs de l\u2019islamophobie sont aussi souvent de fervents partisans d\u2019Isra\u00ebl.<\/p>\n<p style=\"text-align: justify\">La question sociale en France et la cause palestinienne sont donc consubstantiellement li\u00e9es. La classe politique ne s\u2019y est pas tromp\u00e9e en \u00e9levant le sionisme au rang d\u2019id\u00e9ologie officielle de l\u2019Etat Fran\u00e7ais. En ce qui concerne les domin\u00e9s, le niveau d\u2019implication dans le soutien \u00e0 la cause palestinienne constituera sans doute le r\u00e9v\u00e9lateur de l\u2019autonomie de leur mouvement et de leur maturation politique.<\/p>\n<p style=\"text-align: justify\"><strong><span style=\"font-size: small\">Comit\u00e9 Action Palestine<\/span><\/strong><\/p>\n<\/div>\n<\/td>\n<\/tr>\n<\/tbody>\n<\/table>\n","protected":false},"excerpt":{"rendered":"<p>La situation est alarmante. Les actes islamophobes d\u00e9clar\u00e9s ont augment\u00e9 de 57% entre 2011 et 2012, alors qu\u2019ils avaient d\u00e9j\u00e0 augment\u00e9 de 34% en 2011. Les femmes musulmanes en sont les victimes \u00e0 plus de 80%. Et en seulement deux mois, depuis fin mai 2013, on recense plus d\u2019une dizaine de cas de femmes insult\u00e9es [&hellip;]<\/p>\n","protected":false},"author":2,"featured_media":0,"comment_status":"closed","ping_status":"closed","sticky":false,"template":"","format":"standard","meta":{"footnotes":""},"categories":[30,5],"tags":[],"class_list":["post-1892","post","type-post","status-publish","format-standard","hentry","category-actualites","category-communiques"],"views":2648,"_links":{"self":[{"href":"http:\/\/www.comiteactionpalestine.org\/word\/wp-json\/wp\/v2\/posts\/1892","targetHints":{"allow":["GET"]}}],"collection":[{"href":"http:\/\/www.comiteactionpalestine.org\/word\/wp-json\/wp\/v2\/posts"}],"about":[{"href":"http:\/\/www.comiteactionpalestine.org\/word\/wp-json\/wp\/v2\/types\/post"}],"author":[{"embeddable":true,"href":"http:\/\/www.comiteactionpalestine.org\/word\/wp-json\/wp\/v2\/users\/2"}],"replies":[{"embeddable":true,"href":"http:\/\/www.comiteactionpalestine.org\/word\/wp-json\/wp\/v2\/comments?post=1892"}],"version-history":[{"count":2,"href":"http:\/\/www.comiteactionpalestine.org\/word\/wp-json\/wp\/v2\/posts\/1892\/revisions"}],"predecessor-version":[{"id":2012,"href":"http:\/\/www.comiteactionpalestine.org\/word\/wp-json\/wp\/v2\/posts\/1892\/revisions\/2012"}],"wp:attachment":[{"href":"http:\/\/www.comiteactionpalestine.org\/word\/wp-json\/wp\/v2\/media?parent=1892"}],"wp:term":[{"taxonomy":"category","embeddable":true,"href":"http:\/\/www.comiteactionpalestine.org\/word\/wp-json\/wp\/v2\/categories?post=1892"},{"taxonomy":"post_tag","embeddable":true,"href":"http:\/\/www.comiteactionpalestine.org\/word\/wp-json\/wp\/v2\/tags?post=1892"}],"curies":[{"name":"wp","href":"https:\/\/api.w.org\/{rel}","templated":true}]}}