{"id":1884,"date":"2007-10-01T13:51:10","date_gmt":"2007-10-01T12:51:10","guid":{"rendered":"http:\/\/www.comiteactionpalestine.org\/word\/?p=1884"},"modified":"2014-05-01T13:56:01","modified_gmt":"2014-05-01T12:56:01","slug":"conference-debat-avec-francois-burgat","status":"publish","type":"post","link":"http:\/\/www.comiteactionpalestine.org\/word\/conference-debat-avec-francois-burgat\/","title":{"rendered":"Conf\u00e9rence-d\u00e9bat avec Fran\u00e7ois Burgat"},"content":{"rendered":"<div class=\"pdfprnt-buttons pdfprnt-buttons-post pdfprnt-top-right\"><a href=\"http:\/\/www.comiteactionpalestine.org\/word\/wp-json\/wp\/v2\/posts\/1884?print=pdf\" class=\"pdfprnt-button pdfprnt-button-pdf\" target=\"_blank\"><img decoding=\"async\" src=\"http:\/\/www.comiteactionpalestine.org\/word\/wp-content\/plugins\/pdf-print\/images\/pdf.png\" alt=\"image_pdf\" title=\"Afficher le PDF\" \/><\/a><a href=\"http:\/\/www.comiteactionpalestine.org\/word\/wp-json\/wp\/v2\/posts\/1884?print=print\" class=\"pdfprnt-button pdfprnt-button-print\" target=\"_blank\"><img decoding=\"async\" src=\"http:\/\/www.comiteactionpalestine.org\/word\/wp-content\/plugins\/pdf-print\/images\/print.png\" alt=\"image_print\" title=\"Contenu imprim\u00e9\" \/><\/a><\/div><p style=\"color: #464646\" align=\"center\"><strong><span style=\"font-size: x-large\">\u00ab La Palestine et les M\u00e9dias<br \/>\nou<br \/>\nl&rsquo;Islamophobie au Service de l\u2019Occupation Isra\u00e9lienne \u00bb<\/span><\/strong><\/p>\n<p style=\"color: #464646\" align=\"center\">Le COMITE ACTION PALESTINE<br \/>\nvous convie \u00e0 une conf\u00e9rence-d\u00e9bat avec :<\/p>\n<p style=\"text-align: center\"><span style=\"font-size: xx-large\"><strong>Fran\u00e7ois BURGAT<br \/>\n<\/strong><\/span><br \/>\nPolitologue,<br \/>\nDirecteur de recherche \u00e0 l\u2019IREMAM<br \/>\nInstitut de recherches et d\u2019Etudes sur le Monde Arabe et Musulman, CNRS<\/p>\n<p style=\"text-align: center\"><span style=\"color: #ff0000;font-size: x-large\"><strong>le jeudi 4 octobre 2007 \u00e0 20h30<br \/>\n<\/strong><\/span><\/p>\n<p style=\"text-align: center\">\u00e0\u00a0<strong><span style=\"font-size: large\">BORDEAUX<\/span>\u00a0<\/strong><br \/>\nAmphith\u00e9\u00e2tre de l\u2019Ath\u00e9n\u00e9e Municipal<br \/>\nPlace St Christoly<br \/>\nTram A ou B, arr\u00eat H\u00f4tel de Ville<\/p>\n<p style=\"color: #464646;text-align: center\" align=\"justify\">\n<p style=\"text-align: justify\">Fran\u00e7ois Burgat\u00a0est l\u2019auteur de plusieurs essais dont \u00ab L\u2019islamisme \u00e0 l\u2019heure d\u2019Al-Qaida \u00bb (2005, Editions La D\u00e9couverte).<\/p>\n<p style=\"color: #464646;text-align: justify\" align=\"justify\">Il a publi\u00e9 en Ao\u00fbt 2006 sur\u00a0<a style=\"font-weight: bold;color: #004080\" href=\"http:\/\/www.oumma.com\/TELAVIVISION-DANGER\" target=\"_blank\">Oumma.com<\/a>\u00a0un article sur la \u00ab\u00a0Telavivision\u00a0\u00bb dont voici un extrait :<\/p>\n<p style=\"color: #464646;text-align: justify\" align=\"justify\">[\u2026.] \u00ab\u00a0<em>Aux rois des non-dits du 20 heures et des \u00ab plateaux \u00bb qui penchent sous le poids des \u00ab philosophes \u00e0 gages \u00bb et autres \u00ab experts \u00bb auto-proclam\u00e9s, aux princes des d\u00e9bats \u00e0 sens inique, aux reines des enqu\u00eates \u00e0 \u0153ill\u00e8res et des docus menteurs, aux montages qui trichent et qui truquent, aux mages du \u00ab 50-50 \u00bb (une minute pour les crat\u00e8res et&#8230; une pour les canons) comment dire la rage ressentie devant de telles \u00ab informations \u00bb ? Comment vous dire : \u00ab Assez \u00bb ! L\u2019arme des mots nous forge un nouveau nom : vous serez d\u00e9sormais la \u00ab TELAVIVISION! \u00bb<\/em><\/p>\n<p style=\"color: #464646;text-align: justify\" align=\"justify\"><em>A la t\u00e9l\u00e9vision, on creuse le vieux sillon du sens commun de la haine ordinaire : de Gaza \u00e0 la banlieue sud de Beyrouth, on stigmatise indistinctement- et aussi aveugl\u00e9ment qu\u2019en leur temps ses p\u00e8res nationalistes &#8211; l\u2019enti\u00e8re g\u00e9n\u00e9ration politique dite \u00ab islamiste \u00bb tout enti\u00e8re identifi\u00e9e au \u00ab terrorisme<\/em>\u00a0\u00bb. [\u2026]<\/p>\n<p style=\"color: #464646;text-align: justify\" align=\"justify\"><strong>Informations suppl\u00e9mentaires<\/strong>\u00a0au 06-74-60-02-36 ou par mail :\u00a0<a style=\"font-weight: bold;color: #004080\" href=\"mailto:actionpalestine@hotmail.fr\">actionpalestine@hotmail.fr<\/a><\/p>\n","protected":false},"excerpt":{"rendered":"<p>\u00ab La Palestine et les M\u00e9dias ou l&rsquo;Islamophobie au Service de l\u2019Occupation Isra\u00e9lienne \u00bb Le COMITE ACTION PALESTINE vous convie \u00e0 une conf\u00e9rence-d\u00e9bat avec : Fran\u00e7ois BURGAT Politologue, Directeur de recherche \u00e0 l\u2019IREMAM Institut de recherches et d\u2019Etudes sur le Monde Arabe et Musulman, CNRS le jeudi 4 octobre 2007 \u00e0 20h30 \u00e0\u00a0BORDEAUX\u00a0 Amphith\u00e9\u00e2tre de [&hellip;]<\/p>\n","protected":false},"author":2,"featured_media":0,"comment_status":"closed","ping_status":"closed","sticky":false,"template":"","format":"standard","meta":{"footnotes":""},"categories":[19,5],"tags":[],"class_list":["post-1884","post","type-post","status-publish","format-standard","hentry","category-actions","category-communiques"],"views":3033,"_links":{"self":[{"href":"http:\/\/www.comiteactionpalestine.org\/word\/wp-json\/wp\/v2\/posts\/1884","targetHints":{"allow":["GET"]}}],"collection":[{"href":"http:\/\/www.comiteactionpalestine.org\/word\/wp-json\/wp\/v2\/posts"}],"about":[{"href":"http:\/\/www.comiteactionpalestine.org\/word\/wp-json\/wp\/v2\/types\/post"}],"author":[{"embeddable":true,"href":"http:\/\/www.comiteactionpalestine.org\/word\/wp-json\/wp\/v2\/users\/2"}],"replies":[{"embeddable":true,"href":"http:\/\/www.comiteactionpalestine.org\/word\/wp-json\/wp\/v2\/comments?post=1884"}],"version-history":[{"count":2,"href":"http:\/\/www.comiteactionpalestine.org\/word\/wp-json\/wp\/v2\/posts\/1884\/revisions"}],"predecessor-version":[{"id":1887,"href":"http:\/\/www.comiteactionpalestine.org\/word\/wp-json\/wp\/v2\/posts\/1884\/revisions\/1887"}],"wp:attachment":[{"href":"http:\/\/www.comiteactionpalestine.org\/word\/wp-json\/wp\/v2\/media?parent=1884"}],"wp:term":[{"taxonomy":"category","embeddable":true,"href":"http:\/\/www.comiteactionpalestine.org\/word\/wp-json\/wp\/v2\/categories?post=1884"},{"taxonomy":"post_tag","embeddable":true,"href":"http:\/\/www.comiteactionpalestine.org\/word\/wp-json\/wp\/v2\/tags?post=1884"}],"curies":[{"name":"wp","href":"https:\/\/api.w.org\/{rel}","templated":true}]}}