{"id":1880,"date":"2008-01-13T13:43:10","date_gmt":"2008-01-13T12:43:10","guid":{"rendered":"http:\/\/www.comiteactionpalestine.org\/word\/?p=1880"},"modified":"2017-12-08T14:04:23","modified_gmt":"2017-12-08T13:04:23","slug":"conference-debat-avec-francois-burgat-compte-rendu","status":"publish","type":"post","link":"http:\/\/www.comiteactionpalestine.org\/word\/conference-debat-avec-francois-burgat-compte-rendu\/","title":{"rendered":"Conf\u00e9rence-d\u00e9bat avec Fran\u00e7ois Burgat &#8211; Compte-rendu"},"content":{"rendered":"<div class=\"pdfprnt-buttons pdfprnt-buttons-post pdfprnt-top-right\"><a href=\"http:\/\/www.comiteactionpalestine.org\/word\/wp-json\/wp\/v2\/posts\/1880?print=pdf\" class=\"pdfprnt-button pdfprnt-button-pdf\" target=\"_blank\"><img decoding=\"async\" src=\"http:\/\/www.comiteactionpalestine.org\/word\/wp-content\/plugins\/pdf-print\/images\/pdf.png\" alt=\"image_pdf\" title=\"Afficher le PDF\" \/><\/a><a href=\"http:\/\/www.comiteactionpalestine.org\/word\/wp-json\/wp\/v2\/posts\/1880?print=print\" class=\"pdfprnt-button pdfprnt-button-print\" target=\"_blank\"><img decoding=\"async\" src=\"http:\/\/www.comiteactionpalestine.org\/word\/wp-content\/plugins\/pdf-print\/images\/print.png\" alt=\"image_print\" title=\"Contenu imprim\u00e9\" \/><\/a><\/div><p align=\"justify\">Le Comit\u00e9 Action Palestine a organis\u00e9 le 4 octobre 2007 une conf\u00e9rence d\u00e9bat avec Fran\u00e7ois Burgat sur le th\u00e8me : \u00ab\u00a0<strong>La Palestine et les M\u00e9dias ou l&rsquo;Islamophobie au Service de l\u2019Occupation Isra\u00e9lienne<\/strong>\u00a0\u00ab\u00a0. Voir la\u00a0<a style=\"font-weight: bold; color: #004080;\" href=\"http:\/\/www.comiteactionpalestine.org\/word\/?p=1884\" target=\"_blank\" rel=\"noopener\">pr\u00e9sentation de la soir\u00e9e\u00a0<\/a>.<\/p>\n<p style=\"text-align: justify;\">Nous tenons \u00e0 remercier Fran\u00e7ois Burgat tout d&rsquo;abord mais aussi tous ceux qui ont assist\u00e9 \u00e0 cet \u00e9v\u00e8nement ainsi que le radio la \u00ab\u00a0La cl\u00e9 des Ondes\u00a0\u00bb qui a enregistr\u00e9 l&rsquo;\u00e9v\u00e8nement et\u00a0qui met cet enregistrement \u00e0 notre disposition (voir\u00a0<a style=\"font-weight: bold; color: #004080;\" href=\"http:\/\/www.comiteactionpalestine.org\/modules\/wfsection\/article.php?articleid=34#tel\">plus bas<\/a>\u00a0pour\u00a0<strong>t\u00e9l\u00e9charger<\/strong>\u00a0l&rsquo;intervention).<\/p>\n<p align=\"justify\">Pour ceux qui n&rsquo;\u00e9taient pas l\u00e0 et pour vous donner envie d&rsquo;en savoir plus voici un bref r\u00e9sum\u00e9 de cette conf\u00e9rence.<\/p>\n<p align=\"justify\">Fran\u00e7ois Burgat est politologue et directeur de recherche au CNRS (Institut de recherches et d\u2019\u00e9tudes sur le monde arabe et musulman, CNRS). Il est l&rsquo;auteur de plusieurs essais dont\u00a0<em>L&rsquo;Islamisme en face\u00a0<\/em>(La D\u00e9couverte, 1995 2002 et r\u00e9\u00e9dition augment\u00e9e sous presse) et\u00a0<em>L&rsquo;islamisme \u00e0 l\u2019heure d\u2019Al-Qa\u00efda<\/em>\u00a0(2005, Editions La D\u00e9couverte).<\/p>\n<p style=\"text-align: justify;\">Lors de cette conf\u00e9rence consacr\u00e9e \u00e0 l&rsquo;attitude des m\u00e9dias fran\u00e7ais vis-\u00e0-vis de la question palestinienne, F.Burgat s&rsquo;est employ\u00e9 \u00e0 d\u00e9monter le processus par lequel une information fran\u00e7aise particuli\u00e8rement isral\u00e9o centr\u00e9e r\u00e9ussit \u00e0 parer la r\u00e9pression du Hamas (et avec lui celle de tout le peuple palestinien) des vertus d&rsquo;une lutte pour l&rsquo;\u00e9mancipation de la soci\u00e9t\u00e9 ou de la femme palestiniennes ou d&rsquo;une quelconque d\u00e9fense des \u00ab\u00a0valeurs de la modernit\u00e9\u00a0\u00bb. Le processus n&rsquo;est pas sans rappeler la rh\u00e9torique des autorit\u00e9s coloniales qui pr\u00e9sentaient dans les ann\u00e9es cinquante le maintien de la pr\u00e9sence fran\u00e7aise en Alg\u00e9rie comme une garantie de protection des libert\u00e9s f\u00e9minines. C&rsquo;est en ce sens que l&rsquo;on peut dire que les grands m\u00e9dias audio visuels fran\u00e7ais et europ\u00e9ens parviennent en quelque sorte \u00e0 faire prendre au grand public \u00ab\u00a0<em>des vessies dominatrices pour des lumi\u00e8res \u00e9mancipatrices<\/em>\u00a0\u00ab\u00a0.<\/p>\n<p style=\"text-align: justify;\">Les pratiques de la domination isra\u00e9lienne, masqu\u00e9es sous une communication \u00ab\u00a0de paix\u00a0\u00bb qui est aux antipodes de la r\u00e9alit\u00e9 des avanc\u00e9es constantes de l&rsquo;occupation militaire prennent appui pour l\u00e9gitimer leur intransigeance sur la criminalisation indistincte de toute la g\u00e9n\u00e9ration politique \u00ab\u00a0islamiste\u00a0\u00bb&lsquo;. Le choix massif des Palestiniens lors des l\u00e9gislatives de 2006 a pourtant montr\u00e9 que, en politique, cette s\u00e9mantique \u00ab\u00a0islamique\u00a0\u00bb &#8211; \u00e0 Gaza comme dans bon nombre d&rsquo;autres pays de la r\u00e9gion &#8211; a une port\u00e9e identitaire bien plus large que celle d&rsquo;une affirmation strictement religieuse. Tout en pr\u00e9tendant d\u00e9fendre la femme palestinienne contre le machisme de ses p\u00e8res, fils et \u00e9poux, la machine de guerre isra\u00e9lienne n&rsquo;en d\u00e9ploit pas moins contre la soci\u00e9t\u00e9 toute enti\u00e8re (femmes incluses !) une violence \u00e9conomique, politique et militaire sans limite.<\/p>\n<p style=\"text-align: justify;\">Si ce tour de passe passe mortif\u00e8re s&rsquo;op\u00e8re avec tant de facilit\u00e9, c&rsquo;est que les m\u00e9dias surfent sur l&rsquo;incapacit\u00e9 de la classe intellectuelle et politique fran\u00e7aise de produire ou d&rsquo;accepter une vision rationnelle de la la g\u00e9n\u00e9ration islamiste. Ce d\u00e9crochage intellectuel n\u2019est pas l&rsquo;apanage des m\u00e9dias, il est inh\u00e9rent \u00e0 toute la soci\u00e9t\u00e9 occidentale, recroquevill\u00e9e sur son identit\u00e9 et donc dans l&rsquo;incapacit\u00e9 d&rsquo;admettre les aspects universels d&rsquo;une culture autre que la sienne.<\/p>\n<p style=\"text-align: justify;\">La conf\u00e9rence a \u00e9t\u00e9 suivie d\u2019un d\u00e9bat avec le politologue qui a r\u00e9pondu \u00e0 des questions qui ont port\u00e9 sur la place de la politique \u00e9trang\u00e8re lors de la campagne \u00e9lectorale, l&rsquo;importance du lobby sioniste dans les medias, l&rsquo;inf\u00e9odation des gouvernements arabes \u00e0 l&rsquo;occident et \u00e0 Isra\u00ebl, la question du voile islamique, etc.<\/p>\n<p align=\"justify\">&#8212;&#8212;&#8212;&#8212;&#8212;&#8212;&#8212;&#8212;&#8211;<\/p>\n<p align=\"justify\"><a style=\"font-weight: bold; color: #004080;\" name=\"tel\"><\/a><a style=\"font-weight: bold; color: #004080;\" href=\"ftp:\/\/ftp2.comiteactionpalestine.org\/comiteact\/FrancoisBurgat4oct07.mp4\" target=\"_blank\" rel=\"noopener\">T\u00e9l\u00e9chargez l&rsquo;intervention\u00a0<\/a>(cliquez \u00e0 droite puis sur \u00ab\u00a0enregistrez la cible sous\u00a0\u00bb pour l&rsquo;enregistrer sur votre ordinateur &#8211; attention, le fichier fait 76 Mo &#8211; son t\u00e9l\u00e9chargement peut prendre du temps)<\/p>\n<p><em>L&rsquo;intervention est enregistr\u00e9e et pr\u00e9-mont\u00e9e par Gilbert Hanna \u00ab\u00a0<strong>la Cl\u00e9 Des Ondes<\/strong>\u00a0\u00ab\u00a0, 90.1.<\/em><\/p>\n","protected":false},"excerpt":{"rendered":"<p>Le Comit\u00e9 Action Palestine a organis\u00e9 le 4 octobre 2007 une conf\u00e9rence d\u00e9bat avec Fran\u00e7ois Burgat sur le th\u00e8me : \u00ab\u00a0La Palestine et les M\u00e9dias ou l&rsquo;Islamophobie au Service de l\u2019Occupation Isra\u00e9lienne\u00a0\u00ab\u00a0. Voir la\u00a0pr\u00e9sentation de la soir\u00e9e\u00a0. Nous tenons \u00e0 remercier Fran\u00e7ois Burgat tout d&rsquo;abord mais aussi tous ceux qui ont assist\u00e9 \u00e0 cet \u00e9v\u00e8nement [&hellip;]<\/p>\n","protected":false},"author":2,"featured_media":0,"comment_status":"closed","ping_status":"closed","sticky":false,"template":"","format":"standard","meta":{"footnotes":""},"categories":[19],"tags":[],"class_list":["post-1880","post","type-post","status-publish","format-standard","hentry","category-actions"],"views":2631,"_links":{"self":[{"href":"http:\/\/www.comiteactionpalestine.org\/word\/wp-json\/wp\/v2\/posts\/1880","targetHints":{"allow":["GET"]}}],"collection":[{"href":"http:\/\/www.comiteactionpalestine.org\/word\/wp-json\/wp\/v2\/posts"}],"about":[{"href":"http:\/\/www.comiteactionpalestine.org\/word\/wp-json\/wp\/v2\/types\/post"}],"author":[{"embeddable":true,"href":"http:\/\/www.comiteactionpalestine.org\/word\/wp-json\/wp\/v2\/users\/2"}],"replies":[{"embeddable":true,"href":"http:\/\/www.comiteactionpalestine.org\/word\/wp-json\/wp\/v2\/comments?post=1880"}],"version-history":[{"count":5,"href":"http:\/\/www.comiteactionpalestine.org\/word\/wp-json\/wp\/v2\/posts\/1880\/revisions"}],"predecessor-version":[{"id":2914,"href":"http:\/\/www.comiteactionpalestine.org\/word\/wp-json\/wp\/v2\/posts\/1880\/revisions\/2914"}],"wp:attachment":[{"href":"http:\/\/www.comiteactionpalestine.org\/word\/wp-json\/wp\/v2\/media?parent=1880"}],"wp:term":[{"taxonomy":"category","embeddable":true,"href":"http:\/\/www.comiteactionpalestine.org\/word\/wp-json\/wp\/v2\/categories?post=1880"},{"taxonomy":"post_tag","embeddable":true,"href":"http:\/\/www.comiteactionpalestine.org\/word\/wp-json\/wp\/v2\/tags?post=1880"}],"curies":[{"name":"wp","href":"https:\/\/api.w.org\/{rel}","templated":true}]}}