{"id":1784,"date":"2010-06-03T21:14:13","date_gmt":"2010-06-03T20:14:13","guid":{"rendered":"http:\/\/www.comiteactionpalestine.org\/word\/?p=1784"},"modified":"2014-04-27T21:16:24","modified_gmt":"2014-04-27T20:16:24","slug":"appel-a-manifestation-le-5-juin","status":"publish","type":"post","link":"http:\/\/www.comiteactionpalestine.org\/word\/appel-a-manifestation-le-5-juin\/","title":{"rendered":"Appel \u00e0 manifestation le 5 juin"},"content":{"rendered":"<div class=\"pdfprnt-buttons pdfprnt-buttons-post pdfprnt-top-right\"><a href=\"http:\/\/www.comiteactionpalestine.org\/word\/wp-json\/wp\/v2\/posts\/1784?print=pdf\" class=\"pdfprnt-button pdfprnt-button-pdf\" target=\"_blank\"><img decoding=\"async\" src=\"http:\/\/www.comiteactionpalestine.org\/word\/wp-content\/plugins\/pdf-print\/images\/pdf.png\" alt=\"image_pdf\" title=\"Afficher le PDF\" \/><\/a><a href=\"http:\/\/www.comiteactionpalestine.org\/word\/wp-json\/wp\/v2\/posts\/1784?print=print\" class=\"pdfprnt-button pdfprnt-button-print\" target=\"_blank\"><img decoding=\"async\" src=\"http:\/\/www.comiteactionpalestine.org\/word\/wp-content\/plugins\/pdf-print\/images\/print.png\" alt=\"image_print\" title=\"Contenu imprim\u00e9\" \/><\/a><\/div><p style=\"color: #464646\" align=\"center\"><span style=\"font-size: large\"><strong>MANIFESTATION<\/strong><\/span><\/p>\n<p style=\"text-align: center\">le\u00a0<strong><span style=\"color: #ff0000\">SAMEDI 5 JUIN \u00e0 15H<\/span>\u00a0<\/strong><\/p>\n<p style=\"text-align: center\">Place de la Victoire \u00e0 Bordeaux<\/p>\n<p style=\"color: #464646\" align=\"justify\">\n<p>Appel commun\u00a0:<\/p>\n<p>L\u2019Etat isra\u00e9lien a commis lundi 31 mai 2010 un nouveau crime en s\u2019attaquant \u00e0 des humanitaires internationaux et, particuli\u00e8rement, aux ressortissants turcs. Ce crime a fait au moins 9 morts, des dizaines de bless\u00e9s et plus de 4OO personnes kidnapp\u00e9es et retenues en Isra\u00ebl. Nous tenons \u00e0 condamner cet acte criminel commis dans les eaux internationales et \u00e0 saluer la m\u00e9moires des martyrs et de tous les humanitaires victimes de cet acte de piraterie.<\/p>\n<p style=\"color: #464646\" align=\"justify\">Nous condamnons \u00e9galement le blocus impos\u00e9 \u00e0 la population de Gaza et soutenons le droit \u00e0 la r\u00e9sistance et \u00e0 l\u2019autod\u00e9termination du peuple palestinien.<\/p>\n<p style=\"color: #464646\" align=\"justify\">Les associations signataires de cet appel tiennent tout particuli\u00e8rement \u00e0 d\u00e9noncer cette provocation \u00e0 l\u2019encontre de la Turquie et du peuple turc.<\/p>\n<p style=\"color: #464646\" align=\"justify\"><span style=\"text-decoration: underline\"><br \/>\n<strong>Signataires<\/strong><\/span>\u00a0\u00a0:\u00a0 Association culturelle solidaire de Posof {ACSP}\u00a0; Association Multiculturelle de la Gironde pour la Tol\u00e9rance {AMGT}\u00a0; Association Pisidia Antiochiea Yalvac {APAY}\u00a0; Comit\u00e9 Action Palestine {CAP}\u00a0;\u00a0Ici et\u00a0L\u00e0 Bas ; International Solidarity Movement {ISM-France}<\/p>\n","protected":false},"excerpt":{"rendered":"<p>MANIFESTATION le\u00a0SAMEDI 5 JUIN \u00e0 15H\u00a0 Place de la Victoire \u00e0 Bordeaux Appel commun\u00a0: L\u2019Etat isra\u00e9lien a commis lundi 31 mai 2010 un nouveau crime en s\u2019attaquant \u00e0 des humanitaires internationaux et, particuli\u00e8rement, aux ressortissants turcs. Ce crime a fait au moins 9 morts, des dizaines de bless\u00e9s et plus de 4OO personnes kidnapp\u00e9es et [&hellip;]<\/p>\n","protected":false},"author":2,"featured_media":1559,"comment_status":"closed","ping_status":"closed","sticky":false,"template":"","format":"standard","meta":{"footnotes":""},"categories":[19],"tags":[],"class_list":["post-1784","post","type-post","status-publish","format-standard","has-post-thumbnail","hentry","category-actions"],"views":2666,"_links":{"self":[{"href":"http:\/\/www.comiteactionpalestine.org\/word\/wp-json\/wp\/v2\/posts\/1784","targetHints":{"allow":["GET"]}}],"collection":[{"href":"http:\/\/www.comiteactionpalestine.org\/word\/wp-json\/wp\/v2\/posts"}],"about":[{"href":"http:\/\/www.comiteactionpalestine.org\/word\/wp-json\/wp\/v2\/types\/post"}],"author":[{"embeddable":true,"href":"http:\/\/www.comiteactionpalestine.org\/word\/wp-json\/wp\/v2\/users\/2"}],"replies":[{"embeddable":true,"href":"http:\/\/www.comiteactionpalestine.org\/word\/wp-json\/wp\/v2\/comments?post=1784"}],"version-history":[{"count":2,"href":"http:\/\/www.comiteactionpalestine.org\/word\/wp-json\/wp\/v2\/posts\/1784\/revisions"}],"predecessor-version":[{"id":1786,"href":"http:\/\/www.comiteactionpalestine.org\/word\/wp-json\/wp\/v2\/posts\/1784\/revisions\/1786"}],"wp:featuredmedia":[{"embeddable":true,"href":"http:\/\/www.comiteactionpalestine.org\/word\/wp-json\/wp\/v2\/media\/1559"}],"wp:attachment":[{"href":"http:\/\/www.comiteactionpalestine.org\/word\/wp-json\/wp\/v2\/media?parent=1784"}],"wp:term":[{"taxonomy":"category","embeddable":true,"href":"http:\/\/www.comiteactionpalestine.org\/word\/wp-json\/wp\/v2\/categories?post=1784"},{"taxonomy":"post_tag","embeddable":true,"href":"http:\/\/www.comiteactionpalestine.org\/word\/wp-json\/wp\/v2\/tags?post=1784"}],"curies":[{"name":"wp","href":"https:\/\/api.w.org\/{rel}","templated":true}]}}