{"id":1781,"date":"2011-03-27T21:11:17","date_gmt":"2011-03-27T20:11:17","guid":{"rendered":"http:\/\/www.comiteactionpalestine.org\/word\/?p=1781"},"modified":"2014-04-27T21:13:43","modified_gmt":"2014-04-27T20:13:43","slug":"palestine-journee-de-la-terre-appel-a-rassemblement","status":"publish","type":"post","link":"http:\/\/www.comiteactionpalestine.org\/word\/palestine-journee-de-la-terre-appel-a-rassemblement\/","title":{"rendered":"Palestine : Journ\u00e9e de la terre- Appel \u00e0 rassemblement"},"content":{"rendered":"<div class=\"pdfprnt-buttons pdfprnt-buttons-post pdfprnt-top-right\"><a href=\"http:\/\/www.comiteactionpalestine.org\/word\/wp-json\/wp\/v2\/posts\/1781?print=pdf\" class=\"pdfprnt-button pdfprnt-button-pdf\" target=\"_blank\"><img decoding=\"async\" src=\"http:\/\/www.comiteactionpalestine.org\/word\/wp-content\/plugins\/pdf-print\/images\/pdf.png\" alt=\"image_pdf\" title=\"Afficher le PDF\" \/><\/a><a href=\"http:\/\/www.comiteactionpalestine.org\/word\/wp-json\/wp\/v2\/posts\/1781?print=print\" class=\"pdfprnt-button pdfprnt-button-print\" target=\"_blank\"><img decoding=\"async\" src=\"http:\/\/www.comiteactionpalestine.org\/word\/wp-content\/plugins\/pdf-print\/images\/print.png\" alt=\"image_print\" title=\"Contenu imprim\u00e9\" \/><\/a><\/div><p style=\"color: #464646\" align=\"center\"><span style=\"font-size: large\"><strong>A\u00a0<span style=\"font-size: medium\">l\u2019occasion de la Journ\u00e9e de la Terre en Palestine<\/span><\/strong><\/span><\/p>\n<p>&nbsp;<\/p>\n<p style=\"color: #464646\" align=\"center\"><strong><span style=\"font-size: large\">Le\u00a0<span style=\"color: #000000\">COMITE ACTION PALESTINE<\/span><\/span><\/strong><\/p>\n<p style=\"color: #464646\" align=\"center\">lance un<\/p>\n<p style=\"text-align: center\"><strong><span style=\"color: #ff0000;font-size: large\">APPEL A RASSEMBLEMENT<\/span><\/strong><\/p>\n<p style=\"color: #464646\" align=\"center\"><span style=\"font-size: x-large\"><span style=\"font-size: medium\"><br \/>\nle\u00a0<strong>Samedi 2 avril \u00e0 15h00\u00a0<\/strong><br \/>\nplace de la Victoire, Bordeaux<\/span><br \/>\n<\/span><\/p>\n<p style=\"color: #464646\" align=\"center\"><strong><span style=\"font-size: large\">\u00a0<\/span><\/strong><\/p>\n<p style=\"color: #464646\" align=\"justify\">Le 30 mars 1976, six Palestiniens de 48 (c\u2019est-\u00e0-dire ceux qui sont rest\u00e9s dans leur pays en 1948 apr\u00e8s la cr\u00e9ation de l\u2019Etat d\u2019Isra\u00ebl), \u00e9taient abattus par l\u2019arm\u00e9e d\u2019occupation isra\u00e9lienne, 96 \u00e9taient bless\u00e9s et 300 autres arr\u00eat\u00e9s. Leur crime ? Avoir manifest\u00e9 contre l\u2019Etat sioniste qui avait confisqu\u00e9 et d\u00e9clar\u00e9 \u00ab zone militaire \u00bb 1700 hectares appartenant \u00e0 des villages palestiniens.<\/p>\n<p style=\"color: #464646\" align=\"justify\">Depuis, tous les 30 mars, la Journ\u00e9e de la Terre comm\u00e9more cet \u00e9v\u00e9nement partout dans le monde o\u00f9 sont port\u00e9es les revendications palestiniennes.<\/p>\n<p style=\"color: #464646\" align=\"justify\">Cette journ\u00e9e est avant tout symbolique. Rappelons qu\u2019en 1948, l\u2019Etat juif a d\u00e9truit plus de 500 villages et expuls\u00e9 pr\u00e8s d\u2019un million de Palestiniens (les r\u00e9fugi\u00e9s sont aujourd\u2019hui pr\u00e8s de 5 millions), \u00e0 qui on ne reconna\u00eet toujours pas le droit au retour. La majeure partie de leurs terres a \u00e9t\u00e9 confisqu\u00e9e par l&rsquo;entit\u00e9 sioniste. D\u00e8s lors, cette politique de juda\u00efsation de la Palestine, qui consiste \u00e0 voler des terres aux Palestiniens pour les donner aux juifs, s\u2019est poursuivie et intensifi\u00e9e ; l&rsquo;\u00e9puration ethnique; les crimes de masses, les assassinats de leaders politiques et les emprisonnements de r\u00e9sistants se sont accumul\u00e9s. La colonisation de toute la Palestine est inscrite au c\u0153ur du projet sioniste, soutenu par l\u2019Occident, et notamment par les USA et la France.<\/p>\n<p style=\"color: #464646\" align=\"justify\">Bordeaux offre un parfait exemple de ce soutien \u00e0 la colonisation : depuis 1984, elle est jumel\u00e9e avec la ville isra\u00e9lienne d\u2019Ashdod. Fond\u00e9e en 1948 sur les ruines du village palestinien d\u2019Isdud d\u00e9truit par les forces militaires juives, cette cit\u00e9 coloniale est l\u2019image m\u00eame de la politique sioniste de destruction de la Palestine et de la mythification de l\u2019histoire isra\u00e9lienne. Les 5000 habitants palestiniens de l\u2019\u00e9poque ont tous \u00e9t\u00e9 expuls\u00e9s et ils attendent toujours, avec leurs descendants, de pouvoir rentrer chez eux. En m\u00eame temps, chaque ann\u00e9e, 10000 nouveaux colons venus de Russie, d\u2019Am\u00e9rique du Sud et de France viennent s\u2019installer \u00e0 Ashdod. Bordeaux s\u2019enorgueillit d\u2019\u00eatre jumel\u00e9e avec cette ville coloniale, au point de colporter les mythes sionistes et de tomber dans le r\u00e9visionnisme. On peut toujours lire sur le site de la ville de Bordeaux qu\u2019Ashdod est construite sur un site biblique. 2000 ann\u00e9es d\u2019histoire de la localit\u00e9, et notamment son pass\u00e9 arabe, sont tout simplement ni\u00e9s.<\/p>\n<p style=\"color: #464646\" align=\"justify\">Le maire de Bordeaux et ministre des Affaires Etrang\u00e8res, Alain Jupp\u00e9, est un sioniste coh\u00e9rent : d\u00e8s sa prise de fonction, il vole au secours de l\u2019Etat isra\u00e9lien qui vient de perdre en quelques semaines, pour cause de r\u00e9volutions, plusieurs alli\u00e9s parmi les dictatures arabes. En effet, la France a pris les devants dans l\u2019agression contre la Libye en faisant adopter la r\u00e9solution 1973 autorisant de fait la violation de la souverainet\u00e9 et du principe d\u2019autod\u00e9termination du peuple libyen.<\/p>\n<p style=\"color: #464646\" align=\"justify\">Cet acte d\u2019ing\u00e9rence militaire, qui l\u00e9gitime le recours \u00e0 la force m\u00eame s\u2019il n\u2019est pour le moment que question d\u2019interventions a\u00e9riennes, ne doit tromper personne. Comme toujours, l\u2019imp\u00e9rialisme avance masqu\u00e9. C&rsquo;est sous le pr\u00e9texte de venir en aide \u00e0 la population libyenne que l\u2019Occident justifie son intervention dont les buts sont en r\u00e9alit\u00e9 tout autres : maintenir sa domination et pr\u00e9server ses int\u00e9r\u00eats \u00e9conomiques, notamment ses int\u00e9r\u00eats p\u00e9troliers.<\/p>\n<p style=\"color: #464646\" align=\"justify\">Une fois encore, sous couvert d\u2019un mandat onusien, l\u2019objectif est bel et bien de pr\u00e9parer, comme en Irak, le terrain \u00e0 une occupation militaire. La reconnaissance pr\u00e9cipit\u00e9e par certains Etats imp\u00e9rialistes, les Etats-Unis, la France et la Grande-Bretagne, d\u2019un Conseil National libyen, t\u00e9l\u00e9guid\u00e9 par cette m\u00eame coalition occidentale, n\u2019est qu\u2019une ruse de plus pour justifier l\u2019intervention militaire sous l\u2019\u00e9gide de l\u2019OTAN. L\u2019objectif est de saborder l\u2019\u00e9lan r\u00e9volutionnaire du peuple libyen et plus largement, toutes les r\u00e9volutions qui font tomber les unes apr\u00e8s les autres les dictatures arabes alli\u00e9es de l\u2019Etat colonial isra\u00e9lien. La perte de ces soutiens arabes et la r\u00e9sistance palestinienne annoncent la fin de la colonisation juive en Palestine et de la domination occidentale dans la r\u00e9gion.<\/p>\n<p style=\"color: #464646\" align=\"justify\">La contre-r\u00e9volution n\u00e9e de cette r\u00e9solution de l\u2019ONU aura des cons\u00e9quences d\u00e9sastreuses pour le peuple libyen et tous les peuples arabes, mais elles seront surtout \u00e0 terme d\u00e9sastreuses pour l\u2019Occident. Perdant peu \u00e0 peu pied dans le monde arabe, l\u2019Occident, divis\u00e9 et affaibli, cherche par des tentatives d\u00e9sesp\u00e9r\u00e9es \u00e0 garder le contr\u00f4le en recourant \u00e0 des actions arm\u00e9es. Mais il est d\u00e9j\u00e0 perdu, l\u2019avenir ne lui appartient plus<\/p>\n<p style=\"color: #464646\" align=\"justify\">Les peuples arabes nous le montrent. Les R\u00e9volutions arabes en cours sont un immense message d\u2019espoir pour les peuples opprim\u00e9s. L\u2019imp\u00e9rialisme et la colonisation ont beau s\u2019imposer gr\u00e2ce \u00e0 la sup\u00e9riorit\u00e9 technologique et militaire, rien ne r\u00e9siste \u00e0 la l\u00e9gitime soif de libert\u00e9 et de justice qui fait se lever les damn\u00e9s de la terre.<\/p>\n<p style=\"color: #464646\" align=\"justify\">Ces R\u00e9volutions sont loin d\u2019\u00eatre termin\u00e9es. Au-del\u00e0 des revers subis, de grandes victoires ont \u00e9t\u00e9 acquises et rien ne sera jamais plus comme avant. Les peuples savent d\u00e9sormais que leur volont\u00e9 et leur d\u00e9termination peuvent renverser tous les dictateurs et chasser tous les colonisateurs du monde.<\/p>\n<p style=\"color: #464646\" align=\"justify\">Le peuple palestinien sait d\u00e9sormais qu\u2019il n\u2019est plus seul. Lui qui se bat depuis plus de 60 ans pour r\u00e9cup\u00e9rer sa terre, et qui a toujours \u00e9t\u00e9 convaincu qu\u2019il ne fallait jamais abandonner la lutte, peut \u00eatre fier d\u2019avoir \u00e9t\u00e9 le mod\u00e8le de r\u00e9sistance et de d\u00e9termination pour tous les opprim\u00e9s du monde. Comme les peuples arabes retrouveront la libert\u00e9 que l\u2019imp\u00e9rialisme leur a depuis trop longtemps confisqu\u00e9e, le peuple de Palestine r\u00e9cup\u00e9rera la terre qui est la sienne, et le sionisme, mouvement colonial et raciste, sera balay\u00e9 par le vent de l\u2019Histoire.<\/p>\n<p style=\"color: #464646\" align=\"center\"><span style=\"font-size: medium\"><strong>Vive la lutte du peuple palestinien.<\/strong><\/span><\/p>\n<p><strong>Vive la lutte des peuples arabes.<\/strong><\/p>\n","protected":false},"excerpt":{"rendered":"<p>A\u00a0l\u2019occasion de la Journ\u00e9e de la Terre en Palestine &nbsp; Le\u00a0COMITE ACTION PALESTINE lance un APPEL A RASSEMBLEMENT le\u00a0Samedi 2 avril \u00e0 15h00\u00a0 place de la Victoire, Bordeaux \u00a0 Le 30 mars 1976, six Palestiniens de 48 (c\u2019est-\u00e0-dire ceux qui sont rest\u00e9s dans leur pays en 1948 apr\u00e8s la cr\u00e9ation de l\u2019Etat d\u2019Isra\u00ebl), \u00e9taient abattus [&hellip;]<\/p>\n","protected":false},"author":2,"featured_media":0,"comment_status":"closed","ping_status":"closed","sticky":false,"template":"","format":"standard","meta":{"footnotes":""},"categories":[19],"tags":[],"class_list":["post-1781","post","type-post","status-publish","format-standard","hentry","category-actions"],"views":2551,"_links":{"self":[{"href":"http:\/\/www.comiteactionpalestine.org\/word\/wp-json\/wp\/v2\/posts\/1781","targetHints":{"allow":["GET"]}}],"collection":[{"href":"http:\/\/www.comiteactionpalestine.org\/word\/wp-json\/wp\/v2\/posts"}],"about":[{"href":"http:\/\/www.comiteactionpalestine.org\/word\/wp-json\/wp\/v2\/types\/post"}],"author":[{"embeddable":true,"href":"http:\/\/www.comiteactionpalestine.org\/word\/wp-json\/wp\/v2\/users\/2"}],"replies":[{"embeddable":true,"href":"http:\/\/www.comiteactionpalestine.org\/word\/wp-json\/wp\/v2\/comments?post=1781"}],"version-history":[{"count":2,"href":"http:\/\/www.comiteactionpalestine.org\/word\/wp-json\/wp\/v2\/posts\/1781\/revisions"}],"predecessor-version":[{"id":1783,"href":"http:\/\/www.comiteactionpalestine.org\/word\/wp-json\/wp\/v2\/posts\/1781\/revisions\/1783"}],"wp:attachment":[{"href":"http:\/\/www.comiteactionpalestine.org\/word\/wp-json\/wp\/v2\/media?parent=1781"}],"wp:term":[{"taxonomy":"category","embeddable":true,"href":"http:\/\/www.comiteactionpalestine.org\/word\/wp-json\/wp\/v2\/categories?post=1781"},{"taxonomy":"post_tag","embeddable":true,"href":"http:\/\/www.comiteactionpalestine.org\/word\/wp-json\/wp\/v2\/tags?post=1781"}],"curies":[{"name":"wp","href":"https:\/\/api.w.org\/{rel}","templated":true}]}}