{"id":1675,"date":"2008-10-03T11:09:14","date_gmt":"2008-10-03T10:09:14","guid":{"rendered":"http:\/\/www.comiteactionpalestine.org\/word\/?p=1675"},"modified":"2014-05-04T13:06:46","modified_gmt":"2014-05-04T12:06:46","slug":"sauver-sine","status":"publish","type":"post","link":"http:\/\/www.comiteactionpalestine.org\/word\/sauver-sine\/","title":{"rendered":"Sauver Sin\u00e9"},"content":{"rendered":"<div class=\"pdfprnt-buttons pdfprnt-buttons-post pdfprnt-top-right\"><a href=\"http:\/\/www.comiteactionpalestine.org\/word\/wp-json\/wp\/v2\/posts\/1675?print=pdf\" class=\"pdfprnt-button pdfprnt-button-pdf\" target=\"_blank\"><img decoding=\"async\" src=\"http:\/\/www.comiteactionpalestine.org\/word\/wp-content\/plugins\/pdf-print\/images\/pdf.png\" alt=\"image_pdf\" title=\"Afficher le PDF\" \/><\/a><a href=\"http:\/\/www.comiteactionpalestine.org\/word\/wp-json\/wp\/v2\/posts\/1675?print=print\" class=\"pdfprnt-button pdfprnt-button-print\" target=\"_blank\"><img decoding=\"async\" src=\"http:\/\/www.comiteactionpalestine.org\/word\/wp-content\/plugins\/pdf-print\/images\/print.png\" alt=\"image_print\" title=\"Contenu imprim\u00e9\" \/><\/a><\/div><p align=\"justify\"><a href=\"http:\/\/www.comiteactionpalestine.org\/word\/wp-content\/uploads\/2008\/10\/le-dessinateur-sine-en-2008-image-d-archives-10797243dywjd_17131.png\"><img fetchpriority=\"high\" decoding=\"async\" class=\"alignright  wp-image-1771\" src=\"http:\/\/www.comiteactionpalestine.org\/word\/wp-content\/uploads\/2008\/10\/le-dessinateur-sine-en-2008-image-d-archives-10797243dywjd_17131.png\" alt=\"le-dessinateur-sine-en-2008-image-d-archives-10797243dywjd_1713[1]\" width=\"432\" height=\"244\" \/><\/a>Ce texte de l\u2019\u00e9crivain <strong>Marc Edouard\u00a0Nabe<\/strong>, dat\u00e9 du <strong>20 septembre 2008<\/strong>, pose une question essentielle : quelle posture faut-il adopter lorsqu\u2019on est marqu\u00e9 au fer rouge de l\u2019accusation d\u2019antis\u00e9mitisme ? La r\u00e9ponse prend d\u2019abord la forme d\u2019une autre question : quelle est la l\u00e9gitimit\u00e9 de cette juridiction supr\u00eame institu\u00e9e par les sionistes qui pullulent dans les appareils id\u00e9ologiques d\u2019Etat ?<\/p>\n<p align=\"justify\">\u00a0Cette juridiction supr\u00eame n\u2019a aucune l\u00e9galit\u00e9 ni m\u00eame aucune existence incarn\u00e9e dans un organe d\u2019Etat. Mais elle est pr\u00e9sente dans des institutions, dans des associations et sa force de frappe r\u00e9side surtout dans son influence m\u00e9diatique. Elle est difficilement identifiable comme entit\u00e9 organis\u00e9e et reconnue, et pourtant elle juge, d\u00e9lib\u00e8re et sanctionne quiconque ose la moindre critique \u00e0 l\u2019endroit du projet sioniste de liquidation du peuple palestinien.<\/p>\n<p align=\"justify\">Dans ce contexte l\u2019affaire Sin\u00e9 n\u2019est qu\u2019un moment dans la longue s\u00e9rie d\u2019accusations d\u2019antis\u00e9mitisme, mais elle est r\u00e9v\u00e9latrice d\u2019une certaine pathologie post-traumatique : donner des gages, comme l\u2019a fait Sin\u00e9, de son \u00ab anti-antis\u00e9mitisme \u00bb au lieu de d\u00e9noncer la l\u00e9gitimit\u00e9 de cette juridiction supr\u00eame. Celle-ci a eu raison d\u2019un anarchiste \u00ab historique \u00bb qui s\u2019est donc, h\u00e9las, conform\u00e9 au rituel de la g\u00e9nuflexion alors qu\u2019il fallait saisir cette occasion pour critiquer radicalement cette nouvelle id\u00e9ologie de contr\u00f4le.<\/p>\n<hr \/>\n<p align=\"justify\">Il faut sauver Sin\u00e9. Pas de l\u2019accusation d\u2019antis\u00e9mitisme, mais de la bande de cons qui l\u2019entoure et qui, pour se refaire une virginit\u00e9 de faux rebelles sur son dos de vieil anar, l\u2019a pouss\u00e9 \u00e0 lancer un journal de merde. Je ne veux pas que Sin\u00e9 meure en se recentrant. Je l\u2019aime et l\u2019admire trop pour \u00e7a.<\/p>\n<p align=\"justify\">C\u2019\u00e9tait pourtant un bel \u00e9t\u00e9 : un de mes p\u00e8res spirituels \u00e9tait tra\u00een\u00e9 dans la boue. Il s\u2019\u00e9tait fait gauler pour antis\u00e9mitisme. Encore ! On le traitait d\u2019ordure ! J\u2019\u00e9tais fier. \u00c0 80 ans, il allait finir en beaut\u00e9, sali, honni, m\u00e9pris\u00e9. \u00abAntis\u00e9mite \u00bb, je crois que c\u2019est le mot que je pr\u00e9f\u00e8re dans la langue fran\u00e7aise. J\u2019ai suivi toute l\u2019affaire et puis, le 23 juillet, j\u2019ai eu une id\u00e9e&#8230; J\u2019ai appel\u00e9 Sin\u00e9 pour lui faire part de ma vision : pourquoi ne pas r\u00e9pondre au connard qui l\u2019a vir\u00e9 de <em>Charlie Hebdo <\/em>par un autre journal, un num\u00e9ro sp\u00e9cial de <em>Sin\u00e9 Massacre <\/em>, o\u00f9 Bob montrerait qu\u2019il y en a marre de ce chantage \u00e0 l\u2019antis\u00e9mitisme ? Il n\u2019\u00e9tait pas chaud et trouva la chose irr\u00e9alisable, il pr\u00e9f\u00e9rait se cantonner au Net. Je le stimulai et raccrochai.<\/p>\n<p align=\"justify\">Au matin du 27 ao\u00fbt, Bob me rappela pour me dire, un peu g\u00ean\u00e9, qu\u2019il allait sortir le 10 septembre un journal&#8230; Je le f\u00e9licitai et lui demandai ce qui allait y avoir dedans. Mon idole absolue en provoc, ce pur g\u00e9nie du dessin et de l\u2019anarchie, ce grandiose fouteur de merde \u00e0 pisser de rire d\u00e8s qu\u2019il ouvre la bouche ou trace un trait, ce g\u00e9ant historique aux \u00e9normes couilles me sortit une pauvre liste de tout un tas de minables de l\u2019humour et du journalisme tous plus bien-pensants les uns que les autres&#8230;<\/p>\n<p align=\"justify\">Au ton de sa voix, j\u2019avais d\u00e9j\u00e0 compris mais j\u2019attendais que Bob, en se raclant la gorge, finisse par cracher le morceau: \u00ab Pour l\u2019instant, les mecs comme toi on pr\u00e9f\u00e8re \u00e9viter. \u00bb Les mecs comme moi ? Mais il n\u2019y a qu\u2019un mec comme moi ! Et puis m\u00eame, qu\u2019est-ce qu\u2019ils ont les mecs comme moi ?<\/p>\n<p align=\"justify\">Cette peur que je grille tout un journal \u00e0 cause de ma \u00ab r\u00e9putation \u00bb, et exprim\u00e9e par un octog\u00e9naire notoirement ennemi d\u2019Isra\u00ebl m\u2019a fait de la peine. \u00ab Les mecs comme toi, on pr\u00e9f\u00e8re \u00e9viter&#8230; \u00bb Je croyais \u00eatre pour Sin\u00e9 autre chose qu\u2019un mec comme moi&#8230; Pourtant, c\u2019\u00e9tait inutile de paniquer.Vu l\u2019ours, je ne risquais pas d\u2019\u00e9crire dans <em>Sin\u00e9 Hebdo <\/em>! Entre Didier Porte (chroniqueur chez St\u00e9phane Bern !) et Christophe Alev\u00eaque (chroniqueur chez Laurent Ruquier !), merci bien&#8230; Et puis au point o\u00f9 j\u2019en suis dans mon destin, je me fous d\u2019\u00e9crire dans un journal : je pr\u00e9f\u00e8re aller droit dans le mur, je veux dire sur le mur.<\/p>\n<p align=\"justify\">\u00c7a va, j\u2019ai compris : il y a les bons accus\u00e9s d\u2019antis\u00e9mitisme et les mauvais accus\u00e9s. Le clan des antis\u00e9mites sympas, bien de gauche, soixante-huitards tellement toujours libertaires et celui des antis\u00e9mites m\u00e9chants, de droite, fascistes, avec de grandes dents pointues, assoiff\u00e9s de nazisme&#8230; Et puis il y a l\u2019antis\u00e9mite errant, solitaire, ni de droite ni de gauche, exclu de partout, frissonnant de toutes ses petites plumes noires, avec sa coquille d\u2019oeuf sur la tronche ! C\u2019est moi, le Calim\u00e9ro de l\u2019antis\u00e9mitisme&#8230;<\/p>\n<p align=\"justify\">Ma mise \u00e0 l\u2019\u00e9cart de <em>Sin\u00e9 Hebdo <\/em>est pour mes ennemis le certificat implicite de mon \u00ab antis\u00e9mitisme \u00bb d\u00e9livr\u00e9, et c\u2019est bien ce qui est le plus d\u00e9gueulasse, par mes plus fervents supporters ! Ceux pour qui je n\u2019\u00e9tais jamais assez violent, radical, flamboyant ! Ceux qui pleurnichent que c\u2019est trop injuste le sort que la soci\u00e9t\u00e9 intellectuelle me r\u00e9serve depuis 25 ans ! Ceux qui s\u2019insurgent au quart de tour qu\u2019on puisse penser tant de mal d\u2019un artiste comme moi que tant de m\u00e9chants ont mis au coin ! Et eux, ils ne m\u2019y mettent pas, au coin ?<\/p>\n<p align=\"justify\">Quand Delfeil de Ton, en regardant le sommaire de <em>Sin\u00e9 Hebdo <\/em>, dit \u00ab Elle a de la gueule, cette \u00e9quipe ! \u00bb, c\u2019est de la gueule de qui qu\u2019il se fout ? Vous \u00eates s\u00fbrs, les gars, qu\u2019il ne manque pas quelqu\u2019un ? Recomptez-vous ! \u00c7a aurait \u00e9t\u00e9 trop beau qu\u2019ils ne m\u2019int\u00e8grent pas \u00e0 leur torchon parce qu\u2019ils m\u2019estiment audessus de \u00e7a, ou bien parce qu\u2019ils savent que je me fous de me recentrer et que j\u2019abhorre tout ce qui sort de la radicalisation extr\u00eame. Mais non ! C\u2019est uniquement pour se prot\u00e9ger eux ! Et tant pis si \u00e7a avait pu me faire du bien \u00e0 moi, car dans leur petites t\u00eates d\u2019ind\u00e9crottables gauchistes pr\u00e9tentieux, ils croient encore qu\u2019\u00eatre avec eux, c\u2019est bon pour moi !<\/p>\n<p align=\"justify\">Je me retrouve finalement dans la m\u00eame position que Bob au d\u00e9but de son affaire : vir\u00e9 d\u2019un hebdo pour antis\u00e9mitisme, sauf que moi je n\u2019y ai rien \u00e9crit et que je suis exclu d\u2019un journal avant m\u00eame d\u2019y avoir mis les pieds ! Plus fort encore ! Sin\u00e9 doit comprendre ce que je ressens, lui qui \u00e9tait furax que ses potes de <em>Charlie <\/em>ne d\u00e9missionnent pas en solidarit\u00e9 ! Je voyais mal Berroyer, Delfeil de Ton,Vuillemin, Gaccio, menacer de ne rien faire dans <em>Sin\u00e9 Hebdo <\/em>si je n\u2019\u00e9crivais pas dedans d\u00e8s le premier num\u00e9ro&#8230; L\u2019argument de Berroyer, et surtout de Delfeil de Ton, qui s\u2019est excit\u00e9 stakhanovistement tout l\u2019\u00e9t\u00e9 \u00e0 d\u00e9fendre Sin\u00e9 dont il n\u2019a jamais rien eu \u00e0 foutre, c\u2019est que je fais bien de me tenir \u00e0 l\u2019\u00e9cart de ce groupe, sinon \u00ab on \u00bb pourrait dire: \u00ab \u00c9videmment, un antis\u00e9mite d\u00e9fend un autre antis\u00e9mite ! \u00bb D\u00e9fense de d\u00e9fendre Sin\u00e9&#8230; Bravo ! R\u00e9sultat, moi, je me retrouve encore seul, toujours avec mon \u00ab infamie \u00bb, et \u00ab on\u00bb peut dire sans crainte : \u00ab S\u2019il n\u2019est pas dans le coup c\u2019est que lui, il est vraiment antis\u00e9mite ! \u00bb Merci du cadeau, les mecs ! On peut compter sur ses amis&#8230;<\/p>\n<p align=\"justify\">Certains na\u00effs s\u2019\u00e9taient d\u00e9j\u00e0 \u00e9tonn\u00e9s de ne pas voir mon nom dans la p\u00e9tition de soutien \u00e0 Sin\u00e9&#8230; En effet, je n\u2019y suis pas, comme tous ceux qui aiment Bob pour ce qu\u2019il est vraiment : Verg\u00e8s, Strelkoff, Wolinski, Pauvert&#8230; Bien s\u00fbr, dans cette liste, il y a un ou deux g\u00e9nies, et des proches, des parents, m\u00eame ! Mais, en gros, c\u2019est n\u2019importe quoi : Henry-Jean Servat et Edgar Morin, Jean- Luc Godard et Patrick Font&#8230; Non ! Moi, je ne signe pas une p\u00e9tition entre un p\u00e9dophile et mon propre p\u00e8re !<\/p>\n<p align=\"justify\">Cette p\u00e9tition pue plus que celle contre Sin\u00e9&#8230; Il faut le faire ! Au moins, l\u2019autre est plus courte et surtout plus sinc\u00e8re. Je crois BHL et \u00c9lie Wiesel, pour prendre des exemples limites dans l\u2019horreur, sinc\u00e8res dans leur haine d\u00e9gueulasse de l\u2019antis\u00e9mitisme, alors que je sais totalement insinc\u00e8res un Daniel Mermet ou un Jean-Yves Lafesse dans leur amour tout aussi d\u00e9gueulasse de la libert\u00e9 d\u2019expression&#8230; Quand on maintient un Olivier Besancenot dans sa liste de soutien, on n\u2019en vire pas un Alain Soral, qui l\u2019avait sign\u00e9e, sous pr\u00e9texte que lui est un \u00ab vrai \u00bb antis\u00e9mite. Vive la libert\u00e9 d\u2019exclusion !<\/p>\n<p align=\"justify\">Ce n\u2019est pas le bal des faux-culs ! C\u2019est le cimeti\u00e8re des faux-culs ! Ces p\u00e9titionnaires p\u00e9tochards pensent qu\u2019ils \u00e9chapperont, par la diversit\u00e9 de leur plumage, \u00e0 la chasse aux oiseaux douteux ! Qu\u2019est-ce qu\u2019ils croient ? Ils sont de toutes fa\u00e7ons louches \u00e0 Sion. Ils se sont autorafl\u00e9s, les cons ! Les Juifs (je dis \u00ab les Juifs \u00bb, parce que saint Jean dans son \u00c9vangile dit les Juifs) m\u00e9prisent ces tartuffes de l\u2019antisionisme <em>soft <\/em>, et ils ont bien raison ! Ils savent \u00e0 quoi s\u2019en tenir avec ces hypocrites. Ils doivent se marrer de les voir tous trembler comme les vieilles rombi\u00e8res d\u2019une gauche pal\u00e9olithique, outrag\u00e9s qu\u2019on puisse penser qu\u2019ils en sont ! Les ennemis de Sin\u00e9 rigolent de voir sa liste parsem\u00e9e de quelques \u00ab meilleurs amis juifs \u00bb pour contre-balancer les pas nets-nets qui ont sign\u00e9 aussi&#8230;<\/p>\n<p align=\"justify\">Sionistes ou p\u00e9titionnistes, quelle alternative ! Le protocole des sages de la p\u00e9tition ! OK, Sin\u00e9 n\u2019est pas antis\u00e9mite, et eux non plus, puisqu\u2019ils le d\u00e9fendent ! La bonne affaire ! Pourquoi, au lieu de d\u00e9fendre abstraitement la \u00ab libert\u00e9 d\u2019expression \u00bb, tous ces pro-Sin\u00e9 ne nous disent-ils pas ce qu\u2019ils pensent personnellement d\u2019Isra\u00ebl et de l\u2019exploitation de la Shoah en France, \u00e0 des fins de pure intimidation, par une poign\u00e9e de fanatis\u00e9s ? J\u2019\u00e9coute M. Arrabal (sans logorrh\u00e9e gongoresque sous-dalinienne, je vous prie), et M.Guy Bedos (sans \u00ab humour \u00bb ni pirouette SVP), et Mme Marina Vlady (sans pleurnicherie russe, vous me ferez plaisir). Et M. No\u00ebl Godin (hors-tarte, c\u2019est bon). Gloup-Gloup ? Gloops&#8230; Silence ! Silence de mort, de morts plut\u00f4t, car ils sont tous morts d\u2019avoir ferm\u00e9 leur gueule sur \u00e7a depuis tant d\u2019ann\u00e9es, alors qu\u2019ils savent les uns les autres ce qu\u2019ils pensent. Et si jamais il leur arrivait de r\u00e9pondre \u00e0 la question, ce serait \u00e0 coup s\u00fbr pour dire qu\u2019il faut absolument deux \u00c9tats en Isra\u00ebl \/ Palestine. Ignorentils que ce n\u2019est pas du tout, mais alors pas du tout, ce que pense le grand artiste qu\u2019ils font semblant de soutenir ?<\/p>\n<p align=\"justify\">\u00ab L\u2019affaire Sin\u00e9 \u00bb aurait pu \u00eatre l\u2019occasion de percer l\u2019abc\u00e8s. Ce n\u2019est pas pour son clich\u00e9 antis\u00e9mite que Val a vir\u00e9 Sin\u00e9, c\u2019est pour son attaque hebdomadaire d\u2019Isra\u00ebl. Comment peut-on faire encore le scandalis\u00e9 d\u2019\u00eatre trait\u00e9 d\u2019antis\u00e9mite quand pendant quarante ans on tape sur Isra\u00ebl ? On sait bien que, dans ce pays coupable qu\u2019est la France, entre les antisionistes et les antis\u00e9mites la police ne fait pas de diff\u00e9rence. Qu\u2019on ne s\u2019y trompe pas : l\u2019objectif, en foutant Sin\u00e9 \u00e0 la porte, \u00e9tait aussi de supprimer sa rubrique, c\u2019est-\u00e0-dire les seuls propos violemment anti-isra\u00e9liens qui restaient encore lisibles dans la presse traditionnelle. Du coup, \u00e7a saute ! Et le paradoxe, c\u2019est que ce n\u2019est pas dans <em>Sin\u00e9 Hebdo <\/em>qu\u2019on les retrouvera ! Catherine Sinet sera, vous verrez, plus regardante que Philippe Val ! Un comble !<\/p>\n<p align=\"justify\">Ah, Catherine ! Elle a d\u00fb lui passer un sacr\u00e9 savon \u00e0 son Bob quand il a \u00ab d\u00e9rap\u00e9 \u00bb. \u00c7a n\u2019aurait tenu qu\u2019\u00e0 elle, Sin\u00e9 aurait continu\u00e9 \u00e0 dessiner jusqu\u2019\u00e0 100, 120, 130 ans dans cette monstruosit\u00e9 qu\u2019est le <em>Charlie <\/em>actuel, pour gagner sa cro\u00fbte \u00e7a ne la d\u00e9rangeait pas ! Au contraire, elle arrondissait les angles, elle avait demand\u00e9 \u00e0 Pierre Carles de couper de son film sur Choron les propos trop s\u00e9v\u00e8res de Bob contre Val \u00e0 l\u2019\u00e9poque o\u00f9 tout baignait ! Peine perdue ! Le vieux n\u2019a pas pu s\u2019emp\u00eacher de passer outre !<\/p>\n<p align=\"justify\">La Catherine en chef peut pavoiser : elle l\u2019a, son hebdo. <em>Catherine Sinet Hebdo <\/em>! Autrement dit <em>Sin\u00e9e Hebdo <\/em>: un journal de gonzesses faussement dirig\u00e9 par un g\u00e9nie vieillissant. C\u2019est elle qui dirigera et contr\u00f4lera tout. On n\u2019est pas pr\u00eat de voir un dessin de Vuillemin pleine page sur la com\u00e9die musicale <em>Rabbi Jacob <\/em>, qu\u2019il n\u2019aurait pas manqu\u00e9 de faire dans <em>LaV\u00e9rit\u00e9 <\/em>. Comment faire un nouveau journal \u00ab politiquement incorrect \u00bb si on le veut avant tout \u00ab inattaquable \u00bb ? On se demande \u00e0 quoi \u00e7a sert de l\u2019avoir cr\u00e9\u00e9. C\u2019\u00e9tait donc juste par orgueil bless\u00e9 d\u2019avoir \u00e9t\u00e9 chass\u00e9 de <em>Charlie Hebdo <\/em>?<\/p>\n<p align=\"justify\">Quand j\u2019ouvre ce <em>Sin\u00e9 Hebdo <\/em>moche, d\u00e9bile, creux, potache, inepte, indigne, j\u2019ai honte ! Honte pour <em>Sin\u00e9 Massacre <\/em>et <em>L\u2019Enrag\u00e9 <\/em>! \u00ab Un journal, sans tabou, ouvert \u00e0 tous, r\u00e9unissant tous ceux \u00e0 qui on a ferm\u00e9 le clapet dans les autres journaux \u00bb, dit Bob. Tu parles Charles, et m\u00eame Charlie ! C\u2019est pire que celui de Val o\u00f9 au moins il y a encore Willem et Wolinski. <em>Charlie Hebdo <\/em>est un journal de vieux, et <em>Sin\u00e9 Hebdo <\/em>, un journal de morts. Le casting donne la naus\u00e9e : polardeux, cultureux, inrockuptibleux, philosopheux, chansonniers&#8230; L\u2019Axe Ruquier-Groland, il fallait le trouver ! Quand je pense que c\u2019est Sin\u00e9 qui en est responsable&#8230; Philippe Geluck \/ Beno\u00eet Del\u00e9pine, m\u00eame combat&#8230; Merci, Bob, de montrer qu\u2019en v\u00e9rit\u00e9 ce sont tous les m\u00eames minus de l\u2019humour&#8230; Les diff\u00e9rences n\u2019\u00e9taient qu\u2019apparentes : ils servent la m\u00eame France franchouillarde de beaufs, celle que Sin\u00e9 a combattu toute sa vie, son oeuvre, son cul ! Je parie qu\u2019on verra bient\u00f4t Michel Drucker faire la pub de <em>Sin\u00e9 Hebdo <\/em>\u00e0 \u00abVivement Dimanche \u00bb. Canal+ s\u2019en d\u00e9lecte d\u00e9j\u00e0. <em>Sin\u00e9 Hebdo <\/em>ne peut que rencontrer un grand succ\u00e8s comme tout ce qui est un ersatz aujourd\u2019hui. Notre \u00e9poque c\u2019est : parce qu\u2019il n\u2019y a rien d\u2019autre \u00e0 se mettre sous la dent, on bouffe n\u2019importe quoi. Le pis-aller roi !<\/p>\n<p align=\"justify\"><em>Sin\u00e9 Hebdo <\/em>, c\u2019est la f\u00eate aux billets d\u2019humeur et aux petits Mickeys dans les coins&#8230; Que du remplissage ! Sin\u00e9 lui-m\u00eame reprend ses vieux clich\u00e9s graphiques et les autres dessinateurs, \u00e7a fait peur de voir comment ils sont ininspir\u00e9s. M\u00eame Tardi recycle un dessin de l\u2019\u00e9poque de l\u2019affaire des caricatures de Mahomet. Les textes, n\u2019en parlons m\u00eame pas puisqu\u2019eux-m\u00eames ne parlent de rien. Ou de trois fois rien&#8230; Entre deux basses attaques contre l\u2019Islam (et donc les Arabes), on n\u2019oublie pas la petite charge anti-antis\u00e9mite d\u2019usage contre une personnalit\u00e9 du XIXe si\u00e8cle pour montrer qu\u2019on est du bon c\u00f4t\u00e9&#8230; Pitoyable !<\/p>\n<p align=\"justify\">Tel que je le connais (depuis 48 ans !), il est impossible qu\u2019engager dans un journal cens\u00e9 \u00ab chier dans la colle et dans les b\u00e9gonias \u00bb un Fr\u00e9d\u00e9ric Bonnaud soit dans le go\u00fbt de Bob Sin\u00e9 ! Entre la d\u00e9bandante Isabelle Alonso et le d\u00e9pressif Denis Robert, Bob va bien se faire chier. Il l\u2019a sabord\u00e9 d\u2019avance, son journal. Les b\u00e9gonias ont encore de beaux jours devant eux !<\/p>\n<p align=\"justify\">\u00c0 quand Jean Amadou ? Non, quand m\u00eame pas, mais Albert Algoud, Christine Bravo, G\u00e9rard Mordillat, Didier Daenincks, c\u2019est pour bient\u00f4t. Alain Gerber \u00e0 la rubrique jazz ? Bruno Masure \u00e0 la t\u00e9l\u00e9 ! Cet ours est un nounours, pas un grizzly. <em>Inoffensif Hebdo <\/em>, chaque mercredi, 2 euros. Ce n\u2019est pas avec une troupe de branquignols \u00e9clop\u00e9s pareille qu\u2019on fera la r\u00e9volution ! Il y a d\u00e9j\u00e0 un petit Val en herbe dans l\u2019\u00e9quipe qui prendra le pouvoir d\u00e8s que Sin\u00e9 s\u2019en ira&#8230;<\/p>\n<p align=\"justify\">\u00abONFRAY ENFOIR\u00c9 ! \u00bb, voil\u00e0 un bon slogan soixante-huitard. Bob s\u2019est laiss\u00e9 abuser par ce prof h\u00e9doniste (mon cul ! ) qui d\u00e9cr\u00e8te, entre deux cours de philo \u00e0 la mode de Caen o\u00f9 il est incapable de sortir ses tripes, qu\u2019il repr\u00e9sente la vraie \u00ab gauche de gauche \u00bb, monsieur, qu\u2019il est pour \u00ab la vraie libert\u00e9 de la presse \u00bb et qu\u2019il d\u00e9teste toutes les religions&#8230; C\u2019est tout ? On gagne l\u2019estime de Sin\u00e9 \u00e0 peu de prix en ce moment. Moi, \u00e7a me fait mal de voir qu\u2019un g\u00e9ant comme Sin\u00e9 accepte de travailler sous l\u2019oeil sournois derri\u00e8re de petites lunettes post-beigbederiennes \u00e0 la con d\u2019un flic chevelu qui, parce qu\u2019il a mis des billes dedans, d\u00e9clare qu\u2019il sera \u00ab attentif au contenu de chaque num\u00e9ro \u00bb ! Pire, qui dit carr\u00e9ment : \u00ab Je suis sioniste \u00bb ! Et qui est connu pour d\u00e9tester le marquis de Sade ! Sin\u00e9, Bob Sin\u00e9, lance donc un journal avec \u00e0 sa t\u00eate un sioniste coinc\u00e9 du cul, lui qui vomit Isra\u00ebl et dont le marquis est le dieu ?<\/p>\n<p align=\"justify\">Voil\u00e0 o\u00f9 \u00e7a m\u00e8ne, l\u2019ath\u00e9isme militant&#8230; La ligne de <em>Sin\u00e9 Hebdo <\/em>est claire : taper sur Sarkozy. Comme c\u2019est commun, pr\u00e9visible et sans danger ! Apr\u00e8s avoir fait de l\u2019antilepenisme pendant vingt ans, les m\u00eames vont faire de l\u2019antisarkozysme&#8230; Quel courage ? Ce sont ceux qui ont couch\u00e9 le plus avec les Allemands qui incarnent la R\u00e9sistance ! Escrocs qui confondent expr\u00e8s le Syst\u00e8me et Sarkozy. Ce n\u2019est pas parce qu\u2019ils ne collaborent pas avec Sarkozy qu\u2019ils ne collaborent pas avec le Syst\u00e8me.<\/p>\n<p align=\"justify\">En 2008, Sin\u00e9 croit toujours que le monde se partage entre \u00ab r\u00e9acs de droite \u00bb et \u00ab mecs sympas de gauche \u00bb, qu\u2019il y a les \u00ab fachos \u00bb d\u2019un c\u00f4t\u00e9 et de l\u2019autre les gentils potes avec qui on boit des coups, et accessoirement on fait un journal. Assez! Toujours boire et se marrer entre copains ! La revoil\u00e0, la gauche de l\u2019horreur, l\u2019ignoble gauche de 68 qui a fait des 69 avec 81 avant de passer \u00e0 c\u00f4t\u00e9 de 2001 ! Elle s\u2019est gour\u00e9e sur tout et revient se gourer sur tout. C\u2019est celle-l\u00e0 ! Au secours ! Une bande d\u2019ados attard\u00e9s&#8230; Enfants g\u00e2t\u00e9s de la r\u00e9bellion&#8230; Gaudriole et compagnie. Amusements de bourgeois ! Sin\u00e9 dirige un journal \u00ab mal \u00e9lev\u00e9 \u00bb avec des \u00ab trublions \u00bb, des \u00ab insolents \u00bb. C\u2019est tout ? Pourquoi pas avec des \u00ab impertinents \u00bb, tant qu\u2019il y est ?<\/p>\n<p align=\"justify\">Il n\u2019est plus temps de faire un journal. L\u2019\u00e9poque a tragiquement chang\u00e9. Faire un journal alors que des millions d\u2019individus souffrent, sans le savoir, de ne rien comprendre au film qu\u2019on leur projette depuis 60 ans ? Faire un journal au moment o\u00f9 plus personne ne croit qu\u2019un jour quelque chose a pu \u00eatre vrai et beau tellement tout est d\u00e9sormais faux et laid ? Faire un journal aujourd\u2019hui o\u00f9 des jeunes filles splendides et des mecs intelligents sont d\u00e9truits d\u2019avance par le marasme, l\u2019ignorance et l\u2019indiff\u00e9rence impos\u00e9s depuis des d\u00e9cennies par les exploiteurs du suicide de l\u2019Occident ? Non, merci. Un peu de d\u00e9cence, les amis ! C\u2019est fini, Bob, les journaux&#8230;<\/p>\n<p align=\"justify\">Le seul journal que Sin\u00e9 aurait d\u00fb faire \u00e9tait celui dont j\u2019avais eu l\u2019id\u00e9e, avant qu\u2019une bande de jaloux et d\u2019incapables la pervertissent derri\u00e8re mon dos. Un seul num\u00e9ro, exceptionnel, historique, beau, fort, dr\u00f4le, avec TOUS ceux qu\u2019on a accus\u00e9s d\u2019antis\u00e9mitisme, sans distinction ni sectarisme. Ils auraient expliqu\u00e9 au public qui l\u2019ignore comment une poign\u00e9e de fanatiques omnipotents les ont punis pour avoir parl\u00e9 en mal d\u2019Isra\u00ebl et de ses propagandistes. L\u00e0, \u00e7a aurait eu du sens et de la \u00ab gueule \u00bb&#8230; Une pl\u00e9iade de parias qui n\u2019ont rien \u00e0 voir les uns avec les autres, mais qui ont souffert la m\u00eame chose. Je ne suis pas un intime de Dieudonn\u00e9, mais je suis solidaire de lui \u00e0 100%. Ainsi que de Soral qui sait tr\u00e8s bien ce que je pense du Front national. Je ne suis pas du tout islamiste, mais je soutiens totalement Tarik Ramadan. Le c\u00f4t\u00e9 vieille France de Renaud Camus me fout la gerbe, mais je compatis avec ce qu\u2019il a subi. Etc, etc, etc, je pourrais citer des dizaines d\u2019exemples et parmi des \u00ab accus\u00e9s \u00bb que je ne connais m\u00eame pas personnellement, mais \u00e0 qui je donne raison sur la question.<\/p>\n<p align=\"justify\">\u00c7a, c\u2019est de l\u2019ouverture ! Moi, je suis le moins sectaire de tous&#8230; Personne ne me soutient mais moi, je soutiens tout le monde ! Malheureusement, il n\u2019y a aucune solidarit\u00e9 entre les accus\u00e9s d\u2019antis\u00e9mitisme ! Quand on est Sin\u00e9, on ne fait pas un proc\u00e8s \u00e0 Asklovitch parce qu\u2019il vous a trait\u00e9 \u00e0 la radio d\u2019\u00ab ordure antis\u00e9mite\u00bb pour apr\u00e8s aller traiter \u00e0 son tour Dieudonn\u00e9 d\u2019\u00abordure antis\u00e9mite \u00bb, dans les m\u00eame termes, et toujours \u00e0 la radio ! Qu\u2019esp\u00e8re Bob ? Se d\u00e9douaner ? M\u00eame pas : c\u2019est juste qu\u2019il ne peut pas piffer Dieudonn\u00e9 parce que celui-ci a fait baptiser sa fille par Le Pen. Mais c\u2019est \u00e7a l\u2019humour aujourd\u2019hui ! \u00ab \u00c7a ne me fait pas rire.\u00bb, m\u2019a dit s\u00e9rieusement Bob.Quelle tristesse de devoir lui expliquer que ce qu\u2019il y a de plus dr\u00f4le, c\u2019est que Dieudonn\u00e9 n\u2019est pas croyant. Provocation au carr\u00e9 ! Si en 2008 Sin\u00e9 pr\u00e9f\u00e8re Guy Bedos, c\u2019est d\u00e9sesp\u00e9rant&#8230; Dieudonn\u00e9, lui, au moins, fait avancer l\u2019anti-schmilblick ! Qu\u2019il demande \u00e0 sa copine Alonso ce qu\u2019elle a pens\u00e9 de son spectacle \u00ab antis\u00e9mite \u00bb <em>Mes excuses <\/em>, elle qui en riait de toutes ses gencives \u00e0 c\u00f4t\u00e9 de moi au Gymnase, avant de courir f\u00e9liciter l\u2019artiste dans sa loge!<\/p>\n<p align=\"justify\">Bob a loup\u00e9 l\u2019occasion de cr\u00e9er un journal anti-antiantis\u00e9mite d\u00e9clar\u00e9, et pas seulement \u00ab mal \u00e9lev\u00e9 \u00bb. La strat\u00e9gie \u00e0 la Catherine Sinet de se recentrer apr\u00e8s avoir frapp\u00e9, c\u2019est bien joli, mais \u00e0 80 ans, c\u2019est path\u00e9tique. Qu\u2019est-ce qu\u2019il a \u00e0 perdre ? La vie ? C\u2019est peut-\u00eatre mieux que ses couilles, non ?&#8230; \u00c0 cet \u00e2ge, il devrait n\u2019en avoir rien \u00e0 foutre de rien et pers\u00e9v\u00e9rer dans ce qui fait 99% de sa conversation, saoul ou pas, c\u2019est-\u00e0-dire : sa d\u00e9testation hilarante d\u2019Isra\u00ebl.<\/p>\n<p align=\"justify\">Aujourd\u2019hui, ce n\u2019est plus grave d\u2019\u00eatre trait\u00e9 d\u2019antis\u00e9mite, c\u2019est quoi ces histoires de d\u00e9shonneur et d\u2019infamie ? Pourquoi se soumettre \u00e0 la peur de passer pour antis\u00e9mite ? Sin\u00e9 m\u2019a enseign\u00e9 toute ma jeunesse de ne pas avoir peur et c\u2019est lui aujourd\u2019hui qui tremble, recule, fait des proc\u00e8s, craint d\u2019en avoir ? J\u2019en ai bien peur. Dans cette circonstance, son doigt d\u2019honneur \u00e9quivaut \u00e0 demander pardon. R\u00e9sultat : il est oblig\u00e9, apr\u00e8s tous les chefs-d\u2019oeuvre qu\u2019il a dessin\u00e9s en cinquante ans de combat, d\u2019aller se justifier devant Paul Amar, Daniel Schneidermann, Marek Halter&#8230; En ne pouvant pas s\u2019emp\u00eacher, d\u2019ailleurs, de sortir des gaffes \u00e9normes du point de vue de sa strat\u00e9gie de recentrage. Un peu comme Le Pen, finalement ! Je l\u2019adore ( je parle de Sin\u00e9, bien s\u00fbr) !<\/p>\n<p align=\"justify\">Les signataires de sa p\u00e9tition et les journalistes de son hebdo ne font pas que soutenir Sin\u00e9, ils accr\u00e9ditent la th\u00e8se comme quoi l\u2019antis\u00e9mitisme est une accusation dont il faut encore se d\u00e9fendre aujourd\u2019hui. D\u2019odieux culpabilisateurs essaient de nous persuader que aujourd\u2019hui, on est encore juste apr\u00e8s la Shoah, alors qu\u2019on vit soixante ans apr\u00e8s. Oui, ceux qui nous clouent les uns apr\u00e8s les autres \u00e0 la grande croix de l\u2019antis\u00e9mitisme (sans jamais le d\u00e9finir d\u2019ailleurs) font croire \u00e0 l\u2019opinion qu\u2019entre la fin de la Shoah (1945) et la fin de l\u2019Occident (2001) il ne s\u2019est rien pass\u00e9. Si : il s\u2019est pass\u00e9 la cr\u00e9ation de toutes pi\u00e8ces de cet \u00c9tat ni fait ni \u00e0 faire : Isra\u00ebl.<\/p>\n<p align=\"justify\">De cet escamotage historique nous crevons. Pour se venger d\u2019Hitler, les Juifs ont bloqu\u00e9 le Temps. On stagne avec eux, pour eux, dans une \u00e9poque qui ne signifie rien pour des milliards d\u2019individus vivants aujourd\u2019hui, oblig\u00e9s de se ronger de culpabilit\u00e9 sous peine d\u2019\u00eatre d\u00e9nonc\u00e9s comme \u00ab antis\u00e9mites \u00bb&#8230;<\/p>\n<p align=\"justify\">Tout contemporain qui a peur qu\u2019on le traite d\u2019antis\u00e9mite est complice du syst\u00e8me qui fait qu\u2019\u00e0 cause de la Shoah on n\u2019a pas le droit d\u2019\u00eatre contre Isra\u00ebl. \u00abQuel rapport ? \u00bb serait en droit de se demander un jeune homme d\u2019aujourd\u2019hui qui n\u2019a pas v\u00e9cu Auschwitz mais qui vit Gaza tous les jours. Comme je dis souvent, moi qui ne suis pas r\u00e9visionniste : \u00abOui, la Shoah a exist\u00e9, c\u2019est Isra\u00ebl qui ne devrait pas exister. \u00bb Si le premier crime contre l\u2019humanit\u00e9 est la Shoah, alors le vol de la terre de Palestine par les Isra\u00e9liens est le second.<\/p>\n<p align=\"justify\">C\u2019est ce genre de chose qu\u2019on aimerait lire dans <em>Sin\u00e9 Hebdo <\/em>, journal cr\u00e9\u00e9, on va finir par l\u2019oublier, parce qu\u2019un petit moine de l\u2019Inquisition am\u00e9ricanosioniste a voulu br\u00fbler un grand proph\u00e8te antisioniste, historique et h\u00e9ro\u00efque, qui a dit que le fils Sarkozy irait loin dans la vie en se convertissant au juda\u00efsme.Vieux clich\u00e9 qui a \u00e9chapp\u00e9 comme un rot \u00e0 Sin\u00e9, et qu\u2019autant de cons ont os\u00e9 lui reprocher que d\u2019autres tout aussi cons ont essay\u00e9 de nier. Les encul\u00e9s contre les hypocrites ! Sacr\u00e9e bataille estivale ! Ce qui est s\u00fbr, c\u2019est que le fils Zanini n\u2019ira pas loin dans la vie parce qu\u2019il ne veut pas se convertir \u00e0 l\u2019antis\u00e9mitisme faux-derche, religion tr\u00e8s courue en ce moment. \u00c7a va \u00eatre tendance ! Je vois d\u2019ici les slogans : \u00ab Soyez un antis\u00e9mite bobo, lisez <em>Sin\u00e9 Hebdo <\/em>! \u00bb On a souffert \u00e0 cause des anti-antis\u00e9mites. Voici le temps des anti-antiantiantis\u00e9mites !<\/p>\n<p align=\"justify\">J\u2019entends d\u00e9j\u00e0 Askolovitch commenter <em>Sin\u00e9 Hebdo <\/em>: \u00ab C\u2019est un journal dirig\u00e9 par un antis\u00e9mite avec des collaborateurs qui eux ne le sont pas ! \u00bb Insoup\u00e7onnables, mon cul ! Je pourrais \u00e0 chacun des participants ressortir sa petite casserole. Ils se sont bien planqu\u00e9s, c\u2019est tout. Comme disait Marius Jacob : \u00ab Un milli\u00e8me de seconde avant son arrestation, le criminel \u00e9tait un honn\u00eate homme. \u00bb Que mes amis se rassurent, je ne vais pas faire comme Rosa vonPraunheim, qui balan\u00e7ait le nom des homos de son pays, l\u2019Allemagne, parce qu\u2019il trouvait utile qu\u2019ils arr\u00eatent de se cacher et d\u2019avoir honte.<\/p>\n<p align=\"justify\">Aucun des proches s\u00e9rieux de Sin\u00e9 n\u2019a \u00e9t\u00e9 \u00e9tonn\u00e9 qu\u2019il \u00ab tombe \u00bb pour antis\u00e9mitisme. Ce qui nous aurait trou\u00e9 le cul, c\u2019est que Val le vire pour islamophobie, il aurait marqu\u00e9 l\u00e0 un point, mais Val ne peut virer personne pour islamophobie, tout le monde sait pourquoi. Et Sin\u00e9 a beau cracher sur les islamistes, personne n\u2019est dupe : sa b\u00eate noire, c\u2019est Isra\u00ebl.<\/p>\n<p align=\"justify\">Il y en a marre de r\u00e9futer cette accusation d\u2019antis\u00e9mitisme, il faut l\u2019accepter comme Jean Genet, le ma\u00eetre de Sin\u00e9, le pr\u00e9conisait : r\u00e9pondre <em>oui <\/em>\u00e0 tout ce dont on vous accuse m\u00eame si c\u2019est faux. Int\u00e9ressante, l\u2019amiti\u00e9 Genet \/Sin\u00e9&#8230; Lui aussi, j\u2019en suis s\u00fbr, aurait fait partie de ces \u00ab mecs \u00bb qu\u2019on pr\u00e9f\u00e8re \u00e9viter \u00e0 <em>Sin\u00e9 Hebdo <\/em>&#8230; C\u2019est un honneur aujourd\u2019hui, c\u2019est m\u00eame un devoir, d\u2019accepter d\u2019\u00eatre accus\u00e9 d\u2019antis\u00e9mitisme par des gens tels queVal, Askolovitch, Adler, Joffrin, Slama, Jean-Luc Hees, etc.<\/p>\n<p align=\"justify\">J\u2019en ai marre de ces bourgeois qui pleurnichent parce qu\u2019on risque de les prendre pour des gens qui n\u2019aiment pas les Juifs ! Moi, j\u2019aime les Juifs mais je les combats quand ils nient qu\u2019ils sont tous pro-isra\u00e9liens. Je ne fais ni semblant de les aimer en fermant ma gueule, ni semblant de ne pas les d\u00e9tester en l\u2019ouvrant sur un autre sujet, technique que tant de faux-culs pratiquent.<\/p>\n<p align=\"justify\">Au fait, c\u2019est quoi \u00eatre antis\u00e9mite aujourd\u2019hui ? C\u2019est vouloir d\u00e9truire tous les Juifs comme Hitler le voulait ? Ou bien c\u2019est juste refuser de se plier au chantage \u00e0 la Shoah martel\u00e9 par certains Juifs culpabilisateurs et beaucoup de goys culpabilis\u00e9s dans le seul but que tout le monde ferme sa gueule sur Isra\u00ebl ? Si \u00eatre antis\u00e9mite, c\u2019est la seconde option, alors il faut \u00eatre fier d\u2019\u00eatre trait\u00e9 d\u2019antis\u00e9mite.<\/p>\n<p align=\"right\"><strong>Marc-Edouard Nabe, 20 septembre 2008<br \/>\n<a href=\"http:\/\/marc.edouard.nabe.free.fr\/\" target=\"_blank\">http:\/\/marc.edouard.nabe.free.fr\/<\/a><\/strong><\/p>\n","protected":false},"excerpt":{"rendered":"<p>Ce texte de l\u2019\u00e9crivain Marc Edouard\u00a0Nabe, dat\u00e9 du 20 septembre 2008, pose une question essentielle : quelle posture faut-il adopter lorsqu\u2019on est marqu\u00e9 au fer rouge de l\u2019accusation d\u2019antis\u00e9mitisme ? La r\u00e9ponse prend d\u2019abord la forme d\u2019une autre question : quelle est la l\u00e9gitimit\u00e9 de cette juridiction supr\u00eame institu\u00e9e par les sionistes qui pullulent dans [&hellip;]<\/p>\n","protected":false},"author":1,"featured_media":0,"comment_status":"closed","ping_status":"closed","sticky":false,"template":"","format":"standard","meta":{"footnotes":""},"categories":[28],"tags":[],"class_list":["post-1675","post","type-post","status-publish","format-standard","hentry","category-sionisme-en-france"],"views":2698,"_links":{"self":[{"href":"http:\/\/www.comiteactionpalestine.org\/word\/wp-json\/wp\/v2\/posts\/1675","targetHints":{"allow":["GET"]}}],"collection":[{"href":"http:\/\/www.comiteactionpalestine.org\/word\/wp-json\/wp\/v2\/posts"}],"about":[{"href":"http:\/\/www.comiteactionpalestine.org\/word\/wp-json\/wp\/v2\/types\/post"}],"author":[{"embeddable":true,"href":"http:\/\/www.comiteactionpalestine.org\/word\/wp-json\/wp\/v2\/users\/1"}],"replies":[{"embeddable":true,"href":"http:\/\/www.comiteactionpalestine.org\/word\/wp-json\/wp\/v2\/comments?post=1675"}],"version-history":[{"count":3,"href":"http:\/\/www.comiteactionpalestine.org\/word\/wp-json\/wp\/v2\/posts\/1675\/revisions"}],"predecessor-version":[{"id":1772,"href":"http:\/\/www.comiteactionpalestine.org\/word\/wp-json\/wp\/v2\/posts\/1675\/revisions\/1772"}],"wp:attachment":[{"href":"http:\/\/www.comiteactionpalestine.org\/word\/wp-json\/wp\/v2\/media?parent=1675"}],"wp:term":[{"taxonomy":"category","embeddable":true,"href":"http:\/\/www.comiteactionpalestine.org\/word\/wp-json\/wp\/v2\/categories?post=1675"},{"taxonomy":"post_tag","embeddable":true,"href":"http:\/\/www.comiteactionpalestine.org\/word\/wp-json\/wp\/v2\/tags?post=1675"}],"curies":[{"name":"wp","href":"https:\/\/api.w.org\/{rel}","templated":true}]}}