{"id":1673,"date":"2009-01-08T11:08:12","date_gmt":"2009-01-08T10:08:12","guid":{"rendered":"http:\/\/www.comiteactionpalestine.org\/word\/?p=1673"},"modified":"2014-05-02T21:44:27","modified_gmt":"2014-05-02T20:44:27","slug":"cherchez-lerreur-compte-rendu-dune-manifestation-pour-gaza","status":"publish","type":"post","link":"http:\/\/www.comiteactionpalestine.org\/word\/cherchez-lerreur-compte-rendu-dune-manifestation-pour-gaza\/","title":{"rendered":"Cherchez l\u2019erreur &#8211; Compte-rendu d\u2019une manifestation pour Gaza"},"content":{"rendered":"<div class=\"pdfprnt-buttons pdfprnt-buttons-post pdfprnt-top-right\"><a href=\"http:\/\/www.comiteactionpalestine.org\/word\/wp-json\/wp\/v2\/posts\/1673?print=pdf\" class=\"pdfprnt-button pdfprnt-button-pdf\" target=\"_blank\"><img decoding=\"async\" src=\"http:\/\/www.comiteactionpalestine.org\/word\/wp-content\/plugins\/pdf-print\/images\/pdf.png\" alt=\"image_pdf\" title=\"Afficher le PDF\" \/><\/a><a href=\"http:\/\/www.comiteactionpalestine.org\/word\/wp-json\/wp\/v2\/posts\/1673?print=print\" class=\"pdfprnt-button pdfprnt-button-print\" target=\"_blank\"><img decoding=\"async\" src=\"http:\/\/www.comiteactionpalestine.org\/word\/wp-content\/plugins\/pdf-print\/images\/print.png\" alt=\"image_print\" title=\"Contenu imprim\u00e9\" \/><\/a><\/div><p align=\"justify\"><strong>Fausto Giudice<\/strong>, l&rsquo;auteur de cet article, est cyber-journaliste et membre de Tlaxcala, le r\u00e9seau de traducteurs pour la diversit\u00e9 linguistique. Il y d\u00e9nonce, avec humour et perspicacit\u00e9, la d\u00e9fection des organisations de gauche dans les<img decoding=\"async\" style=\"margin: 5px 5px 10px 10px; width: 150px; height: 200px;\" src=\"http:\/\/www.comiteactionpalestine.org\/uploads\/img49652f9b3d7e5.jpg\" alt=\"\u00a0Manifestation pour Gaza, Paris, 3.1.09\" align=\"right\" \/> mobilisations de soutien aux mouvements de r\u00e9sistance arabes ou islamistes, comme on peut facilement s\u2019en apercevoir aujourd\u2019hui en manifestant pour Gaza.<\/p>\n<p align=\"justify\">Dans les cort\u00e8ges de ces manifestations, on ne trouve en effet qu\u2019une quantit\u00e9 infinit\u00e9simale de gens de gauche, de libertaires, d\u2019humanistes, de communistes, de la\u00efcs,&#8230; aux c\u00f4t\u00e9s des populations musulmanes de toutes origines.<\/p>\n<p align=\"justify\"><strong>Rejetant a priori l\u2019islam par pr\u00e9jug\u00e9s colonialistes ou racistes, incapable de percevoir le caract\u00e8re intrins\u00e8quement politique de mouvements comme le Hamas ou le Hezbollah, la gauche a fait aujourd\u2019hui le choix de la collaboration<\/strong> en se positionnant pour la clique de suppl\u00e9tifs dirig\u00e9e par Mahmoud Abbas, de m\u00eame qu\u2019elle d\u00e9nigrait au mois de juillet 2006 la r\u00e9sistance libanaise face \u00e0 l\u2019agression isra\u00e9lienne.<\/p>\n<hr size=\"2\" width=\"100%\" \/>\n<p align=\"justify\"><strong><em>Samedi apr\u00e8s-midi, je me suis rendu, avec des copains, dans la m\u00e9tropole r\u00e9gionale la plus proche de la petite localit\u00e9 de la France profonde dans laquelle je vis, pour participer \u00e0 une manifestation de solidarit\u00e9 avec Gaza martyre.<\/em> <\/strong><\/p>\n<p align=\"justify\">Nous \u00e9tions entre 2500 et 3000. Nos avons d\u00e9fil\u00e9 pendant deux bonnes heures, sillonnant le centre-ville en boucle, pour achever notre p\u00e9riple l\u00e0 o\u00f9 nous l\u2019avions commenc\u00e9, sur la place principale de la ville, entre le Monoprix et le MacDo.<\/p>\n<p align=\"justify\">Nous \u00e9tions donc environ 3000, dont, au bas mot, 2900 musulmans de tous \u00e2ges, de toutes origines, de toutes couleurs, de toutes branches, de tous sexes.<\/p>\n<p align=\"justify\">J\u2019ai cherch\u00e9 des chr\u00e9tiens, je n\u2019en ai pas vu.J\u2019ai cherch\u00e9 des communistes, je n\u2019en ai pas vu.J\u2019ai cherch\u00e9 des trotskystes, j\u2019en ai vu deux, qui ont distribu\u00e9 un tract puis sont repartis.<\/p>\n<p align=\"justify\">J\u2019ai cherch\u00e9 des nouveaux partisans anticapitalistes, j\u2019en ai vu un.<\/p>\n<p align=\"justify\">J\u2019ai cherch\u00e9 des altermondialistes blancs, j\u2019en ai vu trois.J\u2019ai cherch\u00e9 des anarchistes, je n\u2019en ai pas vu.<\/p>\n<p align=\"justify\">J\u2019ai cherch\u00e9 des \u00e9cologistes, j\u2019en ai vu deux.<\/p>\n<p align=\"justify\">J\u2019ai cherch\u00e9 des juifs, je n\u2019en ai pas vu.<\/p>\n<p align=\"justify\">J\u2019ai cherch\u00e9 des la\u00efcs, j\u2019en ai vu 7 ou 8.<\/p>\n<p align=\"justify\">J\u2019ai cherch\u00e9 des francs-ma\u00e7ons, j\u2019en ai peut-\u00eatre vu, mais je ne les ai pas reconnus.<\/p>\n<p align=\"justify\">La t\u00e9l\u00e9visions locale a film\u00e9 le d\u00e9fil\u00e9, pour montrer au journal du soir que seuls des Musulmans avaient manifest\u00e9 pour les Musulmans de Gaza. Le long du d\u00e9fil\u00e9, les gens sur les trottoirs, silencieux, nous regardaient plut\u00f4t froidement, quand ce n\u2019\u00e9tait pas avec des mines hostiles.\u00c0 un moment, je me suis demand\u00e9 o\u00f9 j\u2019\u00e9tais, dans quelle France. O\u00f9 \u00e9taient-ils, tous ces Fran\u00e7ais de souche la\u00efcs, progressistes, d\u00e9mocrates, humanistes, libertaires, pr\u00eats \u00e0 s\u2019enflammer pour toute cause ?<\/p>\n<p align=\"justify\">En fin de manifestation, des amis arabes inform\u00e9s m\u2019ont rassur\u00e9 : la gauche, les partis, les syndicats, vont manifester au m\u00eame endroit, mercredi prochain. Ouf, j\u2019avais eu peur.<\/p>\n<p align=\"justify\">Peur que les progressistes-d\u00e9mocrates-humanistes-libertaires fran\u00e7ais de souche se soient dits que, en fin de compte, les bombes de 500 kg et d\u2019une tonne l\u00e2ch\u00e9es sur les Gazaouis allaient apporter \u00e0 ceux-ci la libert\u00e9, la d\u00e9mocratie, la lib\u00e9ration des femmes et la la\u00efcit\u00e9. Mais non, je faisais preuve de mauvais esprit.<\/p>\n<p align=\"justify\">Et pourtant, je me souvenais qu\u2019en ao\u00fbt 2006, quand nous manifestions dans ma petite ville contre l\u2019agression isra\u00e9lienne contre le Liban, les t\u00e9nors locaux de la \u00ab gauche pro-palestinienne \u00bb avaient d\u00e9clar\u00e9 textuellement \u00e0 la presse r\u00e9gionale qu\u2019ils critiquaient l\u2019attaque isra\u00e9lienne contre le Liban parce qu\u2019 \u00ab elle faisait le jeu des islamistes du Hezbollah \u00bb. Ce \u00e0 quoi j\u2019avais r\u00e9pondu : \u00ab C\u2019est comme si vous aviez \u00e9t\u00e9 \u00e0 Londres en 1941 et aviez d\u00e9clar\u00e9 que vous critiquiez Hitler pour avoir attaqu\u00e9 l\u2019Union sovi\u00e9tique parce qu\u2019ainsi il faisait le jeu de Staline. \u00bb<\/p>\n<p align=\"justify\">Et un permanent d\u2019un \u00e9minent syndicat de gauche m\u2019avait alors r\u00e9torqu\u00e9 : \u00ab Oh tu sais la guerre, la guerre, c\u2019est toujours mauvais. Je pense que c\u2019\u00e9tait une erreur de prendre les armes contre les Allemands en 40-42. \u00bb \u00ab Donc, lui avais-je r\u00e9torqu\u00e9, tu aurais choisi Vichy et la collaboration ? \u00bb<\/p>\n<p align=\"justify\">Il \u00e9tait devenu tout rouge et \u00e9tait parti sans rien dire.<\/p>\n<p align=\"justify\">Plus tard, un autre t\u00e9nor de la gauche locale avait pris la parole en fin de manif pour d\u00e9clarer qu\u2019il fallait donner toutes ses chances \u00e0 la r\u00e9solution de l\u2019ONU instaurant le cessez-le-feu au Liban. J\u2019\u00e9tais intervenu apr\u00e8s lui pour dire que cette r\u00e9solution n\u2019avait qu\u2019on objectif : sauver l\u2019arm\u00e9e isra\u00e9lienne de la pire d\u00e9faite de son histoire et que cette guerre de 33 jours \u00e9tait vraiment historique car elle avait vu pour la premi\u00e8re fois l\u2019arm\u00e9e isra\u00e9lienne subir une d\u00e9faite strat\u00e9gique.<\/p>\n<p align=\"justify\">Mes amis de gauche firent \u00e9videmment grise mine en entendant mes propos et vinrent me voir pour me dire : \u00ab Mais enfin, le Hezbollah, c\u2019est des islamistes, on ne peut quand m\u00eame pas les soutenir \u00bb. Ce \u00e0 quoi je r\u00e9pondis en citant la phrase de De Gaulle \u00e0 un de ses lieutenants qui critiquait les choix de ses ministres dans le premier gouvernement form\u00e9 \u00e0 la Lib\u00e9ration : \u00ab Sans les juifs, les communiste et les francs-ma\u00e7ons, la France n\u2019aurait pas \u00e9t\u00e9 lib\u00e9r\u00e9e \u00bb. Et j\u2019ajoutai : \u00bbAvez-vous \u00e9cout\u00e9 ou lu un seul des discours de Hassan Nasrallah faits pendant les 33 jours de guerre ? Moi, j\u2019en ai lu huit. Nasrallah est le Ho Chi Minh du Moyen-Orient. Ses discours \u00e9taient tous purement politiques et n\u2019avaient rien de religieux, mis \u00e0 part les formules d\u2019usage. Si je soutiens le Hezbollah ou le Hamas, ce n\u2019est pas parce qu\u2019ils sont islamistes, mais parce qu\u2019ils incarnent la R\u00e9sistance. Et comme par hasard, le peuple palestinien est de culture musulmane, m\u00eame ses minorit\u00e9s chr\u00e9tiennes. Vous ne pouvez pas lui demander de produire une Arlette Laguillier, une Marie-George Buffet, un Olivier Besancenot ou une S\u00e9gol\u00e8ne Royal. La r\u00e9sistance n\u00e9palaise est mao\u00efste, la r\u00e9sistance colombienne est communiste, la r\u00e9sistance mexicaine est zapatiste. La r\u00e9sistance palestinienne est aujourd\u2019hui \u00ab islamiste \u00bb, c\u2019est une r\u00e9alit\u00e9 qu\u2019il vous faudra accepter, ou alors dites clairement que vous soutenez les collabos de Ramallah autour d\u2019Abou Mazen. \u00bb<\/p>\n<p align=\"justify\">Notre tentative de dialogue s\u2019\u00e9tait arr\u00eat\u00e9e l\u00e0.<\/p>\n<p align=\"justify\">Ces m\u00eames camarades ont pr\u00e9f\u00e9r\u00e9, cette fois-ci, ne pas tenter d\u2019organiser la moindre manifestation dans notre ville, pr\u00e9f\u00e9rant aller \u00ab donner leur sang pour Gaza \u00bb de mani\u00e8re confidentielle, en sachant pertinemment que les Gazaouis n\u2019ont pas besoin de sang et que, m\u00eame s\u2019ils en avaient besoin, ce sang fran\u00e7ais ne leur parviendra jamais.<\/p>\n<p align=\"justify\">C\u2019est pourquoi j\u2019ai emmen\u00e9 trois copains \u00e0 la m\u00e9tropole la plus proche pour aller tenter de sauver l\u2019honneur perdu des non-Musulmans. Ce qui m\u2019avait convaincu \u00e0 faire ce geste minimal, c\u2019\u00e9tait la phrase terrible prononc\u00e9e hier par la Reine Rania de Jordanie, une femme belle, intelligente, active \u2013 et palestinienne &#8211; : \u00ab Le silence sur Gaza, c\u2019est de la m\u00e9cr\u00e9ance \u00bb.<\/p>\n<p align=\"justify\">En d\u00e9filant avec 2990 musulmans et musulmanes, qui, entre \u00ab Isra\u00ebl assassin \u00bb et \u00ab Gaza r\u00e9sistance \u00bb, criaient \u00ab Il n\u2019y a de Dieu que Dieu \u00bb (slogan le plus repris), je me suis demand\u00e9 combien de temps encore j\u2019allais pouvoir r\u00e9sister \u00e0 l\u2019appel de l\u2019Islam et rester un compagnon de route des musulmans libres et actifs tout en gardant mes convictions de la\u00efc agnostique.<\/p>\n<p align=\"justify\">Et je sentais une profonde compr\u00e9hension pour tous ces convertis qui d\u00e9filaient au milieu des \u00ab musulmans de souche \u00bb. Eux ont \u00e9t\u00e9 tellement d\u00e9go\u00fbt\u00e9s par l\u2019hypocrisie et la vacuit\u00e9 dominantes de la la\u00efcit\u00e9-progressiste-d\u00e9mocratique-humaniste-libertaire dominante qu\u2019ils ont choisi l\u2019Islam comme on choisit son camp dans une guerre.<\/p>\n<p align=\"justify\">R\u00e9sistance ou collaboration, telle est l\u2019alternative, en Palestine comme partout ailleurs, m\u00eame ici, entre McDo et Monoprix. Jusqu&rsquo;\u00e0 quand allons-nous laisser les Musulmans r\u00e9sister seuls ? Jusqu&rsquo;\u00e0 ce qu&rsquo;on nous traite nous-m\u00eames comme on les traite, eux et elles ?<\/p>\n<p>Auteur : Fausto Giudice<\/p>\n<p>Source : Basta ! \u064a\u0643\u0641\u064a Journal de marche zapatiste<\/p>\n<p>Article original publi\u00e9 le 3\/1\/2008<\/p>\n","protected":false},"excerpt":{"rendered":"<p>Fausto Giudice, l&rsquo;auteur de cet article, est cyber-journaliste et membre de Tlaxcala, le r\u00e9seau de traducteurs pour la diversit\u00e9 linguistique. Il y d\u00e9nonce, avec humour et perspicacit\u00e9, la d\u00e9fection des organisations de gauche dans les mobilisations de soutien aux mouvements de r\u00e9sistance arabes ou islamistes, comme on peut facilement s\u2019en apercevoir aujourd\u2019hui en manifestant pour [&hellip;]<\/p>\n","protected":false},"author":1,"featured_media":0,"comment_status":"closed","ping_status":"closed","sticky":false,"template":"","format":"standard","meta":{"footnotes":""},"categories":[28],"tags":[],"class_list":["post-1673","post","type-post","status-publish","format-standard","hentry","category-sionisme-en-france"],"views":2342,"_links":{"self":[{"href":"http:\/\/www.comiteactionpalestine.org\/word\/wp-json\/wp\/v2\/posts\/1673","targetHints":{"allow":["GET"]}}],"collection":[{"href":"http:\/\/www.comiteactionpalestine.org\/word\/wp-json\/wp\/v2\/posts"}],"about":[{"href":"http:\/\/www.comiteactionpalestine.org\/word\/wp-json\/wp\/v2\/types\/post"}],"author":[{"embeddable":true,"href":"http:\/\/www.comiteactionpalestine.org\/word\/wp-json\/wp\/v2\/users\/1"}],"replies":[{"embeddable":true,"href":"http:\/\/www.comiteactionpalestine.org\/word\/wp-json\/wp\/v2\/comments?post=1673"}],"version-history":[{"count":3,"href":"http:\/\/www.comiteactionpalestine.org\/word\/wp-json\/wp\/v2\/posts\/1673\/revisions"}],"predecessor-version":[{"id":1769,"href":"http:\/\/www.comiteactionpalestine.org\/word\/wp-json\/wp\/v2\/posts\/1673\/revisions\/1769"}],"wp:attachment":[{"href":"http:\/\/www.comiteactionpalestine.org\/word\/wp-json\/wp\/v2\/media?parent=1673"}],"wp:term":[{"taxonomy":"category","embeddable":true,"href":"http:\/\/www.comiteactionpalestine.org\/word\/wp-json\/wp\/v2\/categories?post=1673"},{"taxonomy":"post_tag","embeddable":true,"href":"http:\/\/www.comiteactionpalestine.org\/word\/wp-json\/wp\/v2\/tags?post=1673"}],"curies":[{"name":"wp","href":"https:\/\/api.w.org\/{rel}","templated":true}]}}