{"id":1638,"date":"2012-10-29T10:58:14","date_gmt":"2012-10-29T09:58:14","guid":{"rendered":"http:\/\/www.comiteactionpalestine.org\/word\/?p=1638"},"modified":"2014-04-26T11:14:01","modified_gmt":"2014-04-26T10:14:01","slug":"solidarite-avec-houria-bouteldja","status":"publish","type":"post","link":"http:\/\/www.comiteactionpalestine.org\/word\/solidarite-avec-houria-bouteldja\/","title":{"rendered":"Solidarit\u00e9 avec Houria Bouteldja"},"content":{"rendered":"<div class=\"pdfprnt-buttons pdfprnt-buttons-post pdfprnt-top-right\"><a href=\"http:\/\/www.comiteactionpalestine.org\/word\/wp-json\/wp\/v2\/posts\/1638?print=pdf\" class=\"pdfprnt-button pdfprnt-button-pdf\" target=\"_blank\"><img decoding=\"async\" src=\"http:\/\/www.comiteactionpalestine.org\/word\/wp-content\/plugins\/pdf-print\/images\/pdf.png\" alt=\"image_pdf\" title=\"Afficher le PDF\" \/><\/a><a href=\"http:\/\/www.comiteactionpalestine.org\/word\/wp-json\/wp\/v2\/posts\/1638?print=print\" class=\"pdfprnt-button pdfprnt-button-print\" target=\"_blank\"><img decoding=\"async\" src=\"http:\/\/www.comiteactionpalestine.org\/word\/wp-content\/plugins\/pdf-print\/images\/print.png\" alt=\"image_print\" title=\"Contenu imprim\u00e9\" \/><\/a><\/div><div style=\"text-align: justify;\"><a href=\"http:\/\/www.comiteactionpalestine.org\/word\/wp-content\/uploads\/2012\/10\/Bouteldja1.jpg\"><img decoding=\"async\" class=\"alignright  wp-image-1735\" src=\"http:\/\/www.comiteactionpalestine.org\/word\/wp-content\/uploads\/2012\/10\/Bouteldja1.jpg\" alt=\"Bouteldja[1]\" width=\"180\" height=\"135\" \/><\/a>Le Comit\u00e9 Action Palestine condamne avec la plus grande fermet\u00e9 la l\u00e2che agression de Houria Bouteldja, porte-parole du PIR, par la Ligue de D\u00e9fense Juive. Le Comit\u00e9 Action Palestine tient \u00e0 lui exprimer toute sa solidarit\u00e9, ainsi qu\u2019\u00e0 toutes\u00a0les autres personnes agress\u00e9es, menac\u00e9es et train\u00e9es en justice, parce qu\u2019elles estiment, et le disent tout haut, que le sionisme est un mouvement colonial et raciste.<\/div>\n<div>\n<div style=\"text-align: justify;\"><\/div>\n<div style=\"text-align: justify;\">L\u2019impunit\u00e9 et la libert\u00e9 d\u2019action dont b\u00e9n\u00e9ficie la Ligue de D\u00e9fense Juive est une preuve suppl\u00e9mentaire que la France apporte un soutien inconditionnel \u00e0 la politique criminelle d\u2019Isra\u00ebl et ce, en allant jusqu\u2019\u00e0 bafouer les r\u00e8gles les plus \u00e9l\u00e9mentaires du Droit et de la Justice sur son propre territoire national.<\/div>\n<div style=\"text-align: justify;\"><\/div>\n<div style=\"text-align: justify;\">Plus que jamais, le Comit\u00e9 Action Palestine reste convaincu que le combat pour la lib\u00e9ration de la Palestine se m\u00e8ne aussi en France, pays alli\u00e9 du sionisme.<\/div>\n<\/div>\n<div style=\"text-align: justify;\"><\/div>\n<div style=\"text-align: right;\"><strong><span style=\"font-size: small;\">Comit\u00e9 Action Palestine<\/span><\/strong><\/div>\n<p><a href=\"http:\/\/www.comiteactionpalestine.org\/word\/wp-content\/uploads\/2012\/10\/Bouteldja1.jpg\">\u00a0<\/a><\/p>\n<p>&nbsp;<\/p>\n","protected":false},"excerpt":{"rendered":"<p>Le Comit\u00e9 Action Palestine condamne avec la plus grande fermet\u00e9 la l\u00e2che agression de Houria Bouteldja, porte-parole du PIR, par la Ligue de D\u00e9fense Juive. Le Comit\u00e9 Action Palestine tient \u00e0 lui exprimer toute sa solidarit\u00e9, ainsi qu\u2019\u00e0 toutes\u00a0les autres personnes agress\u00e9es, menac\u00e9es et train\u00e9es en justice, parce qu\u2019elles estiment, et le disent tout haut, [&hellip;]<\/p>\n","protected":false},"author":1,"featured_media":0,"comment_status":"closed","ping_status":"closed","sticky":false,"template":"","format":"standard","meta":{"footnotes":""},"categories":[28],"tags":[],"class_list":["post-1638","post","type-post","status-publish","format-standard","hentry","category-sionisme-en-france"],"views":2786,"_links":{"self":[{"href":"http:\/\/www.comiteactionpalestine.org\/word\/wp-json\/wp\/v2\/posts\/1638","targetHints":{"allow":["GET"]}}],"collection":[{"href":"http:\/\/www.comiteactionpalestine.org\/word\/wp-json\/wp\/v2\/posts"}],"about":[{"href":"http:\/\/www.comiteactionpalestine.org\/word\/wp-json\/wp\/v2\/types\/post"}],"author":[{"embeddable":true,"href":"http:\/\/www.comiteactionpalestine.org\/word\/wp-json\/wp\/v2\/users\/1"}],"replies":[{"embeddable":true,"href":"http:\/\/www.comiteactionpalestine.org\/word\/wp-json\/wp\/v2\/comments?post=1638"}],"version-history":[{"count":4,"href":"http:\/\/www.comiteactionpalestine.org\/word\/wp-json\/wp\/v2\/posts\/1638\/revisions"}],"predecessor-version":[{"id":1737,"href":"http:\/\/www.comiteactionpalestine.org\/word\/wp-json\/wp\/v2\/posts\/1638\/revisions\/1737"}],"wp:attachment":[{"href":"http:\/\/www.comiteactionpalestine.org\/word\/wp-json\/wp\/v2\/media?parent=1638"}],"wp:term":[{"taxonomy":"category","embeddable":true,"href":"http:\/\/www.comiteactionpalestine.org\/word\/wp-json\/wp\/v2\/categories?post=1638"},{"taxonomy":"post_tag","embeddable":true,"href":"http:\/\/www.comiteactionpalestine.org\/word\/wp-json\/wp\/v2\/tags?post=1638"}],"curies":[{"name":"wp","href":"https:\/\/api.w.org\/{rel}","templated":true}]}}