{"id":133,"date":"2014-01-07T14:33:42","date_gmt":"2014-01-07T13:33:42","guid":{"rendered":"http:\/\/www.comiteactionpalestine.org\/word\/?p=133"},"modified":"2015-12-21T15:19:05","modified_gmt":"2015-12-21T14:19:05","slug":"calendrier-2014-palestine-libre","status":"publish","type":"post","link":"http:\/\/www.comiteactionpalestine.org\/word\/calendrier-2014-palestine-libre\/","title":{"rendered":"Calendrier 2014 Palestine Libre"},"content":{"rendered":"<div class=\"pdfprnt-buttons pdfprnt-buttons-post pdfprnt-top-right\"><a href=\"http:\/\/www.comiteactionpalestine.org\/word\/wp-json\/wp\/v2\/posts\/133?print=pdf\" class=\"pdfprnt-button pdfprnt-button-pdf\" target=\"_blank\"><img decoding=\"async\" src=\"http:\/\/www.comiteactionpalestine.org\/word\/wp-content\/plugins\/pdf-print\/images\/pdf.png\" alt=\"image_pdf\" title=\"Afficher le PDF\" \/><\/a><a href=\"http:\/\/www.comiteactionpalestine.org\/word\/wp-json\/wp\/v2\/posts\/133?print=print\" class=\"pdfprnt-button pdfprnt-button-print\" target=\"_blank\"><img decoding=\"async\" src=\"http:\/\/www.comiteactionpalestine.org\/word\/wp-content\/plugins\/pdf-print\/images\/print.png\" alt=\"image_print\" title=\"Contenu imprim\u00e9\" \/><\/a><\/div><div>\n<div style=\"text-align: center;\"><span style=\"color: #ff0000; font-family: arial, sans-serif; font-size: x-large;\"><strong>Des Mots pour R\u00e9sister\u00a0<\/strong><\/span><\/div>\n<div style=\"text-align: center;\"><span style=\"font-family: arial, sans-serif; font-size: small;\"><strong>\u00a0<\/strong><\/span><\/div>\n<div style=\"text-align: center;\"><span style=\"font-family: arial, sans-serif; font-size: small;\"><strong>Calendrier Palestine Libre 2014<\/strong><\/span><\/div>\n<div style=\"text-align: center;\"><span style=\"font-family: arial, sans-serif; font-size: small;\"><strong>Comit\u00e9 Action Palestine<\/strong><\/span><\/div>\n<div><span style=\"font-family: arial, sans-serif; font-size: small;\">\u00a0<\/span><\/div>\n<div><span style=\"font-family: arial, sans-serif; font-size: small;\">Le langage a toujours ceci d\u2019insatisfaisant qu\u2019il permet rarement de relier les mots aux choses. Vouloir dire, raconter, d\u00e9crire, c\u2019est se heurter \u00e0 l\u2019incapacit\u00e9 que l\u2019on a d\u2019\u00eatre en ad\u00e9quation avec le r\u00e9el. Par quels mots peut-on vraiment t\u00e9moigner de l\u2019oppression ? L\u2019injustice se vit, se ressent, s\u2019inscrit dans les esprits et dans les chairs, en aucun cas elle ne peut trouver son \u00e9quivalent verbal. Les mots sont en de\u00e7\u00e0 ou au-del\u00e0 du r\u00e9el ; jamais ils ne collent \u00e0 lui. Le mot est toujours imparfait, il ne rend pas justice \u00e0 la r\u00e9alit\u00e9 des faits.<\/span><\/div>\n<div><span style=\"font-family: arial, sans-serif; font-size: small;\">Les po\u00e8tes sont seuls en mesure de transporter les mots sur les ailes du sens. Comme les alchimistes ne se satisfont pas de la matit\u00e9 du fer et veulent lui donner l\u2019\u00e9clat du soleil, les po\u00e8tes transmutent le malheur en paroles de feu. Par l\u2019alchimie du verbe, ils extraient de la boue et ils en font de l\u2019or.<\/span><\/div>\n<div><span style=\"font-family: arial, sans-serif; font-size: small;\">Ne pas accepter la fadeur du langage, c\u2019est entrer en po\u00e9sie. C\u2019est mordre les mots et faire suer les sons. Il ne s\u2019agit pas de dire le r\u00e9el mais d\u2019en donner id\u00e9e. Tout le monde sait que des peuples souffrent, mais lorsque la po\u00e9sie s\u2019empare de cette souffrance, on la sent. Ce n\u2019est plus de l\u2019ordre de la connaissance mais de cette empathie particuli\u00e8re que seul l\u2019art est en mesure de cr\u00e9er.<\/span><\/div>\n<div><span style=\"font-family: arial, sans-serif; font-size: small;\">Ne pas accepter la laideur du r\u00e9el, c\u2019est entrer en r\u00e9sistance. C\u2019est chasser l\u2019occupant et faire tomber les murs. C\u2019est combattre sans cesse celui qui nous condamne \u00e0 mort. C\u2019est pr\u00e9senter sa carte d\u2019identit\u00e9 \u00e0 celui qui veut nous rayer des cartes. Face au silence coupable et aux paroles mensong\u00e8res, la r\u00e9sistance \u00e0 l\u2019agression rappelle au monde entier qu\u2019un peuple ne meurt pas. R\u00e9sister c\u2019est exister. C\u2019est vivre, enfin.<\/span><\/div>\n<div><span style=\"font-family: arial, sans-serif; font-size: small;\">Le po\u00e8te se bat contre l\u2019ordre des mots. Le r\u00e9sistant se bat contre l\u2019ordre colonial.<\/span><\/div>\n<div><span style=\"font-family: arial, sans-serif; font-size: small;\">Lorsqu\u2019un peuple prend les armes pour se lib\u00e9rer, comme en ces temps mythiques chant\u00e9s par les proph\u00e8tes, les mots sont alors en accord avec les choses. Ils ne forment plus qu\u2019un.<\/span><\/div>\n<div><span style=\"font-family: arial, sans-serif; font-size: small;\">\u00a0<\/span><\/div>\n<div><span style=\"font-family: arial, sans-serif; font-size: small;\"><strong>La po\u00e9sie, c\u2019est de la r\u00e9sistance.<\/strong><\/span><\/div>\n<div><span style=\"font-family: arial, sans-serif; font-size: small;\"><strong>La r\u00e9sistance, c\u2019est de la po\u00e9sie.<\/strong><\/span><\/div>\n<div><span style=\"font-family: arial, sans-serif; font-size: small;\"><strong>En paroles ou en armes, la Palestine est la patrie moderne des po\u00e8tes.<\/strong><\/span><\/div>\n<div><span style=\"font-family: arial, sans-serif; font-size: small;\">\u00a0<\/span><\/div>\n<div><span style=\"font-family: arial, sans-serif; font-size: small;\"><em>Ce calendrier 2014 nous dit la r\u00e9sistance du peuple palestinien. Il nous dit la r\u00e9sistance avec les mots des po\u00e8tes. Face au silence coupable et aux paroles mensong\u00e8res, les po\u00e8tes nous disent que les mots sont des armes et rappellent au monde entier qu\u2019un peuple qui r\u00e9siste ne meurt pas.\u00a0<\/em><\/span><\/div>\n<\/div>\n<div>\n<p align=\"center\"><a href=\"http:\/\/www.comiteactionpalestine.org\/word\/wp-content\/uploads\/2014\/01\/calendrier2014.jpg\"><img fetchpriority=\"high\" decoding=\"async\" class=\"aligncenter size-full wp-image-134\" src=\"http:\/\/www.comiteactionpalestine.org\/word\/wp-content\/uploads\/2014\/01\/calendrier2014.jpg\" alt=\"calendrier2014\" width=\"750\" height=\"530\" srcset=\"http:\/\/www.comiteactionpalestine.org\/word\/wp-content\/uploads\/2014\/01\/calendrier2014.jpg 750w, http:\/\/www.comiteactionpalestine.org\/word\/wp-content\/uploads\/2014\/01\/calendrier2014-300x212.jpg 300w\" sizes=\"(max-width: 750px) 100vw, 750px\" \/><\/a><\/p>\n<p>Prix : 5 euros (+ frais d&rsquo;envoi). Nous contacter \u00e0\u00a0<a href=\"mailto:actionpalestine@hotmail.com\">actionpalestine@hotmail.com<\/a>\u00a0pour des informations compl\u00e9mentaires.<\/p>\n<p>Vous pouvez le\u00a0<strong><span style=\"color: #ff0000;\">commander<\/span>\u00a0<\/strong>d\u00e8s maintenant gr\u00e2ce \u00e0\u00a0<a href=\"http:\/\/www.comiteactionpalestine.org\/word\/wp-content\/uploads\/2014\/07\/bondecommande2014.pdf\" target=\"_blank\">ce formulaire<\/a>. Imprimez-le et renvoyez-le nous accompagn\u00e9 de votre r\u00e8glement.<\/p>\n<\/div>\n","protected":false},"excerpt":{"rendered":"<p>Des Mots pour R\u00e9sister\u00a0 \u00a0 Calendrier Palestine Libre 2014 Comit\u00e9 Action Palestine \u00a0 Le langage a toujours ceci d\u2019insatisfaisant qu\u2019il permet rarement de relier les mots aux choses. Vouloir dire, raconter, d\u00e9crire, c\u2019est se heurter \u00e0 l\u2019incapacit\u00e9 que l\u2019on a d\u2019\u00eatre en ad\u00e9quation avec le r\u00e9el. Par quels mots peut-on vraiment t\u00e9moigner de l\u2019oppression ? [&hellip;]<\/p>\n","protected":false},"author":1,"featured_media":134,"comment_status":"closed","ping_status":"closed","sticky":true,"template":"","format":"standard","meta":{"footnotes":""},"categories":[17],"tags":[],"class_list":["post-133","post","type-post","status-publish","format-standard","has-post-thumbnail","hentry","category-les-calendriers"],"views":5172,"_links":{"self":[{"href":"http:\/\/www.comiteactionpalestine.org\/word\/wp-json\/wp\/v2\/posts\/133","targetHints":{"allow":["GET"]}}],"collection":[{"href":"http:\/\/www.comiteactionpalestine.org\/word\/wp-json\/wp\/v2\/posts"}],"about":[{"href":"http:\/\/www.comiteactionpalestine.org\/word\/wp-json\/wp\/v2\/types\/post"}],"author":[{"embeddable":true,"href":"http:\/\/www.comiteactionpalestine.org\/word\/wp-json\/wp\/v2\/users\/1"}],"replies":[{"embeddable":true,"href":"http:\/\/www.comiteactionpalestine.org\/word\/wp-json\/wp\/v2\/comments?post=133"}],"version-history":[{"count":4,"href":"http:\/\/www.comiteactionpalestine.org\/word\/wp-json\/wp\/v2\/posts\/133\/revisions"}],"predecessor-version":[{"id":2114,"href":"http:\/\/www.comiteactionpalestine.org\/word\/wp-json\/wp\/v2\/posts\/133\/revisions\/2114"}],"wp:featuredmedia":[{"embeddable":true,"href":"http:\/\/www.comiteactionpalestine.org\/word\/wp-json\/wp\/v2\/media\/134"}],"wp:attachment":[{"href":"http:\/\/www.comiteactionpalestine.org\/word\/wp-json\/wp\/v2\/media?parent=133"}],"wp:term":[{"taxonomy":"category","embeddable":true,"href":"http:\/\/www.comiteactionpalestine.org\/word\/wp-json\/wp\/v2\/categories?post=133"},{"taxonomy":"post_tag","embeddable":true,"href":"http:\/\/www.comiteactionpalestine.org\/word\/wp-json\/wp\/v2\/tags?post=133"}],"curies":[{"name":"wp","href":"https:\/\/api.w.org\/{rel}","templated":true}]}}