{"id":1276,"date":"2012-04-09T22:06:45","date_gmt":"2012-04-09T21:06:45","guid":{"rendered":"http:\/\/www.comiteactionpalestine.org\/word\/?p=1276"},"modified":"2014-04-18T22:13:58","modified_gmt":"2014-04-18T21:13:58","slug":"le-droit-au-retour-quand-lhumanitaire-cache-le-politique","status":"publish","type":"post","link":"http:\/\/www.comiteactionpalestine.org\/word\/le-droit-au-retour-quand-lhumanitaire-cache-le-politique\/","title":{"rendered":"Le droit au retour : quand l\u2019humanitaire cache le politique"},"content":{"rendered":"<div class=\"pdfprnt-buttons pdfprnt-buttons-post pdfprnt-top-right\"><a href=\"http:\/\/www.comiteactionpalestine.org\/word\/wp-json\/wp\/v2\/posts\/1276?print=pdf\" class=\"pdfprnt-button pdfprnt-button-pdf\" target=\"_blank\"><img decoding=\"async\" src=\"http:\/\/www.comiteactionpalestine.org\/word\/wp-content\/plugins\/pdf-print\/images\/pdf.png\" alt=\"image_pdf\" title=\"Afficher le PDF\" \/><\/a><a href=\"http:\/\/www.comiteactionpalestine.org\/word\/wp-json\/wp\/v2\/posts\/1276?print=print\" class=\"pdfprnt-button pdfprnt-button-print\" target=\"_blank\"><img decoding=\"async\" src=\"http:\/\/www.comiteactionpalestine.org\/word\/wp-content\/plugins\/pdf-print\/images\/print.png\" alt=\"image_print\" title=\"Contenu imprim\u00e9\" \/><\/a><\/div><table width=\"98%\" cellspacing=\"0\" cellpadding=\"0\">\n<tbody>\n<tr>\n<td class=\"itemInfo\"><span class=\"itemPostDate\" style=\"font-style: italic\">le 9\/4\/2012 16:00:00<\/span>\u00a0(<span class=\"itemStats\" style=\"font-style: italic\">668 lectures<\/span>)<\/td>\n<\/tr>\n<tr>\n<td>\n<div class=\"itemBody\">\n<div><img decoding=\"async\" src=\"http:\/\/www.comiteactionpalestine.org\/uploads\/img4f82e6b114e58.jpg\" alt=\"\" align=\"right\" \/><\/div>\n<div><\/div>\n<div>Les r\u00e9fugi\u00e9s palestiniens ne sont pas les victimes d\u2019une catastrophe naturelle. Ils ne sont pas simplement non plus des victimes de guerre. Expuls\u00e9s hors de chez eux par l\u2019envahisseur sioniste qui leur a vol\u00e9 leurs terres et d\u00e9truit leurs foyers, ils sont r\u00e9fugi\u00e9s parce qu\u2019ils sont ni\u00e9s dans leur droit l\u00e9gitime \u00e0 vivre en Palestine. Leur situation durera aussi longtemps qu\u2019existera la colonie juive nomm\u00e9e Isra\u00ebl. Leur statut d\u00e9coule directement d\u2019un programme colonial dont le but est la destruction de leur identit\u00e9 nationale palestinienne. Par cons\u00e9quent, le droit au retour pour tout r\u00e9fugi\u00e9 palestinien, c\u2019est le droit de recouvrer cette identit\u00e9 en m\u00eame temps que ses propri\u00e9t\u00e9s.<\/div>\n<div><\/div>\n<hr \/>\n<p style=\"text-align: justify\">Aussi le droit au retour pour les r\u00e9fugi\u00e9s palestiniens a-t-il un contenu fondamentalement politique sans lequel il s\u2019annulerait de lui-m\u00eame. Or c\u2019est ce contenu que l\u2019ONU a cherch\u00e9 \u00e0 faire dispara\u00eetre, en le rempla\u00e7ant par un contenu humanitaire en r\u00e9alit\u00e9 favorable aux int\u00e9r\u00eats politiques du programme occidental-sioniste. Car l\u2019UNRWA, produit de la r\u00e9solution 302 de l\u2019AGNU (d\u00e9cembre 49), pr\u00e9sent\u00e9 comme un plan \u00ab apolitique \u00bb d\u2019assistance aux r\u00e9fugi\u00e9s palestiniens victimes de la Naqba, et \u00e0 leurs descendants, ne pouvait en r\u00e9alit\u00e9 dissimuler les mobiles politiques de sa cr\u00e9ation. La mission assign\u00e9e officiellement \u00e0 l\u2019UNRWA, financ\u00e9 par des bailleurs de fonds majoritairement pro-sionistes (USA, Etats europ\u00e9ens, Arabie saoudite\u2026), \u00e9tait en effet d\u2019assurer le minimum vital aux r\u00e9fugi\u00e9s palestiniens jusqu\u2019\u00e0 ce qu\u2019ils soient compl\u00e8tement absorb\u00e9s dans les \u00e9conomies des \u00ab pays d\u2019accueil \u00bb. De cette fa\u00e7on la revendication du droit au retour n\u2019aurait plus lieu d\u2019\u00eatre, et l\u2019entit\u00e9 sioniste serait d\u00e9finitivement \u00e0 l\u2019abri de la menace de sa propre disparition. Autrement dit, l\u2019objectif initial de l\u2019UNRWA n\u2019\u00e9tait en r\u00e9alit\u00e9 que la continuation logique du plan de nettoyage ethnique de la Palestine. Les premiers dirigeants sionistes ne d\u00e9claraient-ils pas qu\u2019il existait suffisamment de pays arabes pour accueillir les \u00ab Arabes \u00bb de Palestine ?&#8230;<\/p>\n<p style=\"text-align: justify\"><a href=\"http:\/\/www.comiteactionpalestine.org\/word\/wp-content\/uploads\/2014\/04\/images-30.jpg\"><img fetchpriority=\"high\" decoding=\"async\" class=\"alignright size-full wp-image-1277\" src=\"http:\/\/www.comiteactionpalestine.org\/word\/wp-content\/uploads\/2014\/04\/images-30.jpg\" alt=\"images (30)\" width=\"271\" height=\"186\" \/><\/a>L\u2019enfer politique est pav\u00e9 de bonnes intentions humanitaires. Sous couvert de charit\u00e9, la direction de l\u2019UNRWA s\u2019est donc r\u00e9v\u00e9l\u00e9e un outil politique de collaboration active avec l\u2019occupant. Mais c\u2019\u00e9tait sans compter avec l\u2019action des r\u00e9fugi\u00e9s palestiniens eux-m\u00eames. D\u00e8s les ann\u00e9es 50, ceux-ci s\u2019oppos\u00e8rent massivement \u00e0 tout projet visant \u00e0 faire sombrer le droit au retour dans l\u2019oubli. De l\u2019int\u00e9rieur, la structure m\u00eame de l\u2019UNRWA, employant un grand nombre de ces r\u00e9fugi\u00e9s, l\u2019obligea \u00e0 changer d\u2019orientation et \u00e0 subordonner son action au principe du retour. De l\u2019ext\u00e9rieur, des campagnes de protestation r\u00e9p\u00e9t\u00e9es dans les camps de r\u00e9fugi\u00e9s, sous forme de manifestations et d\u2019attaques contre les locaux de l\u2019UNRWA, finirent progressivement par avoir raison de toute id\u00e9e de dissolution collective dans les pays d\u2019accueil.<\/p>\n<p style=\"text-align: justify\">Le droit au retour signifiant r\u00e9ellement la lib\u00e9ration de toute la Palestine et le retour de tous les r\u00e9fugi\u00e9s chez eux, sa mise en \u0153uvre concr\u00e8te a pour condition la fin du syst\u00e8me colonial sioniste. C\u2019est-\u00e0-dire le d\u00e9part ou l\u2019expulsion de l\u2019envahisseur hors de Palestine.<\/p>\n<p><strong><span style=\"font-size: small\">Comit\u00e9 Action Palestine<\/span><\/strong><\/p>\n<p>&nbsp;<\/p>\n<\/div>\n<\/td>\n<\/tr>\n<tr>\n<td class=\"itemFoot\"><\/td>\n<\/tr>\n<\/tbody>\n<\/table>\n","protected":false},"excerpt":{"rendered":"<p>le 9\/4\/2012 16:00:00\u00a0(668 lectures) Les r\u00e9fugi\u00e9s palestiniens ne sont pas les victimes d\u2019une catastrophe naturelle. Ils ne sont pas simplement non plus des victimes de guerre. Expuls\u00e9s hors de chez eux par l\u2019envahisseur sioniste qui leur a vol\u00e9 leurs terres et d\u00e9truit leurs foyers, ils sont r\u00e9fugi\u00e9s parce qu\u2019ils sont ni\u00e9s dans leur droit l\u00e9gitime [&hellip;]<\/p>\n","protected":false},"author":2,"featured_media":0,"comment_status":"closed","ping_status":"closed","sticky":false,"template":"","format":"standard","meta":{"footnotes":""},"categories":[12],"tags":[],"class_list":["post-1276","post","type-post","status-publish","format-standard","hentry","category-refugies-droit-au-retour"],"views":2362,"_links":{"self":[{"href":"http:\/\/www.comiteactionpalestine.org\/word\/wp-json\/wp\/v2\/posts\/1276","targetHints":{"allow":["GET"]}}],"collection":[{"href":"http:\/\/www.comiteactionpalestine.org\/word\/wp-json\/wp\/v2\/posts"}],"about":[{"href":"http:\/\/www.comiteactionpalestine.org\/word\/wp-json\/wp\/v2\/types\/post"}],"author":[{"embeddable":true,"href":"http:\/\/www.comiteactionpalestine.org\/word\/wp-json\/wp\/v2\/users\/2"}],"replies":[{"embeddable":true,"href":"http:\/\/www.comiteactionpalestine.org\/word\/wp-json\/wp\/v2\/comments?post=1276"}],"version-history":[{"count":3,"href":"http:\/\/www.comiteactionpalestine.org\/word\/wp-json\/wp\/v2\/posts\/1276\/revisions"}],"predecessor-version":[{"id":1281,"href":"http:\/\/www.comiteactionpalestine.org\/word\/wp-json\/wp\/v2\/posts\/1276\/revisions\/1281"}],"wp:attachment":[{"href":"http:\/\/www.comiteactionpalestine.org\/word\/wp-json\/wp\/v2\/media?parent=1276"}],"wp:term":[{"taxonomy":"category","embeddable":true,"href":"http:\/\/www.comiteactionpalestine.org\/word\/wp-json\/wp\/v2\/categories?post=1276"},{"taxonomy":"post_tag","embeddable":true,"href":"http:\/\/www.comiteactionpalestine.org\/word\/wp-json\/wp\/v2\/tags?post=1276"}],"curies":[{"name":"wp","href":"https:\/\/api.w.org\/{rel}","templated":true}]}}