{"id":1265,"date":"2012-09-05T21:48:17","date_gmt":"2012-09-05T20:48:17","guid":{"rendered":"http:\/\/www.comiteactionpalestine.org\/word\/?p=1265"},"modified":"2014-04-18T22:05:20","modified_gmt":"2014-04-18T21:05:20","slug":"refugies-une-seule-volonte-rentrer","status":"publish","type":"post","link":"http:\/\/www.comiteactionpalestine.org\/word\/refugies-une-seule-volonte-rentrer\/","title":{"rendered":"R\u00e9fugi\u00e9s, une seule volont\u00e9 : rentrer"},"content":{"rendered":"<div class=\"pdfprnt-buttons pdfprnt-buttons-post pdfprnt-top-right\"><a href=\"http:\/\/www.comiteactionpalestine.org\/word\/wp-json\/wp\/v2\/posts\/1265?print=pdf\" class=\"pdfprnt-button pdfprnt-button-pdf\" target=\"_blank\"><img decoding=\"async\" src=\"http:\/\/www.comiteactionpalestine.org\/word\/wp-content\/plugins\/pdf-print\/images\/pdf.png\" alt=\"image_pdf\" title=\"Afficher le PDF\" \/><\/a><a href=\"http:\/\/www.comiteactionpalestine.org\/word\/wp-json\/wp\/v2\/posts\/1265?print=print\" class=\"pdfprnt-button pdfprnt-button-print\" target=\"_blank\"><img decoding=\"async\" src=\"http:\/\/www.comiteactionpalestine.org\/word\/wp-content\/plugins\/pdf-print\/images\/print.png\" alt=\"image_print\" title=\"Contenu imprim\u00e9\" \/><\/a><\/div><p><span class=\"itemPostDate\" style=\"font-style: italic\">le 5\/9\/2012 22:28:52<\/span>\u00a0(<span class=\"itemStats\" style=\"font-style: italic\">394 lectures<\/span>)<\/p>\n<div class=\"itemBody\">\n<p class=\"itemText\" style=\"text-align: justify\">R\u00e9fugi\u00e9s et r\u00e9sistants, r\u00e9fugi\u00e9s et combattants de la libert\u00e9, un seul et m\u00eame sujet. Un seul verbe, rentrer. Un seul objet, la Palestine.<\/p>\n<hr \/>\n<p><img decoding=\"async\" src=\"http:\/\/www.comiteactionpalestine.org\/uploads\/img5043c3c933be5.jpg\" alt=\"\" align=\"right\" \/><\/p>\n<div style=\"text-align: justify\"><em>\u00ab\u00a0Nous devons tout faire pour nous assurer qu&rsquo;ils (les Palestiniens) ne reviendront jamais. (&#8230;) Les vieux mourront et les jeunes oublieront.\u00a0\u00bb David Ben-Gourion, dans son journal, 18 Juillet 1948,<\/em><\/div>\n<div style=\"text-align: justify\"><em>\u00a0\u00a0\u00a0<\/em><\/div>\n<div style=\"text-align: justify\"><em>\u00ab\u00a0Ben Gourion s\u2019est tromp\u00e9. Plusieurs g\u00e9n\u00e9rations peuvent mourir avant l\u2019accomplissement de notre libert\u00e9, mais la flamme ne mourra jamais et les Palestiniens n\u2019oublieront jamais.\u00a0\u00bb Samah Jabr, palestinienne, Al Quds.\u00a0<\/em><\/div>\n<div style=\"text-align: justify\"><\/div>\n<div style=\"text-align: justify\">Plusieurs ann\u00e9es d\u2019errance, des alignements de tentes pendant une d\u00e9cennie, progressivement remplac\u00e9s par des baraquements de quelques m\u00e8tres carr\u00e9s \u00a0par famille, puis dans le m\u00eame espace, peu \u00e0 peu, des constructions en dur dont chaque nouvel \u00e9tage est celui d\u2019une nouvelle g\u00e9n\u00e9ration de r\u00e9fugi\u00e9s. Un labyrinthe de ruelles, larges comme les \u00e9paules d\u2019un seul homme, propices \u00e0 prot\u00e9ger les r\u00e9sistants et \u00e0 \u00e9chapper aux forces arm\u00e9es. Une porte ouverte sur un olivier de 60 ans, symbole de la patrie perdue. Des hommes, des femmes, des enfants, des vieux, que le temps concentre dans l\u2019espace, avec toujours la m\u00eame perspective, celle du retour.<\/div>\n<div style=\"text-align: justify\"><\/div>\n<div style=\"text-align: justify\">Les r\u00e9fugi\u00e9s palestiniens sont avant tout la personnification des lieux dont ils ont \u00e9t\u00e9 chass\u00e9s, lieux qu\u2019ils portent d\u00e9sormais en eux. Apr\u00e8s l\u2019expulsion, la plus urgente des t\u00e2ches\u00a0est de pallier le danger de la dispersion. L\u2019urgence vitale est de r\u00e9tablir en exil, l\u2019unit\u00e9 de lieu dont ils proviennent, l\u2019unit\u00e9 de lieu qui les rattache les uns aux autres. \u00a0Dans les camps de r\u00e9fugi\u00e9s, les villages de Palestine se recr\u00e9ent spontan\u00e9ment. Chaque clan se resserre, chaque communaut\u00e9 se reconstruit pour continuer \u00e0 rendre vivante l\u2019appartenance \u00e0 la terre natale. Les clefs des maisons, qu\u2019ils gardent pr\u00e9cieusement, t\u00e9moignent de la Nakba et attestent de cet attachement qu\u2019ils se transmettent de g\u00e9n\u00e9ration en g\u00e9n\u00e9ration.<\/div>\n<div style=\"text-align: justify\">Apr\u00e8s le regroupement des membres de la patrie en exil au sein des camps, revient aux r\u00e9fugi\u00e9s une seconde t\u00e2che plus politique. \u00a0Il faut imp\u00e9rativement reformer le corps national. De l\u00e0, na\u00eet la R\u00e9sistance, sous toutes ses formes. Elle emprunte divers chemins mais ob\u00e9it aux m\u00eames imp\u00e9ratifs\u00a0: \u00ab\u00a0se rassembler pour rentrer comme rentre un pays, non une multitude d\u2019individus\u00a0\u00bb1 .<\/div>\n<div style=\"text-align: justify\"><\/div>\n<div style=\"text-align: justify\">R\u00e9fugi\u00e9s et r\u00e9sistants, r\u00e9fugi\u00e9s et combattants de la libert\u00e9, un seul et m\u00eame sujet. Un seul verbe, rentrer. Un seul objet, la Palestine.<\/div>\n<div style=\"text-align: justify\"><\/div>\n<div>1 (Elias Sanbar, Figures du Palestinien, 2004).<\/div>\n<div><\/div>\n<div><strong><span style=\"font-size: small\">Comit\u00e9 Action Palestine<\/span><\/strong><\/div>\n<p>&nbsp;<\/p>\n<\/div>\n","protected":false},"excerpt":{"rendered":"<p>le 5\/9\/2012 22:28:52\u00a0(394 lectures) R\u00e9fugi\u00e9s et r\u00e9sistants, r\u00e9fugi\u00e9s et combattants de la libert\u00e9, un seul et m\u00eame sujet. Un seul verbe, rentrer. Un seul objet, la Palestine. \u00ab\u00a0Nous devons tout faire pour nous assurer qu&rsquo;ils (les Palestiniens) ne reviendront jamais. (&#8230;) Les vieux mourront et les jeunes oublieront.\u00a0\u00bb David Ben-Gourion, dans son journal, 18 Juillet [&hellip;]<\/p>\n","protected":false},"author":2,"featured_media":0,"comment_status":"closed","ping_status":"closed","sticky":false,"template":"","format":"standard","meta":{"footnotes":""},"categories":[12],"tags":[],"class_list":["post-1265","post","type-post","status-publish","format-standard","hentry","category-refugies-droit-au-retour"],"views":2433,"_links":{"self":[{"href":"http:\/\/www.comiteactionpalestine.org\/word\/wp-json\/wp\/v2\/posts\/1265","targetHints":{"allow":["GET"]}}],"collection":[{"href":"http:\/\/www.comiteactionpalestine.org\/word\/wp-json\/wp\/v2\/posts"}],"about":[{"href":"http:\/\/www.comiteactionpalestine.org\/word\/wp-json\/wp\/v2\/types\/post"}],"author":[{"embeddable":true,"href":"http:\/\/www.comiteactionpalestine.org\/word\/wp-json\/wp\/v2\/users\/2"}],"replies":[{"embeddable":true,"href":"http:\/\/www.comiteactionpalestine.org\/word\/wp-json\/wp\/v2\/comments?post=1265"}],"version-history":[{"count":2,"href":"http:\/\/www.comiteactionpalestine.org\/word\/wp-json\/wp\/v2\/posts\/1265\/revisions"}],"predecessor-version":[{"id":1275,"href":"http:\/\/www.comiteactionpalestine.org\/word\/wp-json\/wp\/v2\/posts\/1265\/revisions\/1275"}],"wp:attachment":[{"href":"http:\/\/www.comiteactionpalestine.org\/word\/wp-json\/wp\/v2\/media?parent=1265"}],"wp:term":[{"taxonomy":"category","embeddable":true,"href":"http:\/\/www.comiteactionpalestine.org\/word\/wp-json\/wp\/v2\/categories?post=1265"},{"taxonomy":"post_tag","embeddable":true,"href":"http:\/\/www.comiteactionpalestine.org\/word\/wp-json\/wp\/v2\/tags?post=1265"}],"curies":[{"name":"wp","href":"https:\/\/api.w.org\/{rel}","templated":true}]}}