{"id":1244,"date":"2012-11-29T21:20:41","date_gmt":"2012-11-29T20:20:41","guid":{"rendered":"http:\/\/www.comiteactionpalestine.org\/word\/?p=1244"},"modified":"2014-04-18T21:33:56","modified_gmt":"2014-04-18T20:33:56","slug":"le-deni-permanent-du-droit-au-retour","status":"publish","type":"post","link":"http:\/\/www.comiteactionpalestine.org\/word\/le-deni-permanent-du-droit-au-retour\/","title":{"rendered":"Le d\u00e9ni permanent du droit au retour"},"content":{"rendered":"<div class=\"pdfprnt-buttons pdfprnt-buttons-post pdfprnt-top-right\"><a href=\"http:\/\/www.comiteactionpalestine.org\/word\/wp-json\/wp\/v2\/posts\/1244?print=pdf\" class=\"pdfprnt-button pdfprnt-button-pdf\" target=\"_blank\"><img decoding=\"async\" src=\"http:\/\/www.comiteactionpalestine.org\/word\/wp-content\/plugins\/pdf-print\/images\/pdf.png\" alt=\"image_pdf\" title=\"Afficher le PDF\" \/><\/a><a href=\"http:\/\/www.comiteactionpalestine.org\/word\/wp-json\/wp\/v2\/posts\/1244?print=print\" class=\"pdfprnt-button pdfprnt-button-print\" target=\"_blank\"><img decoding=\"async\" src=\"http:\/\/www.comiteactionpalestine.org\/word\/wp-content\/plugins\/pdf-print\/images\/print.png\" alt=\"image_print\" title=\"Contenu imprim\u00e9\" \/><\/a><\/div><table width=\"98%\" cellspacing=\"0\" cellpadding=\"0\">\n<tbody>\n<tr>\n<td class=\"itemInfo\"><span class=\"itemPostDate\" style=\"font-style: italic\">le 29\/11\/2012 8:40:00<\/span>\u00a0(<span class=\"itemStats\" style=\"font-style: italic\">413 lectures<\/span>)<\/td>\n<\/tr>\n<tr>\n<td>\n<div class=\"itemBody\">\n<div style=\"text-align: justify\">Comme l\u2019affirment les sionistes eux-m\u00eames, le retour des r\u00e9fugi\u00e9s palestiniens dans leurs foyers, conform\u00e9ment \u00e0 la R\u00e9solution 194, est antinomique du projet sioniste.<\/div>\n<div style=\"text-align: justify\">Le d\u00e9ni du droit au retour des r\u00e9fugi\u00e9s palestiniens prend donc ses sources dans la nature m\u00eame du sionisme: vider la terre de Palestine de son peuple autochtone pour installer \u00e0 sa place des colons juifs venus d\u2019Europe. Depuis plus de 60 ans, les r\u00e9fugi\u00e9s sont ainsi les t\u00e9moins de l\u2019implantation forc\u00e9e d\u2019un Etat colonial par le biais de l\u2019\u00e9puration ethnique et de la violation constante du droit.<\/div>\n<hr \/>\n<div style=\"text-align: justify\"><em><a href=\"http:\/\/www.comiteactionpalestine.org\/word\/wp-content\/uploads\/2012\/11\/t\u00e9l\u00e9chargement-22.jpg\"><img fetchpriority=\"high\" decoding=\"async\" class=\"alignright size-full wp-image-1239\" src=\"http:\/\/www.comiteactionpalestine.org\/word\/wp-content\/uploads\/2012\/11\/t\u00e9l\u00e9chargement-22.jpg\" alt=\"t\u00e9l\u00e9chargement (22)\" width=\"247\" height=\"204\" \/><\/a>\u00ab\u00a0Les r\u00e9fugi\u00e9s auront le droit de retourner dans leur patrie, la Palestine et de s\u2019y installer. Mais nous voulons \u00eatre clairs sur le fait que nous ne serons jamais d\u2019accord avec le retour des r\u00e9fugi\u00e9s dans les fronti\u00e8res d\u2019Isra\u00ebl, pour la raison qu\u2019un tel retour signifierait la disparition de l\u2019Etat d\u2019Isra\u00ebl.\u00a0\u00bb\u00a0Mouvement de la\u00a0\u00ab\u00a0 paix\u00a0\u00bb de l\u2019entit\u00e9 coloniale.\u00a0<\/em><\/div>\n<div style=\"text-align: justify\"><\/div>\n<div style=\"text-align: justify\">Comme l\u2019affirment les sionistes eux-m\u00eames, le retour des r\u00e9fugi\u00e9s palestiniens dans leurs foyers, conform\u00e9ment \u00e0 la R\u00e9solution 194, est antinomique du projet sioniste.<\/div>\n<div style=\"text-align: justify\"><\/div>\n<div style=\"text-align: justify\">Le d\u00e9ni du droit au retour des r\u00e9fugi\u00e9s palestiniens prend donc ses sources dans la nature m\u00eame du sionisme: vider la terre de Palestine de son peuple autochtone pour installer \u00e0 sa place des colons juifs venus d\u2019Europe. Depuis plus de 60 ans, les r\u00e9fugi\u00e9s sont ainsi les t\u00e9moins de l\u2019implantation forc\u00e9e d\u2019un Etat colonial par le biais de l\u2019\u00e9puration ethnique et de la violation constante du droit.<\/div>\n<div style=\"text-align: justify\"><\/div>\n<div style=\"text-align: justify\">Par le coup de force de 1948, les sionistes, avec le soutien des britanniques, s\u2019appuient sur la r\u00e9solution 181 de l\u2019ONU et cr\u00e9ent l\u2019Etat d\u2019Isra\u00ebl en massacrant et en expulsant une grande partie de la population. Puis ils s\u2019empressent de mettre en place des lois coloniales pour organiser le vol des terres et des biens palestiniens et ainsi emp\u00eacher tout retour des r\u00e9fugi\u00e9s : 1949, loi sur les terres non cultiv\u00e9es; 1950, loi\u00a0 sur la propri\u00e9t\u00e9 des Absents et loi d\u2019urgence accaparant les terres pour des \u00ab raisons dites de\u00a0 s\u00e9curit\u00e9 \u00bb ; 1953, interdiction de retour des Palestiniens en m\u00eame temps que la loi de juda\u00efsation qui donne la nationalit\u00e9 isra\u00e9lienne \u00e0 tout juif immigrant en Isra\u00ebl.<\/div>\n<div style=\"text-align: justify\"><\/div>\n<div style=\"text-align: justify\">Depuis 1948, l\u2019entit\u00e9 sioniste a non seulement falsifi\u00e9 les faits en niant l\u2019expulsion des Palestiniens, les massacres et les crimes commis, mais aussi le principe du Droit au Retour et son application.\u00a0 Ainsi, lors des grandes phases de n\u00e9gociations, Isra\u00ebl, avec l\u2019appui occidental, a impos\u00e9 sa vision sioniste en s\u2019arrangeant toujours pour mettre de c\u00f4t\u00e9 la question des r\u00e9fugi\u00e9s et de leur droit au retour. En 1993, les accords d\u2019Oslo ne font aucune r\u00e9f\u00e9rence \u00e0 la r\u00e9solution 194 et le r\u00e8glement de la question des r\u00e9fugi\u00e9s est repouss\u00e9 aux n\u00e9gociations sur le \u00ab\u00a0statut final \u00bb.\u00a0 N\u2019ayant jamais vraiment consid\u00e9r\u00e9 le Droit au retour comme une priorit\u00e9 de leur agenda politique, les n\u00e9gociateurs palestiniens ont, en signant ces accords, abandonn\u00e9 les r\u00e9fugi\u00e9s et leur droit \u00e0 l\u2019autod\u00e9termination. Depuis 20 ans, l\u2019Autorit\u00e9 Palestinienne qui n\u00e9gocie ill\u00e9gitimement au nom du peuple palestinien, collabore pleinement au projet sioniste et poursuit cette entreprise de liquidation du Droit au Retour. La d\u00e9marche actuelle qui vise \u00e0 faire reconna\u00eetre un Etat palestinien par l\u2019ONU constitue une ultime menace extr\u00eamement s\u00e9rieuse\u00a0 pour les r\u00e9fugi\u00e9s et l\u2019exercice du Droit au Retour.<\/div>\n<div style=\"text-align: justify\"><\/div>\n<div style=\"text-align: justify\">Les droits inali\u00e9nables du peuple palestinien \u00e0 l\u2019autod\u00e9termination ne peuvent s\u2019exercer qu\u2019en Palestine : c\u2019est pourquoi les Palestiniens ne renonceront pas\u00a0 au droit au retour car il constitue la condition indispensable de l\u2019autod\u00e9termination, de l\u2019ind\u00e9pendance et de la souverainet\u00e9 nationale.<\/div>\n<div style=\"text-align: justify\"><\/div>\n<div><strong><span style=\"font-size: small\">Comit\u00e9 Action Palestine<\/span><\/strong><\/div>\n<p>&nbsp;<\/p>\n<\/div>\n<\/td>\n<\/tr>\n<tr>\n<td class=\"itemFoot\"><\/td>\n<\/tr>\n<\/tbody>\n<\/table>\n","protected":false},"excerpt":{"rendered":"<p>le 29\/11\/2012 8:40:00\u00a0(413 lectures) Comme l\u2019affirment les sionistes eux-m\u00eames, le retour des r\u00e9fugi\u00e9s palestiniens dans leurs foyers, conform\u00e9ment \u00e0 la R\u00e9solution 194, est antinomique du projet sioniste. Le d\u00e9ni du droit au retour des r\u00e9fugi\u00e9s palestiniens prend donc ses sources dans la nature m\u00eame du sionisme: vider la terre de Palestine de son peuple autochtone [&hellip;]<\/p>\n","protected":false},"author":2,"featured_media":0,"comment_status":"closed","ping_status":"closed","sticky":false,"template":"","format":"standard","meta":{"footnotes":""},"categories":[12],"tags":[],"class_list":["post-1244","post","type-post","status-publish","format-standard","hentry","category-refugies-droit-au-retour"],"views":2493,"_links":{"self":[{"href":"http:\/\/www.comiteactionpalestine.org\/word\/wp-json\/wp\/v2\/posts\/1244","targetHints":{"allow":["GET"]}}],"collection":[{"href":"http:\/\/www.comiteactionpalestine.org\/word\/wp-json\/wp\/v2\/posts"}],"about":[{"href":"http:\/\/www.comiteactionpalestine.org\/word\/wp-json\/wp\/v2\/types\/post"}],"author":[{"embeddable":true,"href":"http:\/\/www.comiteactionpalestine.org\/word\/wp-json\/wp\/v2\/users\/2"}],"replies":[{"embeddable":true,"href":"http:\/\/www.comiteactionpalestine.org\/word\/wp-json\/wp\/v2\/comments?post=1244"}],"version-history":[{"count":2,"href":"http:\/\/www.comiteactionpalestine.org\/word\/wp-json\/wp\/v2\/posts\/1244\/revisions"}],"predecessor-version":[{"id":1251,"href":"http:\/\/www.comiteactionpalestine.org\/word\/wp-json\/wp\/v2\/posts\/1244\/revisions\/1251"}],"wp:attachment":[{"href":"http:\/\/www.comiteactionpalestine.org\/word\/wp-json\/wp\/v2\/media?parent=1244"}],"wp:term":[{"taxonomy":"category","embeddable":true,"href":"http:\/\/www.comiteactionpalestine.org\/word\/wp-json\/wp\/v2\/categories?post=1244"},{"taxonomy":"post_tag","embeddable":true,"href":"http:\/\/www.comiteactionpalestine.org\/word\/wp-json\/wp\/v2\/tags?post=1244"}],"curies":[{"name":"wp","href":"https:\/\/api.w.org\/{rel}","templated":true}]}}