{"id":1188,"date":"2009-01-07T09:17:43","date_gmt":"2009-01-07T08:17:43","guid":{"rendered":"http:\/\/www.comiteactionpalestine.org\/word\/?p=1188"},"modified":"2014-04-21T14:56:34","modified_gmt":"2014-04-21T13:56:34","slug":"suite-a-la-manifestation-du-03-01-09-le-cap-denonce-les-tentatives-de-mystification","status":"publish","type":"post","link":"http:\/\/www.comiteactionpalestine.org\/word\/suite-a-la-manifestation-du-03-01-09-le-cap-denonce-les-tentatives-de-mystification\/","title":{"rendered":"Suite \u00e0 la Manifestation du 03.01.09 : le CAP d\u00e9nonce les tentatives de mystification"},"content":{"rendered":"<div class=\"pdfprnt-buttons pdfprnt-buttons-post pdfprnt-top-right\"><a href=\"http:\/\/www.comiteactionpalestine.org\/word\/wp-json\/wp\/v2\/posts\/1188?print=pdf\" class=\"pdfprnt-button pdfprnt-button-pdf\" target=\"_blank\"><img decoding=\"async\" src=\"http:\/\/www.comiteactionpalestine.org\/word\/wp-content\/plugins\/pdf-print\/images\/pdf.png\" alt=\"image_pdf\" title=\"Afficher le PDF\" \/><\/a><a href=\"http:\/\/www.comiteactionpalestine.org\/word\/wp-json\/wp\/v2\/posts\/1188?print=print\" class=\"pdfprnt-button pdfprnt-button-print\" target=\"_blank\"><img decoding=\"async\" src=\"http:\/\/www.comiteactionpalestine.org\/word\/wp-content\/plugins\/pdf-print\/images\/print.png\" alt=\"image_print\" title=\"Contenu imprim\u00e9\" \/><\/a><\/div><p>Nous reprenons ici l\u2019article paru ce Mardi 06.01.09 dans Sud-Ouest.<a href=\"http:\/\/www.comiteactionpalestine.org\/word\/wp-content\/uploads\/2009\/01\/img49640718431511.jpg\"><img decoding=\"async\" class=\"wp-image-1306 alignright\" src=\"http:\/\/www.comiteactionpalestine.org\/word\/wp-content\/uploads\/2009\/01\/img49640718431511.jpg\" alt=\"img4964071843151[1]\" width=\"226\" height=\"187\" \/><\/a><\/p>\n<p><strong>L<\/strong><strong>e Comit\u00e9 Action Palestine d\u00e9nonce avec force la tentative de Palestine 33 d&rsquo;accuser implicitement les manifestants d&rsquo;antis\u00e9mitisme. <\/strong>En proc\u00e9dant de la sorte, Palestine 33 fait une alliance objective avec le CRIF dont les<\/p>\n<p>accusations d&rsquo;antis\u00e9mitisme r\u00e9p\u00e9t\u00e9es ont pour fonction de d\u00e9cr\u00e9dibiliser les mouvements de soutien \u00e0 la r\u00e9sistance du peuple palestinien.<\/p>\n<p style=\"text-align: justify;\">Le Comit\u00e9 Action Palestine continuera \u00e0 apporter un soutien inconditionnel \u00e0 la r\u00e9sistance du peuple palestinien contre la tentative d\u2019\u00e9puration ethnique commenc\u00e9e il y a 60 ans par l\u2019Etat sioniste.<\/p>\n<p>&nbsp;<\/p>\n<p><strong>Reprise d\u2019article :<\/strong><\/p>\n<p style=\"text-align: justify;\">Mardi 06 Janvier 2009<\/p>\n<p style=\"text-align: justify;\">HIER SOIR. Palestine 33 et le Comit\u00e9 action Palestine se sont mobilis\u00e9s s\u00e9par\u00e9ment contre l&rsquo;offensive militaire \u00e0 Gaza<\/p>\n<div style=\"text-align: justify;\"><strong>Divergences chez les pro-Palestiniens<\/strong><\/div>\n<div style=\"text-align: justify;\">Deux rassemblements ont eu lieu hier \u00e0 la m\u00eame heure (18 h 30), avec le m\u00eame nombre de participants (une soixantaine de personnes), autour des m\u00eames mots d&rsquo;ordre (arr\u00eat de l&rsquo;op\u00e9ration militaire isra\u00e9lienne \u00e0 Gaza et lev\u00e9e du blocus)&#8230; mais \u00e0 un kilom\u00e8tre d&rsquo;\u00e9cart.<\/div>\n<p style=\"text-align: justify;\">Palestine 33 et ses partisans s&rsquo;\u00e9taient donn\u00e9 rendez-vous place Jean-Moulin, tandis que le CAP 33, Comit\u00e9 action Palestine, se mobilisait place de la Victoire.<\/p>\n<div style=\"text-align: justify;\">\u00a0<strong>Fin de manif en commun<\/strong><\/div>\n<p style=\"text-align: justify;\">Les deux groupes ont pourtant march\u00e9 ensemble samedi dernier, mais ce ne fut pas sans crispation. \u00ab Le CAP 33 avait le premier d\u00e9pos\u00e9 une demande pour partir de la Victoire, nous nous sommes align\u00e9s sur cette d\u00e9marche, mais au retour de la manif, plusieurs d&rsquo;entre nous se sont dits g\u00ean\u00e9s d&rsquo;avoir entendu certaines choses, certains amalgames dans le cort\u00e8ge \u00bb, confiaient hier des membres de Palestine 33.<\/p>\n<div style=\"text-align: justify;\">Ces derniers ont insist\u00e9 plusieurs fois, hier soir, sur la \u00ab solution des deux \u00c9tats \u00bb, et se sont gard\u00e9s d&rsquo;apporter un soutien direct au Hamas. \u00ab Un mort civil, qu&rsquo;il soit arabe ou juif, est toujours un mort de trop ! Notre r\u00e9volte vient du fait qu&rsquo;en cinq jours, il y a eu 4 morts d&rsquo;un c\u00f4t\u00e9 et 500 morts de l&rsquo;autre \u00bb notait, place Jean-Moulin, Samia Malli\u00e9, l&rsquo;une des responsables de Palestine 33.<\/div>\n<p style=\"text-align: justify;\">Changement de ton place de la Victoire, du c\u00f4t\u00e9 de CAP 33. Les militants souvent jeunes de cette association non moins jeune (puisque n\u00e9e d&rsquo;une scission en 2004 avec&#8230; Palestine 33) disent soutenir \u00ab la r\u00e9sistance sous toutes ses formes \u00bb (donc y compris le Hamas) et \u00ab le droit des Palestiniens \u00e0 s&rsquo;auto-d\u00e9terminer \u00bb.<\/p>\n<div style=\"text-align: justify;\">Quid de l&rsquo;\u00c9tat d&rsquo;Isra\u00ebl ? Pas de r\u00e9ponse pr\u00e9cise hier soir. Mais sur son site, Cap 33, appelle \u00e0 la \u00ab lib\u00e9ration de la Palestine\u00bb.<\/div>\n<p style=\"text-align: justify;\">Tout en reconnaissant de \u00abnettes diff\u00e9rences d&rsquo;approche \u00bb, les deux groupes ont fini par converger dans la soir\u00e9e, peu apr\u00e8s 19 h 30. Ils envisagent une \u00ab manifestation unitaire \u00bb samedi prochain.<\/p>\n<p style=\"text-align: justify;\">Auteur : Julien Rousset<\/p>\n<div style=\"text-align: justify;\">\u00a0Lien : <a href=\"http:\/\/www.sudouest.com\/gironde\/actualite\/bordeaux\/article\/464509\/mil\/3998747.html\" target=\"_blank\">http:\/\/www.sudouest.com\/gironde\/actualite\/bordeaux\/article\/464509\/mil\/3998747.html<\/a><\/div>\n","protected":false},"excerpt":{"rendered":"<p>Nous reprenons ici l\u2019article paru ce Mardi 06.01.09 dans Sud-Ouest. Le Comit\u00e9 Action Palestine d\u00e9nonce avec force la tentative de Palestine 33 d&rsquo;accuser implicitement les manifestants d&rsquo;antis\u00e9mitisme. En proc\u00e9dant de la sorte, Palestine 33 fait une alliance objective avec le CRIF dont les accusations d&rsquo;antis\u00e9mitisme r\u00e9p\u00e9t\u00e9es ont pour fonction de d\u00e9cr\u00e9dibiliser les mouvements de soutien [&hellip;]<\/p>\n","protected":false},"author":1,"featured_media":1559,"comment_status":"closed","ping_status":"closed","sticky":false,"template":"","format":"standard","meta":{"footnotes":""},"categories":[13],"tags":[],"class_list":["post-1188","post","type-post","status-publish","format-standard","has-post-thumbnail","hentry","category-imperialisme-resistances"],"views":2196,"_links":{"self":[{"href":"http:\/\/www.comiteactionpalestine.org\/word\/wp-json\/wp\/v2\/posts\/1188","targetHints":{"allow":["GET"]}}],"collection":[{"href":"http:\/\/www.comiteactionpalestine.org\/word\/wp-json\/wp\/v2\/posts"}],"about":[{"href":"http:\/\/www.comiteactionpalestine.org\/word\/wp-json\/wp\/v2\/types\/post"}],"author":[{"embeddable":true,"href":"http:\/\/www.comiteactionpalestine.org\/word\/wp-json\/wp\/v2\/users\/1"}],"replies":[{"embeddable":true,"href":"http:\/\/www.comiteactionpalestine.org\/word\/wp-json\/wp\/v2\/comments?post=1188"}],"version-history":[{"count":3,"href":"http:\/\/www.comiteactionpalestine.org\/word\/wp-json\/wp\/v2\/posts\/1188\/revisions"}],"predecessor-version":[{"id":1307,"href":"http:\/\/www.comiteactionpalestine.org\/word\/wp-json\/wp\/v2\/posts\/1188\/revisions\/1307"}],"wp:featuredmedia":[{"embeddable":true,"href":"http:\/\/www.comiteactionpalestine.org\/word\/wp-json\/wp\/v2\/media\/1559"}],"wp:attachment":[{"href":"http:\/\/www.comiteactionpalestine.org\/word\/wp-json\/wp\/v2\/media?parent=1188"}],"wp:term":[{"taxonomy":"category","embeddable":true,"href":"http:\/\/www.comiteactionpalestine.org\/word\/wp-json\/wp\/v2\/categories?post=1188"},{"taxonomy":"post_tag","embeddable":true,"href":"http:\/\/www.comiteactionpalestine.org\/word\/wp-json\/wp\/v2\/tags?post=1188"}],"curies":[{"name":"wp","href":"https:\/\/api.w.org\/{rel}","templated":true}]}}