{"id":1148,"date":"2006-02-26T21:27:36","date_gmt":"2006-02-26T20:27:36","guid":{"rendered":"http:\/\/www.comiteactionpalestine.org\/word\/?p=1148"},"modified":"2014-04-17T21:41:40","modified_gmt":"2014-04-17T20:41:40","slug":"plans-de-paix-ou-plan-depuration-ethnique","status":"publish","type":"post","link":"http:\/\/www.comiteactionpalestine.org\/word\/plans-de-paix-ou-plan-depuration-ethnique\/","title":{"rendered":"Plans de paix ou plan d&rsquo;\u00e9puration ethnique ?"},"content":{"rendered":"<div class=\"pdfprnt-buttons pdfprnt-buttons-post pdfprnt-top-right\"><a href=\"http:\/\/www.comiteactionpalestine.org\/word\/wp-json\/wp\/v2\/posts\/1148?print=pdf\" class=\"pdfprnt-button pdfprnt-button-pdf\" target=\"_blank\"><img decoding=\"async\" src=\"http:\/\/www.comiteactionpalestine.org\/word\/wp-content\/plugins\/pdf-print\/images\/pdf.png\" alt=\"image_pdf\" title=\"Afficher le PDF\" \/><\/a><a href=\"http:\/\/www.comiteactionpalestine.org\/word\/wp-json\/wp\/v2\/posts\/1148?print=print\" class=\"pdfprnt-button pdfprnt-button-print\" target=\"_blank\"><img decoding=\"async\" src=\"http:\/\/www.comiteactionpalestine.org\/word\/wp-content\/plugins\/pdf-print\/images\/print.png\" alt=\"image_print\" title=\"Contenu imprim\u00e9\" \/><\/a><\/div><div style=\"color: #464646\">\n<table class=\"item\" style=\"color: #0d0d0d\" cellspacing=\"0\" cellpadding=\"0\">\n<tbody>\n<tr>\n<td>\n<table width=\"98%\" cellspacing=\"0\" cellpadding=\"0\">\n<tbody>\n<tr>\n<td class=\"itemInfo\"><span class=\"itemPostDate\" style=\"font-style: italic\">le 26\/2\/2006 11:00:00<\/span>\u00a0(<span class=\"itemStats\" style=\"font-style: italic\">1974 lectures<\/span>)<\/td>\n<\/tr>\n<tr>\n<td>\n<div class=\"itemBody\">\n<p class=\"itemText\">\n<p style=\"text-align: justify\" align=\"justify\">Tract de Mars 2005 publi\u00e9 \u00e0 l&rsquo;occasion de la \u00ab\u00a0journ\u00e9e de la terre\u00a0\u00bb qui fait le point sur la politique d&rsquo;\u00e9puration ethnique conduite par Isra\u00ebl, l&rsquo;objectif de d\u00e9ment\u00e8lement de la r\u00e9sistance cach\u00e9 sur tous les accords dits de paix.<\/p>\n<p><em>Le 30 mars 1976, six Palestiniens vivant en Isra\u00ebl \u00e9taient abattus par l\u2019arm\u00e9e d\u2019occupation de cet Etat et une centaine d\u2019autres \u00e9taient arr\u00eat\u00e9s. Leur crime ? Avoir manifest\u00e9 contre l\u2019\u00c9tat sioniste qui avait confisqu\u00e9 et d\u00e9clar\u00e9 \u201c zone militaire \u201d mille sept cents hectares appartenant \u00e0 des villages palestiniens. Depuis, tous les 30 mars, la \u201c Journ\u00e9e de la Terre\u201d comm\u00e9more cet \u00e9v\u00e9nement partout dans le monde o\u00f9 se trouvent les d\u00e9fenseurs des droits du peuple palestinien.<\/em><\/p>\n<p style=\"text-align: justify\" align=\"justify\">\n<p><a href=\"http:\/\/www.comiteactionpalestine.org\/word\/wp-content\/uploads\/2014\/04\/t\u00e9l\u00e9chargement-20.jpg\"><img fetchpriority=\"high\" decoding=\"async\" class=\"alignright size-full wp-image-1152\" src=\"http:\/\/www.comiteactionpalestine.org\/word\/wp-content\/uploads\/2014\/04\/t\u00e9l\u00e9chargement-20.jpg\" alt=\"t\u00e9l\u00e9chargement (20)\" width=\"259\" height=\"194\" srcset=\"http:\/\/www.comiteactionpalestine.org\/word\/wp-content\/uploads\/2014\/04\/t\u00e9l\u00e9chargement-20.jpg 259w, http:\/\/www.comiteactionpalestine.org\/word\/wp-content\/uploads\/2014\/04\/t\u00e9l\u00e9chargement-20-80x60.jpg 80w\" sizes=\"(max-width: 259px) 100vw, 259px\" \/><\/a>A l\u2019occasion de cette journ\u00e9e\u00a0<strong>nous d\u00e9non\u00e7ons le jumelage de Bordeaux avec la ville isra\u00e9lienne d\u2019Ashdod<\/strong>, construite en lieu et place du village palestinien d\u2019Isdoud (5000 habitants). Ce village a \u00e9t\u00e9 bombard\u00e9 massivement les 2 et 3 juin 1948 par les forces militaires juives, enti\u00e8rement d\u00e9truit. L\u2019ensemble de sa population arabe a \u00e9t\u00e9 expuls\u00e9e. Ashdod est jumel\u00e9e depuis 20 ans avec Bordeaux et une rame de tramway porte son nom.<\/p>\n<p><strong><span style=\"text-decoration: underline\">Assez de mensonges : Isra\u00ebl poursuit l&rsquo;\u00e9puration ethnique\u00a0<\/span><\/strong><\/p>\n<p>En Palestine, la politique de colonisation et d&rsquo;\u00e9puration ethnique, commenc\u00e9e \u00e0 la fin du 19\u00e8me si\u00e8cle, s&rsquo;est acc\u00e9l\u00e9r\u00e9e en 1948 avec la cr\u00e9ation de l&rsquo;\u00e9tat d&rsquo;Isra\u00ebl (Nakba: la Catastrophe pour les Palestiniens). Elle a entra\u00een\u00e9 entre 1947 et 1949 la destruction de plus de 400 villages palestiniens, de nombreux massacres dont le plus connu est celui de Deir Yassine (15 avril 1948, 250 habitants massacr\u00e9s) et l&rsquo;expulsion de 800 000 Palestiniens, toujours r\u00e9fugi\u00e9s dans les pays limitrophes et dans les territoires palestiniens occup\u00e9s.<\/p>\n<p>Depuis, cette politique d&rsquo;extermination et de spoliation n&rsquo;a jamais cess\u00e9 et se v\u00e9rifie avec les massacres de Qibia en 1953, l\u2019occupation de Gaza et de la Cisjordanie en 1967, l&rsquo;annexion pure et simple de J\u00e9rusalem Est et du Golan syrien, les crimes contre l\u2019humanit\u00e9 dans les camps palestiniens au Liban en 1982. Depuis septembre 2000 et le d\u00e9but de la seconde Intifada, 3592 palestiniens ont d\u00e9j\u00e0 perdu la vie. La barbarie a culmin\u00e9 avec les tueries \u00e0 J\u00e9nine en avril 2002, \u00e0 Rafah en mai 2004 (75 morts dont 25 enfants) et \u00e0 Jabalya en octobre 2004 (120 morts dont 34 enfants); la construction du Mur de l&rsquo;Apartheid parachevant le vol de la terre palestinienne. En Isra\u00ebl m\u00eame, la population arabe est discrimin\u00e9e et des b\u00e9douins du Naqab sont r\u00e9guli\u00e8rement expuls\u00e9s de leurs terres.<\/p>\n<p><strong>Face \u00e0 cette entreprise de destruction de leur peuple, les Palestiniens n&rsquo;ont d&rsquo;autres choix que la r\u00e9sistance.<\/strong><br \/>\nD\u00e9manteler cette r\u00e9sistance est en fait le premier objectif de tous les accords, sommets et propositions de \u00ab\u00a0paix\u00a0\u00bb mis en \u0153uvre depuis plus de 10 ans.<\/p>\n<p>Ces pseudo accords de paix ne servent qu\u2019\u00e0 masquer la poursuite de la colonisation. La signature des accords d\u2019Oslo en 1993 n\u2019a pas emp\u00each\u00e9 l\u2019Etat th\u00e9ocratique et raciste d\u2019Isra\u00ebl d\u2019implanter 200 000 colons suppl\u00e9mentaires en Cisjordanie. Le plan Sharon de d\u00e9sengagement de Gaza poursuit le m\u00eame objectif. Il consiste \u00e0 \u00e9vacuer 7000 colons de Gaza tout en gardant un contr\u00f4le sur l\u2019ensemble des fronti\u00e8res et sur l\u2019espace a\u00e9rien. En m\u00eame temps, il envisage l\u2019intensification de la colonisation en Cisjordanie o\u00f9 vivent d\u00e9j\u00e0 500 000 colons.<\/p>\n<p>De la m\u00eame mani\u00e8re, le sommet de Sharm-el-Sheikh n\u2019a entra\u00een\u00e9 aucune concession de la part des dirigeants sionistes qui tentent de passer pour des hommes de paix. Bien plus, ce sommet a permis de conf\u00e9rer une caution internationale au d\u00e9mant\u00e8lement de la r\u00e9sistance, avec l&rsquo;assentiment de l&rsquo;Autorit\u00e9 Palestinienne. Pendant ce temps, la confiscation de terres, la construction du Mur de l&rsquo;Apartheid, les d\u00e9molitions de maisons, les arrestations et les assassinats se poursuivent dans un silence m\u00e9diatique assourdissant.<\/p>\n<p>Aucun de ces plans de \u00ab paix \u00bb n\u2019aborde les questions fondamentales. Celle des r\u00e9fugi\u00e9s palestiniens, qui attendent depuis plus de 56 ans de rentrer chez eux, souvent dans le d\u00e9nuement le plus total, constitue le plus grand crime de l\u2019Etat sioniste. Chass\u00e9s de leurs terres et ni\u00e9s de tous, les r\u00e9fugi\u00e9s (70% du peuple palestinien) ne disposent d\u2019aucun moyen pour faire respecter leurs droits. Par exemple, aucun d\u2019entre eux n\u2019a pu et ne pourra participer au processus \u00e9lectoral en cours dans les territoires occup\u00e9s, dont pourtant tout le monde se f\u00e9licite.<\/p>\n<p><a href=\"http:\/\/www.comiteactionpalestine.org\/word\/wp-content\/uploads\/2014\/04\/t\u00e9l\u00e9chargement-19.jpg\"><img decoding=\"async\" class=\"alignright size-full wp-image-1150\" src=\"http:\/\/www.comiteactionpalestine.org\/word\/wp-content\/uploads\/2014\/04\/t\u00e9l\u00e9chargement-19.jpg\" alt=\"t\u00e9l\u00e9chargement (19)\" width=\"340\" height=\"148\" \/><\/a>Spolier la terre palestinienne, r\u00e9primer dans le sang, emprisonner et torturer les r\u00e9sistants, faire semblant de n\u00e9gocier pour gagner du temps et poursuivre l\u2019\u00e9puration ethnique avec la b\u00e9n\u00e9diction et le soutien des E.U, de l\u2019Europe, de la France et des r\u00e9gimes arabes, b\u00e2illonner tout soutien au peuple palestinien par un chantage permanent \u00e0 l\u2019antis\u00e9mitisme, telle est la r\u00e9alit\u00e9 de la politique sioniste.<\/p>\n<p>Cette politique d\u2019an\u00e9antissement s\u2019inscrit dans un plan plus vaste de domination du monde qui passe notamment par l\u2019assujettissement des peuples du tiers-monde et en particulier ceux du Moyen-orient. Apr\u00e8s le bombardement, l\u2019invasion et l\u2019occupation militaire de l\u2019Irak et de l\u2019Afghanistan les pressions s\u2019intensifient sur la Syrie, la r\u00e9sistance libanaise et l\u2019Iran. Pour les E.U et ses alli\u00e9s, Isra\u00ebl doit \u00eatre le seul Etat structur\u00e9 et militaris\u00e9 de la r\u00e9gion.<\/p>\n<p>Plus que jamais nous devons soutenir la lutte du Peuple Palestinien jusqu\u2019\u00e0 la victoire de la r\u00e9sistance et la satisfaction des revendications l\u00e9gitimes :<br \/>\n&#8211; La fin de l\u2019occupation et le droit \u00e0 l\u2019autod\u00e9termination<br \/>\n&#8211; Le droit au retour des r\u00e9fugi\u00e9s palestiniens chez eux<br \/>\n&#8211; La lib\u00e9ration de tous les prisonniers palestiniens<br \/>\n&#8211; L\u2019\u00e9galit\u00e9 des droits des Palestiniens de 1948.<\/p>\n<p style=\"text-align: justify\">\n<\/div>\n<\/td>\n<\/tr>\n<tr>\n<td class=\"itemFoot\"><\/td>\n<\/tr>\n<\/tbody>\n<\/table>\n<\/td>\n<\/tr>\n<\/tbody>\n<\/table>\n<\/div>\n","protected":false},"excerpt":{"rendered":"<p>le 26\/2\/2006 11:00:00\u00a0(1974 lectures) Tract de Mars 2005 publi\u00e9 \u00e0 l&rsquo;occasion de la \u00ab\u00a0journ\u00e9e de la terre\u00a0\u00bb qui fait le point sur la politique d&rsquo;\u00e9puration ethnique conduite par Isra\u00ebl, l&rsquo;objectif de d\u00e9ment\u00e8lement de la r\u00e9sistance cach\u00e9 sur tous les accords dits de paix. Le 30 mars 1976, six Palestiniens vivant en Isra\u00ebl \u00e9taient abattus par [&hellip;]<\/p>\n","protected":false},"author":2,"featured_media":1149,"comment_status":"closed","ping_status":"closed","sticky":false,"template":"","format":"standard","meta":{"footnotes":""},"categories":[8],"tags":[],"class_list":["post-1148","post","type-post","status-publish","format-standard","has-post-thumbnail","hentry","category-colonialisme-sioniste-actuel"],"views":2277,"_links":{"self":[{"href":"http:\/\/www.comiteactionpalestine.org\/word\/wp-json\/wp\/v2\/posts\/1148","targetHints":{"allow":["GET"]}}],"collection":[{"href":"http:\/\/www.comiteactionpalestine.org\/word\/wp-json\/wp\/v2\/posts"}],"about":[{"href":"http:\/\/www.comiteactionpalestine.org\/word\/wp-json\/wp\/v2\/types\/post"}],"author":[{"embeddable":true,"href":"http:\/\/www.comiteactionpalestine.org\/word\/wp-json\/wp\/v2\/users\/2"}],"replies":[{"embeddable":true,"href":"http:\/\/www.comiteactionpalestine.org\/word\/wp-json\/wp\/v2\/comments?post=1148"}],"version-history":[{"count":1,"href":"http:\/\/www.comiteactionpalestine.org\/word\/wp-json\/wp\/v2\/posts\/1148\/revisions"}],"predecessor-version":[{"id":1153,"href":"http:\/\/www.comiteactionpalestine.org\/word\/wp-json\/wp\/v2\/posts\/1148\/revisions\/1153"}],"wp:featuredmedia":[{"embeddable":true,"href":"http:\/\/www.comiteactionpalestine.org\/word\/wp-json\/wp\/v2\/media\/1149"}],"wp:attachment":[{"href":"http:\/\/www.comiteactionpalestine.org\/word\/wp-json\/wp\/v2\/media?parent=1148"}],"wp:term":[{"taxonomy":"category","embeddable":true,"href":"http:\/\/www.comiteactionpalestine.org\/word\/wp-json\/wp\/v2\/categories?post=1148"},{"taxonomy":"post_tag","embeddable":true,"href":"http:\/\/www.comiteactionpalestine.org\/word\/wp-json\/wp\/v2\/tags?post=1148"}],"curies":[{"name":"wp","href":"https:\/\/api.w.org\/{rel}","templated":true}]}}