{"id":1034,"date":"2008-12-29T21:35:14","date_gmt":"2008-12-29T20:35:14","guid":{"rendered":"http:\/\/www.comiteactionpalestine.org\/word\/?p=1034"},"modified":"2014-04-17T22:33:08","modified_gmt":"2014-04-17T21:33:08","slug":"carnage-a-gaza-la-barbarie-israelienne-a-letat-pur","status":"publish","type":"post","link":"http:\/\/www.comiteactionpalestine.org\/word\/carnage-a-gaza-la-barbarie-israelienne-a-letat-pur\/","title":{"rendered":"Carnage \u00e0 Gaza : la barbarie israelienne \u00e0 l&rsquo;\u00e9tat pur"},"content":{"rendered":"<div class=\"pdfprnt-buttons pdfprnt-buttons-post pdfprnt-top-right\"><a href=\"http:\/\/www.comiteactionpalestine.org\/word\/wp-json\/wp\/v2\/posts\/1034?print=pdf\" class=\"pdfprnt-button pdfprnt-button-pdf\" target=\"_blank\"><img decoding=\"async\" src=\"http:\/\/www.comiteactionpalestine.org\/word\/wp-content\/plugins\/pdf-print\/images\/pdf.png\" alt=\"image_pdf\" title=\"Afficher le PDF\" \/><\/a><a href=\"http:\/\/www.comiteactionpalestine.org\/word\/wp-json\/wp\/v2\/posts\/1034?print=print\" class=\"pdfprnt-button pdfprnt-button-print\" target=\"_blank\"><img decoding=\"async\" src=\"http:\/\/www.comiteactionpalestine.org\/word\/wp-content\/plugins\/pdf-print\/images\/print.png\" alt=\"image_print\" title=\"Contenu imprim\u00e9\" \/><\/a><\/div><table width=\"98%\" cellspacing=\"0\" cellpadding=\"0\">\n<tbody>\n<tr>\n<td>le 29\/12\/2008 2:50:00\u00a0(895 lectures)<\/td>\n<\/tr>\n<tr>\n<td>\n<div>\n<p>&nbsp;<\/p>\n<div><span style=\"color: #000000;font-size: xx-small\"><strong><img decoding=\"async\" src=\"http:\/\/www.comiteactionpalestine.org\/uploads\/img491deff9cf381.jpg\" alt=\"\u00a0\" align=\"right\" \/><\/strong>Le Comit\u00e9 Action Palestine vous appelle \u00e0 un rassemblement pour d\u00e9noncer l\u2019odieux massacre et soutenir la r\u00e9sistance du peuple palestinien\u00a0:<\/span><\/p>\n<p><span style=\"color: #000000\">LE LUNDI 29 DECEMBRE A 18H00 DEVANT LA MAIRIE DE BORDEAUX.<\/span><\/div>\n<hr \/>\n<p align=\"justify\">Le Comit\u00e9 Action Palestine a toujours d\u00e9fini l&rsquo;\u00e9tat isra\u00e9lien comme un \u00e9tat programm\u00e9 pour la destruction du peuple palestinien. Les derniers massacres {des centaines de morts} perp\u00e9tr\u00e9s \u00e0 Gaza depuis le samedi 27 d\u00e9cembre le confirment.\u00a0<strong>Cet Etat n\u2019a d\u2019autre objectif que l\u2019\u00e9puration ethnique et la guerre contre tous les peuples du Moyen-Orient<\/strong>. Une politique de crimes de masse et d\u2019expulsions, d\u2019assassinats \u00ab\u00a0cibl\u00e9s\u00a0\u00bb et d\u2019emprisonnement des r\u00e9sistants.<\/p>\n<p align=\"justify\">Cet Etat sanguinaire a une imagination in\u00e9puisable en cette mati\u00e8re. En effet, depuis 18 mois il a impos\u00e9 un blocus \u00e0 Gaza pour affamer la population palestinienne. L\u2019objectif \u00e9tait de mettre \u00e0 genoux Gaza la rebelle. Mais ce blocus a constitu\u00e9 un \u00e9chec politique pour les sionistes, car la r\u00e9sistance est plus forte que jamais. C\u2019est pour cette raison que l\u2019Etat colonial passe \u00e0 une autre phase de sa politique g\u00e9nocidaire\u00a0: la liquidation par les bombardements a\u00e9riens de la r\u00e9sistance et de la population palestinienne. Mais apr\u00e8s chaque r\u00e9pression la r\u00e9sistance en sort encore plus forte. C\u2019est ce que les dirigeants criminels d\u2019Isra\u00ebl ne comprennent pas.<\/p>\n<p align=\"justify\">En revanche, ils ne comprennent que le langage de la force. En 2006, les isra\u00e9liens ont \u00e9t\u00e9 vaincus et humili\u00e9s par la r\u00e9sistance libanaise. C\u2019est la preuve encore une fois qu\u2019Isra\u00ebl ne peut plier que face \u00e0 une r\u00e9sistance forte, une r\u00e9sistance qui utilise le m\u00eame langage que lui.<\/p>\n<p align=\"justify\">La r\u00e9sistance palestinienne n\u2019a pas le choix, elle r\u00e9pondra \u00e0 la violence coloniale par la r\u00e9sistance sous toutes ses formes.<\/p>\n<p align=\"justify\">Mais face au crime sioniste, il faut mesurer toute la bassesse et la servilit\u00e9 des m\u00e9dias fran\u00e7ais qui r\u00e9p\u00e8tent les communiqu\u00e9s de l\u2019arm\u00e9e isra\u00e9lienne\u00a0: \u00ab\u00a0Isra\u00ebl r\u00e9pond aux roquettes du Hamas\u00a0\u00bb, \u00ab\u00a0le HAMAS a rompu la tr\u00eave\u00a0\u00bb, etc. Faut-il rappeler que l\u2019Etat isra\u00e9lien a massacr\u00e9 des dizaines de Palestiniens depuis le d\u00e9but de la tr\u00eave qui a commenc\u00e9 en juin 2008\u00a0?<\/p>\n<p align=\"justify\">Fallait-il laisser les escadrons de la mort isra\u00e9liens semer la terreur et massacrer des Palestiniens sans r\u00e9agir\u00a0? Quelle tr\u00eave aussi lorsqu\u2019un million et demi de Palestiniens de Gaza sont soumis \u00e0 un blocus les asphyxiant\u00a0? Quelle tr\u00eave alors que la colonisation se poursuit\u00a0?<\/p>\n<p align=\"justify\"><strong>La tactique sioniste est sans surprise\u00a0: mener des \u00ab\u00a0n\u00e9gociations de \u00a0paix\u00a0\u00bb ou signer des tr\u00eaves tout en continuant \u00e0 coloniser et \u00e0 exterminer. C\u2019est la politique du fait accompli \u00e0 laquelle la r\u00e9sistance palestinienne ne veut pas se soumettre\u00a0!<\/strong><\/p>\n<p align=\"justify\"><strong>Alors que dire de la r\u00e9action occidentale\u00a0? Hypocrite comme d\u2019habitude<\/strong>\u00a0! Une hypocrisie qui dissimule mal le soutien apport\u00e9 \u00e0 l\u2019entit\u00e9 sioniste\u00a0! Que dire alors du silence honteux des partis politiques fran\u00e7ais qui ont l\u2019indignation tr\u00e8s s\u00e9lective\u00a0!<\/p>\n<p align=\"justify\"><strong>Les Etats croupions arabes ne font pas mieux<\/strong>, ils condamnent verbalement mais soutiennent dans les faits l\u2019Etat isra\u00e9lien. Les dirigeants arabes ont depuis longtemps trahi la cause palestinienne, mais ils sont toujours fid\u00e8les \u00e0 leurs ma\u00eetres isra\u00e9liens et \u00e9tasuniens qui leurs offrent leur protection ou les ach\u00e8tent \u00e0 coup de milliards de dollars. Ils se donnent au plus offrant\u00a0! La palme revient au dictateur corrompu \u00e9gyptien qui, d\u2019apr\u00e8s certaines informations, a pr\u00e9par\u00e9 avec les dirigeants terroristes d\u2019Isra\u00ebl cette agression contre Gaza.<\/p>\n<div align=\"justify\">\n<p><strong>Mais plus pr\u00e8s de nous, il existe des formes de collaboration aussi condamnables. C\u2019est le cas d\u2019Alain Jupp\u00e9 qui poursuit le jumelage de la ville de Bordeaux avec la ville isra\u00e9lienne Ashdod.<\/strong>\u00a0Alain Jupp\u00e9 et son conseil municipal savent tr\u00e8s bien que cette ville a \u00e9t\u00e9 \u00e9lev\u00e9e sur la destruction de villages palestiniens et le massacre de leurs habitants. C\u2019est en toute conscience donc que la mairie de Bordeaux collabore avec un Etat \u00e9nocidaire. Le Comit\u00e9 Action Palestine fera tout le n\u00e9cessaire pour emp\u00eacher les actions men\u00e9s dans le cadre de ce jumelage, et invite d\u00e8s maintenant toutes les associations antisionistes et toute personne \u00e9prise de justice \u00e0 lutter ensemble pour d\u00e9noncer ce jumelage.<\/p>\n<\/div>\n<p align=\"justify\"><strong>Malgr\u00e9 les trahisons, la l\u00e2chet\u00e9 et la bassesse des Etats, des partis politiques et des intellectuels, le peuple palestinien saura faire face \u00e0 cette nouvelle et douloureuse \u00e9preuve. Il en sortira encore plus fort et nous montrera la voie du courage et de la dignit\u00e9, la voie de l\u2019\u00e9mancipation.<\/strong><\/p>\n<p align=\"justify\">Plus que jamais nous devons condamner le sionisme, id\u00e9ologie criminelle, raciste et colonialiste et soutenir la r\u00e9sistance et la lutte du peuple palestinien jusqu\u2019\u00e0 la victoire et la satisfaction des revendications l\u00e9gitimes\u00a0:<\/p>\n<p align=\"justify\"><strong>&#8211; la fin de l\u2019occupation et le droit \u00e0 l\u2019autod\u00e9termination<br \/>\n&#8211; la reconnaissance du droit inali\u00e9nable au retour de tous les r\u00e9fugi\u00e9s chez eux<br \/>\n&#8211; la lib\u00e9ration de tous les r\u00e9sistants emprisonn\u00e9s\u00a0<\/strong><\/p>\n<\/div>\n<\/td>\n<\/tr>\n<\/tbody>\n<\/table>\n","protected":false},"excerpt":{"rendered":"<p>le 29\/12\/2008 2:50:00\u00a0(895 lectures) &nbsp; Le Comit\u00e9 Action Palestine vous appelle \u00e0 un rassemblement pour d\u00e9noncer l\u2019odieux massacre et soutenir la r\u00e9sistance du peuple palestinien\u00a0: LE LUNDI 29 DECEMBRE A 18H00 DEVANT LA MAIRIE DE BORDEAUX. Le Comit\u00e9 Action Palestine a toujours d\u00e9fini l&rsquo;\u00e9tat isra\u00e9lien comme un \u00e9tat programm\u00e9 pour la destruction du peuple palestinien. [&hellip;]<\/p>\n","protected":false},"author":2,"featured_media":1175,"comment_status":"closed","ping_status":"closed","sticky":false,"template":"","format":"standard","meta":{"footnotes":""},"categories":[19,8],"tags":[],"class_list":["post-1034","post","type-post","status-publish","format-standard","has-post-thumbnail","hentry","category-actions","category-colonialisme-sioniste-actuel"],"views":2638,"_links":{"self":[{"href":"http:\/\/www.comiteactionpalestine.org\/word\/wp-json\/wp\/v2\/posts\/1034","targetHints":{"allow":["GET"]}}],"collection":[{"href":"http:\/\/www.comiteactionpalestine.org\/word\/wp-json\/wp\/v2\/posts"}],"about":[{"href":"http:\/\/www.comiteactionpalestine.org\/word\/wp-json\/wp\/v2\/types\/post"}],"author":[{"embeddable":true,"href":"http:\/\/www.comiteactionpalestine.org\/word\/wp-json\/wp\/v2\/users\/2"}],"replies":[{"embeddable":true,"href":"http:\/\/www.comiteactionpalestine.org\/word\/wp-json\/wp\/v2\/comments?post=1034"}],"version-history":[{"count":2,"href":"http:\/\/www.comiteactionpalestine.org\/word\/wp-json\/wp\/v2\/posts\/1034\/revisions"}],"predecessor-version":[{"id":1176,"href":"http:\/\/www.comiteactionpalestine.org\/word\/wp-json\/wp\/v2\/posts\/1034\/revisions\/1176"}],"wp:featuredmedia":[{"embeddable":true,"href":"http:\/\/www.comiteactionpalestine.org\/word\/wp-json\/wp\/v2\/media\/1175"}],"wp:attachment":[{"href":"http:\/\/www.comiteactionpalestine.org\/word\/wp-json\/wp\/v2\/media?parent=1034"}],"wp:term":[{"taxonomy":"category","embeddable":true,"href":"http:\/\/www.comiteactionpalestine.org\/word\/wp-json\/wp\/v2\/categories?post=1034"},{"taxonomy":"post_tag","embeddable":true,"href":"http:\/\/www.comiteactionpalestine.org\/word\/wp-json\/wp\/v2\/tags?post=1034"}],"curies":[{"name":"wp","href":"https:\/\/api.w.org\/{rel}","templated":true}]}}